{"id":10253,"date":"2025-02-12T21:24:17","date_gmt":"2025-02-12T21:24:17","guid":{"rendered":"https:\/\/ikimisli.tr\/?p=10253"},"modified":"2025-02-12T21:24:17","modified_gmt":"2025-02-12T21:24:17","slug":"chpli-gulcan-kis-mersinin-turizm-potansiyeli-akp-iktidarinin-ihmalleriyle-harcaniyor","status":"publish","type":"post","link":"https:\/\/ikimisli.tr\/index.php\/2025\/02\/12\/chpli-gulcan-kis-mersinin-turizm-potansiyeli-akp-iktidarinin-ihmalleriyle-harcaniyor\/","title":{"rendered":"CHP&#8217;li G\u00fclcan K\u0131\u015f: \u201cMersin\u2019in turizm potansiyeli, AKP iktidar\u0131n\u0131n ihmalleriyle harcan\u0131yor!\u201d"},"content":{"rendered":"<p>CHP\u2019li G\u00fclcan K\u0131\u015f, konu\u015fmas\u0131nda \u015fu s\u00f6zlere yer verdi:<\/p>\n<p>\u201cSe\u00e7im b\u00f6lgem Mersin\u2019de turizm a\u00e7\u0131s\u0131ndan b\u00fcy\u00fck k\u0131ymet ta\u015f\u0131yan alanlar y\u0131llard\u0131r baht\u0131na terk edilmi\u015f durumda. Silifke Ovac\u0131k, Silifke Karg\u0131c\u0131k, G\u00fclnar Ortaburun, Anamur Melle\u00e7, Tarsus Kazanl\u0131, Silifke Ta\u015fucu-Bo\u011fsak, Silifke Narl\u0131kuyu-Akyar ve Tarsus G\u00fclek-Karbo\u011faz\u0131 \u00fczere b\u00f6lgeler, kimileri 1980\u2019li y\u0131llarda turizm alan\u0131 ilan edilmi\u015f olmas\u0131na kar\u015f\u0131n, h\u00e2l\u00e2 turizme kazand\u0131r\u0131lmam\u0131\u015ft\u0131r. Bu ihmalk\u00e2rl\u0131k s\u0131rf Mersin\u2019e de\u011fil, \u00fclkemizin turizm kesimine de ziyan vermektedir.\u201d<\/p>\n<p><b><strong>\u201cMersin\u2019in k\u0131ymetleri g\u00f6z arkas\u0131 ediliyor\u201d<\/strong><\/b><\/p>\n<p>CHP Mersin Milletvekili G\u00fclcan K\u0131\u015f, bu alanlar\u0131n y\u0131llard\u0131r s\u0131rf k\u00e2\u011f\u0131t \u00fczerinde kalan projelerle oyaland\u0131\u011f\u0131n\u0131 s\u00f6z ederek \u015f\u00f6yle konu\u015ftu:<\/p>\n<p>\u201cYat\u0131r\u0131mlar\u0131n ba\u015flamamas\u0131, bu alanlar\u0131n turizmde hak etti\u011fi pahas\u0131 g\u00f6rememesi ve yat\u0131r\u0131mc\u0131ya tahsis edilmemesi, b\u00fcy\u00fck bir ekonomik ve toplumsal kay\u0131pt\u0131r. Mersin, tarih\u00ee ve do\u011fal zenginlikleriyle s\u0131rf T\u00fcrkiye\u2019nin de\u011fil, d\u00fcnyan\u0131n dikkatini \u00e7ekebilecek bir kent. Fakat bu potansiyel, AKP\u2019nin yanl\u0131\u015f siyasetleriyle g\u00f6z gerisi ediliyor. \u015eayet bu ihmalk\u00e2rl\u0131k devam ederse hem do\u011fal zenginliklerimiz yok olacak hem de Mersin halk\u0131n\u0131n hak etti\u011fi ekonomik f\u0131rsatlar ellerinden al\u0131nacakt\u0131r.\u201d<\/p>\n<p><b><strong>\u201cErtelenmi\u015f vaatlere kurban edilemeyecek kadar de\u011ferli\u201d<\/strong><\/b><\/p>\n<p>CHP\u2019li G\u00fclcan K\u0131\u015f, y\u0131llard\u0131r verilen vaatlerin yerine getirilmedi\u011fini hat\u0131rlatarak, Mersin halk\u0131n\u0131n art\u0131k beklemekten yoruldu\u011funu s\u00f6yledi:<\/p>\n<p>\u201cBu alanlar, ertelenmi\u015f vaatlere kurban edilemeyecek kadar pahal\u0131d\u0131r. Biz Mersinliler olarak oyalama de\u011fil, icraat istiyoruz. Kaynaklar sa\u011flanmal\u0131, projeler derh\u00e2l ba\u015flat\u0131lmal\u0131d\u0131r. Bu b\u00f6lgelerin turizme kazand\u0131r\u0131lmas\u0131, sadece Mersin i\u00e7in de\u011fil, \u00fclke iktisad\u0131 i\u00e7in de k\u0131ymetli bir ad\u0131md\u0131r.\u201d<\/p>\n<p><b><strong>\u201cTurizm, Mersin\u2019in gelece\u011fidir\u201d<\/strong><\/b><\/p>\n<p>Konu\u015fmas\u0131nda, turizmin s\u0131rf ekonomik de\u011fil, t\u0131pk\u0131 vakitte toplumsal kalk\u0131nma i\u00e7in de bir f\u0131rsat oldu\u011funa dikkat \u00e7eken CHP\u2019li G\u00fclcan K\u0131\u015f, \u201cDo\u011fal g\u00fczelliklerimiz, tarihimiz ve k\u00fclt\u00fcr\u00fcm\u00fcz, yanl\u0131\u015fs\u0131z bir planlama ile hem Mersin halk\u0131na hem de \u00fclke iktisad\u0131na b\u00fcy\u00fck katk\u0131lar sa\u011flayabilir. Lakin bunun i\u00e7in irade ve kararl\u0131l\u0131k gerekiyor. AKP h\u00fck\u00fcmeti bu alanlar\u0131 k\u00e2\u011f\u0131t \u00fczerindeki projeler olmaktan \u00e7\u0131kar\u0131p, bir an evvel uygulamaya ge\u00e7melidir\u201d diyerek h\u00fck\u00fcmete davette bulundu.<\/p>\n","protected":false},"excerpt":{"rendered":"<p>CHP Mersin Milletvekili G\u00fclcan K\u0131\u015f, TBMM Genel Kurulu\u2019nda yapt\u0131\u011f\u0131 konu\u015fmada, Mersin\u2019in y\u0131llard\u0131r turizme kazand\u0131r\u0131lamayan, ihmal edilen b\u00f6lgelerine dikkat \u00e7ekti. AKP iktidar\u0131n\u0131n Mersin\u2019in do\u011fal ve k\u00fclt\u00fcrel k\u0131ymetlerini g\u00f6rmezden geldi\u011fini s\u00f6yleyen CHP\u2019li G\u00fclcan K\u0131\u015f, Silifke, G\u00fclnar, Anamur ve Tarsus \u00fczere turizm a\u00e7\u0131s\u0131ndan b\u00fcy\u00fck potansiyele sahip b\u00f6lgelerdeki yat\u0131r\u0131ms\u0131zl\u0131k problemini g\u00fcndeme ta\u015f\u0131d\u0131.<\/p>\n","protected":false},"author":1,"featured_media":10254,"comment_status":"open","ping_status":"open","sticky":false,"template":"","format":"standard","meta":{"footnotes":""},"categories":[25],"tags":[111,1318,1989,2380],"class_list":["post-10253","post","type-post","status-publish","format-standard","has-post-thumbnail","hentry","category-gundem","tag-alanlar","tag-mersin","tag-turizm","tag-yalnizca"],"_links":{"self":[{"href":"https:\/\/ikimisli.tr\/index.php\/wp-json\/wp\/v2\/posts\/10253","targetHints":{"allow":["GET"]}}],"collection":[{"href":"https:\/\/ikimisli.tr\/index.php\/wp-json\/wp\/v2\/posts"}],"about":[{"href":"https:\/\/ikimisli.tr\/index.php\/wp-json\/wp\/v2\/types\/post"}],"author":[{"embeddable":true,"href":"https:\/\/ikimisli.tr\/index.php\/wp-json\/wp\/v2\/users\/1"}],"replies":[{"embeddable":true,"href":"https:\/\/ikimisli.tr\/index.php\/wp-json\/wp\/v2\/comments?post=10253"}],"version-history":[{"count":1,"href":"https:\/\/ikimisli.tr\/index.php\/wp-json\/wp\/v2\/posts\/10253\/revisions"}],"predecessor-version":[{"id":10255,"href":"https:\/\/ikimisli.tr\/index.php\/wp-json\/wp\/v2\/posts\/10253\/revisions\/10255"}],"wp:featuredmedia":[{"embeddable":true,"href":"https:\/\/ikimisli.tr\/index.php\/wp-json\/wp\/v2\/media\/10254"}],"wp:attachment":[{"href":"https:\/\/ikimisli.tr\/index.php\/wp-json\/wp\/v2\/media?parent=10253"}],"wp:term":[{"taxonomy":"category","embeddable":true,"href":"https:\/\/ikimisli.tr\/index.php\/wp-json\/wp\/v2\/categories?post=10253"},{"taxonomy":"post_tag","embeddable":true,"href":"https:\/\/ikimisli.tr\/index.php\/wp-json\/wp\/v2\/tags?post=10253"}],"curies":[{"name":"wp","href":"https:\/\/api.w.org\/{rel}","templated":true}]}}