{"id":10396,"date":"2025-02-13T07:12:24","date_gmt":"2025-02-13T07:12:24","guid":{"rendered":"https:\/\/ikimisli.tr\/?p=10396"},"modified":"2025-02-13T07:12:24","modified_gmt":"2025-02-13T07:12:24","slug":"los-angeles-yanginlarinin-en-fazla-yuzde-35i-kontrol-altina-alinabildi","status":"publish","type":"post","link":"https:\/\/ikimisli.tr\/index.php\/2025\/02\/13\/los-angeles-yanginlarinin-en-fazla-yuzde-35i-kontrol-altina-alinabildi\/","title":{"rendered":"Los Angeles yang\u0131nlar\u0131n\u0131n en fazla y\u00fczde 35&#8217;i kontrol alt\u0131na al\u0131nabildi"},"content":{"rendered":"<div>\n<div>\n<div>\n<div>\n<p>Los Angeles&#8217;ta bir haftad\u0131r s\u00fcren iki b\u00fcy\u00fck orman yang\u0131n\u0131na kar\u015f\u0131 itfaiyeciler Sal\u0131 g\u00fcn\u00fc yang\u0131n\u0131n b\u00fcy\u00fcmesini \u00f6nlerken, meyyit say\u0131s\u0131 25&#8217;e y\u00fckseldi.<\/p>\n<p>\u00c7\u00f6l r\u00fczgarlar\u0131 ve kurak topraklar nedeniyle \u015fartlar tehlikeli olmaya devam ederken, 8 bin 500 itfaiyeciden olu\u015fan grup yang\u0131nlar\u0131n yay\u0131lmas\u0131n\u0131 ikinci g\u00fcn \u00fcst \u00fcste durdurmay\u0131 ba\u015fard\u0131. Yang\u0131nlar, \u015fimdiye kadar Washington, D.C. b\u00fcy\u00fckl\u00fc\u011f\u00fcnde bir alan\u0131 yok etti.<\/p>\n<p>Palisades Yang\u0131n\u0131, kentin bat\u0131 kenar\u0131nda 23 bin 713 d\u00f6n\u00fcml\u00fck (96 kilometrekare) bir alan\u0131 k\u00fcl etti. Yang\u0131n\u0131n lakin y\u00fczde 18&#8217;i \u00a0kontrol alt\u0131na al\u0131nabildi.<\/p>\n<p>Do\u011fudaki Eaton Yang\u0131n\u0131 ise 14 bin 117 d\u00f6n\u00fcml\u00fck (57 kilometrekare) bir alanda yanmaya devam ederken, yang\u0131n\u0131n y\u00fczde 35&#8217;i denetim alt\u0131na al\u0131nd\u0131.<\/p>\n<p>\u00a0U\u00e7aklar su ve yang\u0131n geciktirici kimyasallar\u0131 yang\u0131n alanlar\u0131na b\u0131rak\u0131rken, itfaiye tak\u0131mlar\u0131 el aletleri ve hortumlarla 7 Ocak&#8217;ta ba\u015flayan yang\u0131nlara kar\u015f\u0131 aral\u0131ks\u0131z \u00e7al\u0131\u015f\u0131yor. Fakat kuvvetli r\u00fczgarlar, havadan m\u00fcdahaleleri vakit zaman aksat\u0131yor.<\/p>\n<p><img decoding=\"async\" src=\"https:\/\/ikimisli.tr\/wp-content\/uploads\/2025\/02\/los-angeles-yanginlarinin-en-fazla-yuzde-35i-kontrol-altina-alinabildi-0-4KDrpgCr.png\"\/><\/p>\n<p><b>K\u0130LOMETRE ALAN YOK OLDU<\/b><\/p>\n<p>Yang\u0131nlardan etkilenen b\u00f6lgelerdeki \u00e7ok kurakl\u0131k, Nisan ay\u0131ndan bu yana b\u00fcy\u00fck bir ya\u011f\u0131\u015f olmamas\u0131ndan kaynaklan\u0131yor. Santa Ana \u00e7\u00f6l r\u00fczgarlar\u0131 doruklar\u0131 a\u015farak, kanyonlardan ge\u00e7erken yang\u0131nlar\u0131 k\u00f6r\u00fckl\u00fcyor ve k\u0131v\u0131lc\u0131mlar\u0131 3 kilometre araya kadar ta\u015f\u0131yor.<\/p>\n<p>Ulusal Hava Durumu Servisi, r\u00fczgarlar\u0131n Sal\u0131 g\u00fcn\u00fc beklenenden daha zay\u0131f oldu\u011funu lakin \u00c7ar\u015famba sabah\u0131 saatte 112 kilometre surat\u0131nda tepe yapabilece\u011fini belirtti. K\u0131rm\u0131z\u0131 bayrak uyar\u0131s\u0131 y\u00fcr\u00fcrl\u00fckte kalmaya devam ediyor.<\/p>\n<p>Yang\u0131nlarda hayat\u0131n\u0131 kaybedenlerin say\u0131s\u0131 Sal\u0131 g\u00fcn\u00fc 25&#8217;e y\u00fckselirken, ziyan g\u00f6ren yahut yok olan yap\u0131lar\u0131n say\u0131s\u0131 12 bini ge\u00e7ti. Pacific Palisades \u00fczere sert bi\u00e7imde etkilenen mahallelerde kimi konutlar b\u00fcsb\u00fct\u00fcn yok oldu, sadece bacalar ayakta kald\u0131.<\/p>\n<p>Evlerinden tahliye edilenlerin say\u0131s\u0131 88 bini bulurken, 84 bin ki\u015fi daha tahliye uyar\u0131s\u0131 alt\u0131nda. Bu \u00f6l\u00e7ekte bir kitlesel yerinden edilme, Los Angeles tarihinde e\u015fi g\u00f6r\u00fclmemi\u015f bir durum olarak kay\u0131tlara ge\u00e7ti.<\/p>\n<p>\u00a0<\/p>\n<p><img decoding=\"async\" src=\"https:\/\/ikimisli.tr\/wp-content\/uploads\/2025\/02\/los-angeles-yanginlarinin-en-fazla-yuzde-35i-kontrol-altina-alinabildi-1-iSEMSdDt.png\"\/><\/p>\n<p><b>\u0130NSANLAR NE YAPACA\u011eINI B\u0130LEMEZ HALDE<\/b><\/p>\n<p>Yang\u0131nlarda meskenini kaybeden Altadena sakini John Adolph, can\u0131n\u0131 kurtard\u0131\u011f\u0131 i\u00e7in minnettar oldu\u011funu fakat gelecekte ne yapaca\u011f\u0131 konusunda belirsizli\u011fini lisana getirdi.<\/p>\n<p>\u201cPatlayan otomobiller, yanmakta olan d\u00fckkanlar ve alevden duvarlar ortas\u0131nda kurtar\u0131lacak bir \u015fey bulmay\u0131 umdum,\u201d diyen Adolph, o anlar\u0131 \u201captall\u0131kla \u00e7\u0131lg\u0131nl\u0131k aras\u0131nda\u201d bir tecr\u00fcbe olarak tan\u0131mlad\u0131.<\/p>\n<p>Los Angeles Belediye Ba\u015fkan\u0131 Karen Bass, yang\u0131n\u0131n yaratt\u0131\u011f\u0131 tahribat\u0131 havadan inceledikten sonra, \u201cTelevizyonda g\u00f6rmek bir \u015fey, havadan g\u00f6rmek \u00f6b\u00fcr bir \u015fey.<\/p>\n<p>Devasa y\u0131k\u0131m\u0131 sahiden anlamak i\u00e7in kendi g\u00f6zlerinizle g\u00f6rmeniz gerekiyor,\u201d dedi. Yang\u0131n b\u00f6lgesindeki arama kurtarma gruplar\u0131, Altadena&#8217;daki bir market otopark\u0131n\u0131 operasyon \u00fcss\u00fc olarak kullanarak mesken ev aramalar yapt\u0131 ve kalan yang\u0131nlar ile lityum iyon pil \u00fczere potansiyel tehlikeleri tespit etti.<\/p>\n<\/p><\/div>\n<\/p><\/div>\n<\/p><\/div>\n<\/p><\/div>\n","protected":false},"excerpt":{"rendered":"<p>Los Angeles&#8217;ta bir haftad\u0131r s\u00fcren orman yang\u0131nlar\u0131, 25 ki\u015finin vefat\u0131na ve 12 bin yap\u0131n\u0131n ziyan g\u00f6rmesine yol a\u00e7t\u0131. \u0130tfaiyeciler yang\u0131n\u0131n yay\u0131lmas\u0131n\u0131 \u00f6nlemeyi ba\u015farsa da, \u015fiddetli \u00e7\u00f6l r\u00fczgarlar\u0131 ve kurakl\u0131k yang\u0131n riskini art\u0131rmaya devam ediyor. 88 bin ki\u015fi tahliye edilirken, b\u00f6lgedeki tahribat\u0131n boyutu hava manzaralar\u0131yla g\u00f6zler \u00f6n\u00fcne serildi.<\/p>\n","protected":false},"author":1,"featured_media":10397,"comment_status":"open","ping_status":"open","sticky":false,"template":"","format":"standard","meta":{"footnotes":""},"categories":[43],"tags":[428,2421,64,2084],"class_list":["post-10396","post","type-post","status-publish","format-standard","has-post-thumbnail","hentry","category-dunya","tag-alan","tag-kilometre","tag-yangin","tag-yanginin"],"_links":{"self":[{"href":"https:\/\/ikimisli.tr\/index.php\/wp-json\/wp\/v2\/posts\/10396","targetHints":{"allow":["GET"]}}],"collection":[{"href":"https:\/\/ikimisli.tr\/index.php\/wp-json\/wp\/v2\/posts"}],"about":[{"href":"https:\/\/ikimisli.tr\/index.php\/wp-json\/wp\/v2\/types\/post"}],"author":[{"embeddable":true,"href":"https:\/\/ikimisli.tr\/index.php\/wp-json\/wp\/v2\/users\/1"}],"replies":[{"embeddable":true,"href":"https:\/\/ikimisli.tr\/index.php\/wp-json\/wp\/v2\/comments?post=10396"}],"version-history":[{"count":1,"href":"https:\/\/ikimisli.tr\/index.php\/wp-json\/wp\/v2\/posts\/10396\/revisions"}],"predecessor-version":[{"id":10400,"href":"https:\/\/ikimisli.tr\/index.php\/wp-json\/wp\/v2\/posts\/10396\/revisions\/10400"}],"wp:featuredmedia":[{"embeddable":true,"href":"https:\/\/ikimisli.tr\/index.php\/wp-json\/wp\/v2\/media\/10397"}],"wp:attachment":[{"href":"https:\/\/ikimisli.tr\/index.php\/wp-json\/wp\/v2\/media?parent=10396"}],"wp:term":[{"taxonomy":"category","embeddable":true,"href":"https:\/\/ikimisli.tr\/index.php\/wp-json\/wp\/v2\/categories?post=10396"},{"taxonomy":"post_tag","embeddable":true,"href":"https:\/\/ikimisli.tr\/index.php\/wp-json\/wp\/v2\/tags?post=10396"}],"curies":[{"name":"wp","href":"https:\/\/api.w.org\/{rel}","templated":true}]}}