{"id":10407,"date":"2025-02-13T07:48:08","date_gmt":"2025-02-13T07:48:08","guid":{"rendered":"https:\/\/ikimisli.tr\/?p=10407"},"modified":"2025-02-13T07:48:08","modified_gmt":"2025-02-13T07:48:08","slug":"gorevden-alinan-tunceli-belediyesi-es-baskaninin-ev-hapsi-kaldirildi","status":"publish","type":"post","link":"https:\/\/ikimisli.tr\/index.php\/2025\/02\/13\/gorevden-alinan-tunceli-belediyesi-es-baskaninin-ev-hapsi-kaldirildi\/","title":{"rendered":"G\u00f6revden al\u0131nan Tunceli Belediyesi E\u015f Ba\u015fkan\u0131&#8217;n\u0131n ev hapsi kald\u0131r\u0131ld\u0131"},"content":{"rendered":"<p>Tunceli Belediye Ba\u015fkan\u0131 Cevdet Konak ve Ovac\u0131k Belediye Lideri Mustafa Sar\u0131g\u00fcl&#8217;\u00fcn &#8216;Ter\u00f6r \u00f6rg\u00fct\u00fcne \u00fcye olmak&#8217; kabahatinden 6 y\u0131l 3 ay mahpus cezas\u0131 almalar\u0131n\u0131n akabinde \u0130\u00e7i\u015fleri Bakanl\u0131\u011f\u0131&#8217;nca s\u00fcreksiz g\u00f6revlendirme yap\u0131ld\u0131. \u0130\u00e7i\u015fleri Bakanl\u0131\u011f\u0131&#8217;n\u0131n g\u00f6revlendirmesine ra\u011fmen kentte d\u00fczenlenen protestolara kat\u0131larak a\u00e7\u0131klama yapan Tunceli Belediyesi E\u015f Ba\u015fkan\u0131 Birsen Orhan, 23 Kas\u0131m&#8217;da g\u00f6zalt\u0131na al\u0131nd\u0131. Emniyette s\u00f6z vermeyen ve s\u0131hhat denetiminin akabinde savc\u0131l\u0131\u011fa sevk edilen Orhan, 24 Kas\u0131m&#8217;da \u00e7\u0131kar\u0131ld\u0131\u011f\u0131 mahkemede &#8216;Halk\u0131 hata i\u015flemeye alenen tahrik&#8217; hatas\u0131ndan yurt d\u0131\u015f\u0131 yasa\u011f\u0131 konularak konut hapsine \u00e7arpt\u0131r\u0131ld\u0131.<\/p>\n<p>Pertek il\u00e7esinde mesken mahpusunda olan Orhan, akabinde 30 Kas\u0131m g\u00fcn\u00fc &#8216;2911 say\u0131l\u0131 yasaya muhalefet ve misyonu yapt\u0131rmamak i\u00e7in direnme&#8217; c\u00fcrm\u00fcnden s\u00f6z\u00fcn\u00fcn al\u0131nmas\u0131 i\u00e7in Tunceli Adliyesi&#8217;ne g\u00f6t\u00fcr\u00fcld\u00fc. Orhan, \u00e7\u0131kar\u0131ld\u0131\u011f\u0131 mahkemede &#8216;2911 say\u0131l\u0131 yasaya muhalefet&#8217; ve &#8216;G\u00f6revi yapt\u0131rmamak i\u00e7in direnme&#8217; c\u00fcrm\u00fcnden tutuklanarak cezaevine g\u00f6nderildi. Avukatlar\u0131n\u0131n yapt\u0131\u011f\u0131 itiraz\u0131n akabinde Orhan, 3 Aral\u0131k\u2019ta tahliye edildi.<\/p>\n<p><b>DURU\u015eMA ERTELEND\u0130, KONUT MAHPUSU KARARI KALDIRILDI<\/b><\/p>\n<p>Birsen Orhan hakk\u0131nda a\u00e7\u0131lan dava, bug\u00fcn Tunceli Asliye Mahkemesi\u2019nde g\u00f6r\u00fcld\u00fc. Birsen Orhan ve avukatlar\u0131 salonda haz\u0131r bulunurken, yerine g\u00f6revlendirme yap\u0131lan Cevdet Konak, siyasi parti temsilcileri ve \u00e7ok say\u0131da vatanda\u015f da mahkemeye dinleyici olarak kat\u0131ld\u0131. Birsen Orhan, yapt\u0131\u011f\u0131 savunmada \u00fczerine at\u0131l\u0131 su\u00e7lamalar\u0131 kabul etmedi. Avukatlar\u0131 da savunmalar\u0131n\u0131 tamamlad\u0131ktan sonra tahliye talebinde bulundu. Savunma ve taleplerin akabinde mahkeme heyeti, Birsen Orhan\u2019\u0131n konut mahpusu ve yurt d\u0131\u015f\u0131 yasa\u011f\u0131n\u0131n kald\u0131r\u0131lmas\u0131na karar vererek duru\u015fmay\u0131 7 \u015eubat\u2019a erteledi.<\/p>\n<p>Karar\u0131n akabinde adliye \u00f6n\u00fcnde konu\u015fan Orhan, bu s\u00fcre\u00e7te kendisine takviye olan herkese te\u015fekk\u00fcr etti<\/p>\n","protected":false},"excerpt":{"rendered":"<p>Tunceli Belediyesi&#8217;ne yap\u0131lan g\u00f6revlendirmenin akabinde &#8216;Halk\u0131 c\u00fcr\u00fcm i\u015flemeye alenen tahrik&#8217; c\u00fcrm\u00fcnden g\u00f6zalt\u0131na al\u0131n\u0131p mesken mahpusu verilen DEM Parti&#8217;li Meclis \u00dcyesi ve eski E\u015f Lider Birsen Orhan\u2019\u0131n yarg\u0131land\u0131\u011f\u0131 davada mahkeme, san\u0131\u011f\u0131n konut mahpusu ve yurt d\u0131\u015f\u0131 yasa\u011f\u0131n\u0131n kald\u0131r\u0131lmas\u0131na karar verdi.<\/p>\n","protected":false},"author":1,"featured_media":10408,"comment_status":"open","ping_status":"open","sticky":false,"template":"","format":"standard","meta":{"footnotes":""},"categories":[25],"tags":[2423,151,2422,97],"class_list":["post-10407","post","type-post","status-publish","format-standard","has-post-thumbnail","hentry","category-gundem","tag-birsen-orhan","tag-mahkeme","tag-orhan","tag-suc"],"_links":{"self":[{"href":"https:\/\/ikimisli.tr\/index.php\/wp-json\/wp\/v2\/posts\/10407","targetHints":{"allow":["GET"]}}],"collection":[{"href":"https:\/\/ikimisli.tr\/index.php\/wp-json\/wp\/v2\/posts"}],"about":[{"href":"https:\/\/ikimisli.tr\/index.php\/wp-json\/wp\/v2\/types\/post"}],"author":[{"embeddable":true,"href":"https:\/\/ikimisli.tr\/index.php\/wp-json\/wp\/v2\/users\/1"}],"replies":[{"embeddable":true,"href":"https:\/\/ikimisli.tr\/index.php\/wp-json\/wp\/v2\/comments?post=10407"}],"version-history":[{"count":1,"href":"https:\/\/ikimisli.tr\/index.php\/wp-json\/wp\/v2\/posts\/10407\/revisions"}],"predecessor-version":[{"id":10409,"href":"https:\/\/ikimisli.tr\/index.php\/wp-json\/wp\/v2\/posts\/10407\/revisions\/10409"}],"wp:featuredmedia":[{"embeddable":true,"href":"https:\/\/ikimisli.tr\/index.php\/wp-json\/wp\/v2\/media\/10408"}],"wp:attachment":[{"href":"https:\/\/ikimisli.tr\/index.php\/wp-json\/wp\/v2\/media?parent=10407"}],"wp:term":[{"taxonomy":"category","embeddable":true,"href":"https:\/\/ikimisli.tr\/index.php\/wp-json\/wp\/v2\/categories?post=10407"},{"taxonomy":"post_tag","embeddable":true,"href":"https:\/\/ikimisli.tr\/index.php\/wp-json\/wp\/v2\/tags?post=10407"}],"curies":[{"name":"wp","href":"https:\/\/api.w.org\/{rel}","templated":true}]}}