{"id":10413,"date":"2025-02-13T08:48:09","date_gmt":"2025-02-13T08:48:09","guid":{"rendered":"https:\/\/ikimisli.tr\/?p=10413"},"modified":"2025-02-13T08:48:09","modified_gmt":"2025-02-13T08:48:09","slug":"burak-yilmaza-adam-misin-demisti-yillar-sonra-karsi-karsiya","status":"publish","type":"post","link":"https:\/\/ikimisli.tr\/index.php\/2025\/02\/13\/burak-yilmaza-adam-misin-demisti-yillar-sonra-karsi-karsiya\/","title":{"rendered":"Burak Y\u0131lmaz&#8217;a &#8216;Adam m\u0131s\u0131n&#8217; demi\u015fti! Y\u0131llar sonra kar\u015f\u0131 kar\u015f\u0131ya"},"content":{"rendered":"<p>Trabzonspor&#8217;un eski golc\u00fcs\u00fc Burak Y\u0131lmaz, bug\u00fcn Trabzon B\u00fcy\u00fck\u015fehir Belediyesi taraf\u0131ndan d\u00fczenlenen bir konferansta futbolseverlerle bir ortaya geldi. Konferans s\u0131ras\u0131nda Burak Y\u0131lmaz, futbol mesle\u011fine dair an\u0131lar\u0131n\u0131 payla\u015ft\u0131 ve gen\u00e7lerle tecr\u00fcbelerini aktard\u0131.<\/p>\n<p>Salonda en dikkat \u00e7eken an ise y\u0131llar evvel ya\u015fanan bir diyalo\u011fun tatl\u0131ya ba\u011flanmas\u0131 oldu. Burak Y\u0131lmaz&#8217;\u0131n Be\u015fikta\u015f&#8217;ta yard\u0131mc\u0131 antren\u00f6r olarak vazife yapt\u0131\u011f\u0131 devirde \u015fok bir reaksiyon ile kar\u015f\u0131lanm\u0131\u015f ve bir taraftar gen\u00e7 antren\u00f6re &#8216;Adam m\u0131s\u0131n Burak!&#8217; diye ba\u011f\u0131rm\u0131\u015ft\u0131.<\/p>\n<p>Bu kelama epey sonlanan ve kar\u015f\u0131l\u0131k veren Burak Y\u0131lmaz&#8217;\u0131n kul\u00fcbedeki o anlar\u0131 uzun y\u0131llar konu\u015fulmu\u015ftu. \u00a0<\/p>\n<p><b>YILMAZ&#8217;DAN \u00d6Z\u00dcR D\u0130LED\u0130<\/b><\/p>\n<p>Aradan ge\u00e7en uzun m\u00fcddet sonras\u0131 Trabzon&#8217;daki konferansa kat\u0131lan Burak Y\u0131lmaz&#8217;a, &#8220;Sen adam m\u0131s\u0131n Burak&#8221; diye reaksiyon g\u00f6steren taraftar \u00f6z\u00fcr diledi. Ba\u011f\u0131ran ki\u015finin kendisi oldu\u011funu s\u00f6yleyen o tarafla birinci defa kar\u015f\u0131 kar\u015f\u0131ya gelen Burak Y\u0131lmaz da &#8220;Can\u0131n sa\u011f olsun. Hakk\u0131m sana helaldir&#8221; bi\u00e7iminde kar\u015f\u0131l\u0131k verdi.<\/p>\n","protected":false},"excerpt":{"rendered":"<p>Trabzonspor&#8217;un eski futbolcusu Burak Y\u0131lmaz  bordo mavili taraftarlarla bir ortaya geldi. Ge\u00e7mi\u015f y\u0131llarda Burak Y\u0131lmaz&#8217;\u0131 &#8216;Adam m\u0131s\u0131n&#8217; diye protesto eden bir gen\u00e7 Y\u0131lmaz&#8217;dan \u00f6z\u00fcr diledi.<\/p>\n","protected":false},"author":1,"featured_media":10414,"comment_status":"open","ping_status":"open","sticky":false,"template":"","format":"standard","meta":{"footnotes":""},"categories":[30],"tags":[2424],"class_list":["post-10413","post","type-post","status-publish","format-standard","has-post-thumbnail","hentry","category-spor","tag-burak-yilmaz"],"_links":{"self":[{"href":"https:\/\/ikimisli.tr\/index.php\/wp-json\/wp\/v2\/posts\/10413","targetHints":{"allow":["GET"]}}],"collection":[{"href":"https:\/\/ikimisli.tr\/index.php\/wp-json\/wp\/v2\/posts"}],"about":[{"href":"https:\/\/ikimisli.tr\/index.php\/wp-json\/wp\/v2\/types\/post"}],"author":[{"embeddable":true,"href":"https:\/\/ikimisli.tr\/index.php\/wp-json\/wp\/v2\/users\/1"}],"replies":[{"embeddable":true,"href":"https:\/\/ikimisli.tr\/index.php\/wp-json\/wp\/v2\/comments?post=10413"}],"version-history":[{"count":1,"href":"https:\/\/ikimisli.tr\/index.php\/wp-json\/wp\/v2\/posts\/10413\/revisions"}],"predecessor-version":[{"id":10415,"href":"https:\/\/ikimisli.tr\/index.php\/wp-json\/wp\/v2\/posts\/10413\/revisions\/10415"}],"wp:featuredmedia":[{"embeddable":true,"href":"https:\/\/ikimisli.tr\/index.php\/wp-json\/wp\/v2\/media\/10414"}],"wp:attachment":[{"href":"https:\/\/ikimisli.tr\/index.php\/wp-json\/wp\/v2\/media?parent=10413"}],"wp:term":[{"taxonomy":"category","embeddable":true,"href":"https:\/\/ikimisli.tr\/index.php\/wp-json\/wp\/v2\/categories?post=10413"},{"taxonomy":"post_tag","embeddable":true,"href":"https:\/\/ikimisli.tr\/index.php\/wp-json\/wp\/v2\/tags?post=10413"}],"curies":[{"name":"wp","href":"https:\/\/api.w.org\/{rel}","templated":true}]}}