{"id":10485,"date":"2025-02-13T14:00:08","date_gmt":"2025-02-13T14:00:08","guid":{"rendered":"https:\/\/ikimisli.tr\/?p=10485"},"modified":"2025-02-13T14:00:08","modified_gmt":"2025-02-13T14:00:08","slug":"bayern-18-yasindaki-genc-yetenegi-kadrosuna-katti-bir-ruya-gerceklesti","status":"publish","type":"post","link":"https:\/\/ikimisli.tr\/index.php\/2025\/02\/13\/bayern-18-yasindaki-genc-yetenegi-kadrosuna-katti-bir-ruya-gerceklesti\/","title":{"rendered":"Bayern 18 ya\u015f\u0131ndaki gen\u00e7 yetene\u011fi kadrosuna katt\u0131: &#8216;Bir r\u00fcya ger\u00e7ekle\u015fti&#8217;"},"content":{"rendered":"<p>Bayern M\u00fcnih kul\u00fcb\u00fcnden \u00c7ar\u015famba g\u00fcn\u00fc yap\u0131lan a\u00e7\u0131klamada, Darboe\u2019nin transferinin ger\u00e7ekle\u015fti\u011fi do\u011fruland\u0131. Gen\u00e7 oyuncu, transferle ilgili memnunlu\u011funu \u015fu s\u00f6zlerle ifade etti: &#8220;Benim i\u00e7in b\u00fcy\u00fck bir hayal ger\u00e7ekle\u015fti. Yolumun beni buraya getirmesi inan\u0131lmaz. Bu b\u00fcy\u00fck kul\u00fcb\u00fcn formas\u0131n\u0131 giymek her vakit en b\u00fcy\u00fck isteklerimden biriydi. Art\u0131k bunun ger\u00e7ekle\u015fmi\u015f olmas\u0131 bana b\u00fcy\u00fck bir gurur veriyor.&#8221;<\/p>\n<p><b>&#8216;BA\u015eLAMAK \u0130\u00c7\u0130N HAZIR H\u0130SSED\u0130YORUM&#8217;<\/b><\/p>\n<p>Bajung Darboe, Bayern M\u00fcnih\u2019teki yeni hayat\u0131na ahenk sa\u011flama s\u00fcrecinde oldu\u011funu da belirtti. &#8220;H\u00e2l\u00e2 jet lag ile gayret ediyorum, fakat bunun d\u0131\u015f\u0131nda kendimi \u00e2l\u00e2 ve ba\u015flamak i\u00e7in haz\u0131r hissediyorum&#8221; diyen gen\u00e7 yetenek, alanda uzunluk g\u00f6stermek i\u00e7in sab\u0131rs\u0131zland\u0131\u011f\u0131n\u0131 lisana getirdi.<\/p>\n<p>Gambia do\u011fumlu olan Bajung Darboe, ABD U17 ulusal ekibinde iki defa forma giydi. Kul\u00fcp mesle\u011finde ise LAFC ve Philadelphia Union\u2019un rezerv ekiplerinde oynad\u0131. \u015eimdi gen\u00e7 ya\u015f\u0131na kar\u015f\u0131n g\u00f6sterdi\u011fi performans, Bayern M\u00fcnih \u00fczere d\u00fcnya devlerinin dikkatini \u00e7ekmeyi ba\u015fard\u0131.<\/p>\n<p><b>\u0130K\u0130 KUL\u00dcP ORTASINDA \u0130\u015eB\u0130RL\u0130\u011e\u0130<\/b><\/p>\n<p>Bu transfer, Bayern M\u00fcnih ve LAFC ortas\u0131ndaki g\u00fc\u00e7l\u00fc i\u015ftirak sayesinde ger\u00e7ekle\u015fti. Red&#038;Gold ismi alt\u0131nda gen\u00e7 oyuncu geli\u015fimine odaklanan bu i\u015f birli\u011fi, iki kul\u00fcp ortas\u0131ndaki ba\u011flar\u0131 daha da g\u00fc\u00e7lendirdi.<\/p>\n<p>Darboe\u2019nin Bayern M\u00fcnih formas\u0131n\u0131 giyecek olmas\u0131, hem oyuncu hem de kul\u00fcp i\u00e7in b\u00fcy\u00fck bir f\u0131rsat olarak bedellendiriliyor. Almanya\u2019n\u0131n en itibarl\u0131 kul\u00fcplerinden birinde mesle\u011fine devam edecek olan gen\u00e7 oyuncunun gelece\u011fi merakla bekleniyor.<\/p>\n<p>ABD futbolunun yeni y\u0131ld\u0131z adaylar\u0131ndan biri olarak g\u00f6r\u00fclen Darboe\u2019nin, Bayern M\u00fcnih\u2019in altyap\u0131s\u0131ndan A gruba y\u00fckselip y\u00fckselmeyece\u011fi ise \u00f6n\u00fcm\u00fczdeki periyotta yak\u0131ndan takip edilecek.<\/p>\n<div>\n<p>https:\/\/twitter.com\/fcbayerncampus\/status\/1879455985992900990<\/p>\n<\/p><\/div>\n<p>\u00a0<\/p>\n","protected":false},"excerpt":{"rendered":"<p>Almanya\u2019n\u0131n k\u00f6kl\u00fc kul\u00fcb\u00fc Bayern M\u00fcnih, ABD\u2019li ofansif orta saha oyuncusu Bajung Darboe\u2019yi transfer etti\u011fini a\u00e7\u0131klad\u0131. \u015eimdi 18 ya\u015f\u0131nda olan Darboe, MLS gruplar\u0131ndan Los Angeles FC\u2019den (LAFC) transfer edildi. Gen\u00e7 oyuncu, Bayern M\u00fcnih ile &#8220;uzun vadeli bir s\u00f6zle\u015fme&#8221; imzalayarak birinci etapta kul\u00fcb\u00fcn altyap\u0131 kadrosuna kat\u0131lacak.<\/p>\n","protected":false},"author":1,"featured_media":10486,"comment_status":"open","ping_status":"open","sticky":false,"template":"","format":"standard","meta":{"footnotes":""},"categories":[30],"tags":[2435,1424,1774],"class_list":["post-10485","post","type-post","status-publish","format-standard","has-post-thumbnail","hentry","category-spor","tag-bayern-munih","tag-genc","tag-kulup"],"_links":{"self":[{"href":"https:\/\/ikimisli.tr\/index.php\/wp-json\/wp\/v2\/posts\/10485","targetHints":{"allow":["GET"]}}],"collection":[{"href":"https:\/\/ikimisli.tr\/index.php\/wp-json\/wp\/v2\/posts"}],"about":[{"href":"https:\/\/ikimisli.tr\/index.php\/wp-json\/wp\/v2\/types\/post"}],"author":[{"embeddable":true,"href":"https:\/\/ikimisli.tr\/index.php\/wp-json\/wp\/v2\/users\/1"}],"replies":[{"embeddable":true,"href":"https:\/\/ikimisli.tr\/index.php\/wp-json\/wp\/v2\/comments?post=10485"}],"version-history":[{"count":1,"href":"https:\/\/ikimisli.tr\/index.php\/wp-json\/wp\/v2\/posts\/10485\/revisions"}],"predecessor-version":[{"id":10487,"href":"https:\/\/ikimisli.tr\/index.php\/wp-json\/wp\/v2\/posts\/10485\/revisions\/10487"}],"wp:featuredmedia":[{"embeddable":true,"href":"https:\/\/ikimisli.tr\/index.php\/wp-json\/wp\/v2\/media\/10486"}],"wp:attachment":[{"href":"https:\/\/ikimisli.tr\/index.php\/wp-json\/wp\/v2\/media?parent=10485"}],"wp:term":[{"taxonomy":"category","embeddable":true,"href":"https:\/\/ikimisli.tr\/index.php\/wp-json\/wp\/v2\/categories?post=10485"},{"taxonomy":"post_tag","embeddable":true,"href":"https:\/\/ikimisli.tr\/index.php\/wp-json\/wp\/v2\/tags?post=10485"}],"curies":[{"name":"wp","href":"https:\/\/api.w.org\/{rel}","templated":true}]}}