{"id":10574,"date":"2025-02-13T20:12:08","date_gmt":"2025-02-13T20:12:08","guid":{"rendered":"https:\/\/ikimisli.tr\/?p=10574"},"modified":"2025-02-13T20:12:08","modified_gmt":"2025-02-13T20:12:08","slug":"konyasporda-korkmaz-guven-tazeledi","status":"publish","type":"post","link":"https:\/\/ikimisli.tr\/index.php\/2025\/02\/13\/konyasporda-korkmaz-guven-tazeledi\/","title":{"rendered":"Konyaspor&#8217;da Korkmaz g\u00fcven tazeledi"},"content":{"rendered":"<p>Konyaspor Kul\u00fcb\u00fcn\u00fcn inan\u0131lmaz genel heyetinde mevcut lider \u00d6mer Korkmaz yine ba\u015fkanl\u0131\u011fa se\u00e7ildi.<\/p>\n<p>Kentteki bir otelde ger\u00e7ekle\u015ftirilen genel \u015furada, ge\u00e7mi\u015f periyoda ili\u015fkin faaliyet raporlar\u0131 okunarak onayland\u0131. Se\u00e7ime tek aday olarak giren \u00d6mer Korkmaz, oy birli\u011fiyle tekrar ba\u015fkanl\u0131k vazifesine getirildi.<\/p>\n<p><b>MAA\u015e \u00d6DENMEDEN TRANSFER YOK<\/b><\/p>\n<p>Genel konseyde konu\u015fma yapan Korkmaz, vazifeye geldikleri g\u00fcnden beri kul\u00fcb\u00fc ileri g\u00f6t\u00fcrmek i\u00e7in var g\u00fc\u00e7leriyle \u00e7al\u0131\u015ft\u0131klar\u0131n\u0131 s\u00f6yledi. Delegelerden gelen transfere ait soruya Korkmaz, oyuncular\u0131n maa\u015f\u0131 \u00f6denmeden transfer yapmayacaklar\u0131n\u0131 aktard\u0131.<\/p>\n<p>Konyaspor&#8217;da ikinci devrine ba\u015flayacak Korkmaz&#8217;\u0131n y\u00f6netim kurulu listesinde \u015fu isimler bulunuyor:<\/p>\n<p>Adem Bulut, Muhammet Ali Atasever, Ahmet Ayan, Osman Baharo\u011flu, Mustafa Ba\u015foda, Ali Asker Aksu, Hakan Balc\u0131, Lider \u00c7\u0131nar, Ferdi Kabak\u00e7\u0131, Yunus K\u0131ra\u00e7, Mustafa Damkac\u0131, Mustafa Dutar, Mehmet Ery\u0131lmaz, Mehmet Ali G\u00f6rg\u00fcl\u00fc, Mahmut Ho\u015f, Halil \u0130brahim \u0130ncer, Nuri Kaymak, Hamdi Parmak, Ali T\u0131nk\u0131r, Osman \u00d6zt\u00fcrk ve Alper Sungur<\/p>\n<p>\u00a0<\/p>\n","protected":false},"excerpt":{"rendered":"<p>Konyaspor Kul\u00fcb\u00fcnde \u00d6mer Korkmaz tekrar lider se\u00e7ildi.<\/p>\n","protected":false},"author":1,"featured_media":10575,"comment_status":"open","ping_status":"open","sticky":false,"template":"","format":"standard","meta":{"footnotes":""},"categories":[30],"tags":[2250],"class_list":["post-10574","post","type-post","status-publish","format-standard","has-post-thumbnail","hentry","category-spor","tag-korkmaz"],"_links":{"self":[{"href":"https:\/\/ikimisli.tr\/index.php\/wp-json\/wp\/v2\/posts\/10574","targetHints":{"allow":["GET"]}}],"collection":[{"href":"https:\/\/ikimisli.tr\/index.php\/wp-json\/wp\/v2\/posts"}],"about":[{"href":"https:\/\/ikimisli.tr\/index.php\/wp-json\/wp\/v2\/types\/post"}],"author":[{"embeddable":true,"href":"https:\/\/ikimisli.tr\/index.php\/wp-json\/wp\/v2\/users\/1"}],"replies":[{"embeddable":true,"href":"https:\/\/ikimisli.tr\/index.php\/wp-json\/wp\/v2\/comments?post=10574"}],"version-history":[{"count":1,"href":"https:\/\/ikimisli.tr\/index.php\/wp-json\/wp\/v2\/posts\/10574\/revisions"}],"predecessor-version":[{"id":10576,"href":"https:\/\/ikimisli.tr\/index.php\/wp-json\/wp\/v2\/posts\/10574\/revisions\/10576"}],"wp:featuredmedia":[{"embeddable":true,"href":"https:\/\/ikimisli.tr\/index.php\/wp-json\/wp\/v2\/media\/10575"}],"wp:attachment":[{"href":"https:\/\/ikimisli.tr\/index.php\/wp-json\/wp\/v2\/media?parent=10574"}],"wp:term":[{"taxonomy":"category","embeddable":true,"href":"https:\/\/ikimisli.tr\/index.php\/wp-json\/wp\/v2\/categories?post=10574"},{"taxonomy":"post_tag","embeddable":true,"href":"https:\/\/ikimisli.tr\/index.php\/wp-json\/wp\/v2\/tags?post=10574"}],"curies":[{"name":"wp","href":"https:\/\/api.w.org\/{rel}","templated":true}]}}