{"id":10684,"date":"2025-02-14T03:48:07","date_gmt":"2025-02-14T03:48:07","guid":{"rendered":"https:\/\/ikimisli.tr\/?p=10684"},"modified":"2025-02-14T03:48:07","modified_gmt":"2025-02-14T03:48:07","slug":"guldurdum-gidiyorum-dusunun-gelecegim","status":"publish","type":"post","link":"https:\/\/ikimisli.tr\/index.php\/2025\/02\/14\/guldurdum-gidiyorum-dusunun-gelecegim\/","title":{"rendered":"G\u00fcld\u00fcrd\u00fcm gidiyorum d\u00fc\u015f\u00fcn\u00fcn gelece\u011fim"},"content":{"rendered":"<p>O, T\u00fcrk Tiyatrosu\u2019nun duayenlerinden biriydi&#8230;<\/p>\n<p>Oyunlar\u0131yla, sinemalar\u0131yla ve kitaplar\u0131yla toplumu ayd\u0131nlatt\u0131. G\u00fcld\u00fcr\u00fcrken, d\u00fc\u015f\u00fcnd\u00fcrd\u00fc. Kurdu\u011fu Ortaoyuncular toplulu\u011fuyla ses getiren oyunlara imza atarken, yeni tiyatro sanatkarlar\u0131n\u0131n yeti\u015ftirilmesine de katk\u0131da bulundu.\u00a0<\/p>\n<p>M\u00fcnir \u00d6zkul\u2019dan devral\u0131p, Rasim \u00d6ztekin\u2019e devretti\u011fi Kel Hasan Efendi\u2019den bug\u00fcne gelen Ortaoyuncular\u0131 Kavu\u011fu\u2019nun hakk\u0131n\u0131 ziyadesiyle verdi\u2026\u00a0<\/p>\n<p>2400 defa sahneye \u00e7\u0131kt\u0131\u011f\u0131 \u2018\u2019Ferhangi \u015eeyler\u2019\u2019 \u00fczere unutulmaz yap\u0131tlara imza att\u0131.<\/p>\n<p>Ses Tiyatrosu\u2019nu ya\u015fatmak i\u00e7in b\u00fcy\u00fck bir u\u011fra\u015f verdi ve bunu da ba\u015fard\u0131\u2026 2021 y\u0131l\u0131nda ortam\u0131zdan ayr\u0131lan Ferhan \u015eensoy\u2019un i\u015fte bu sanata adanm\u0131\u015f hayat\u0131 belgesele husus oldu\u2026<\/p>\n<p><img decoding=\"async\" src=\"https:\/\/ikimisli.tr\/wp-content\/uploads\/2025\/02\/guldurdum-gidiyorum-dusunun-gelecegim-0-pHHDglpd.jpg\"\/><\/p>\n<p><b><span>\u0130LHAM VER\u0130C\u0130 H\u0130KAYE<\/span><\/b><\/p>\n<p>T\u00fcrk tiyatro tarihinin yap\u0131 ta\u015flar\u0131n\u0131 olu\u015fturan pahal\u0131 sanatkarlar\u0131n ilham verici k\u0131ssalar\u0131n\u0131 kay\u0131t alt\u0131na alan ENKA Sanat, gelecek jenerasyonlara aktarmak hedefiyle \u00fcretim sponsorlu\u011funu \u00fcstlendi\u011fi belgesel serisine Ferhan \u015eensoy ile devam ediyor.<\/p>\n<p>Belgeselin yap\u0131mc\u0131l\u0131\u011f\u0131n\u0131 Porte Sinema, direkt\u00f6rl\u00fc\u011f\u00fcn\u00fc ise Sel\u00e7uk Metin \u00fcstleniyor.\u00a0<\/p>\n<p>Senaryosunu Zeynep Mira\u00e7\u2019\u0131n kaleme ald\u0131\u011f\u0131 belgeselin pr\u00f6miyeri, eyl\u00fcl ay\u0131nda ENKA A\u00e7\u0131khava Tiyatrosu\u2019nda ger\u00e7ekle\u015ftirilecek.<\/p>\n<p>ENKA Sanat Y\u00f6neticisi G\u00fcl Mimaro\u011flu, sanat hayat\u0131 boyunca mizah\u0131 ve ele\u015ftiriyi birle\u015ftirerek toplumsal s\u0131k\u0131nt\u0131lar\u0131 sahneye, kitaplar\u0131na ve ekranlara ta\u015f\u0131yan \u00a0\u015eensoy\u2019un, t\u00fcretti\u011fi s\u00f6z ve kendine has tabirleriyle hem sanat d\u00fcnyas\u0131nda hem de izleyicilerin zihinlerinde ve kalplerinde \u00e7ok farkl\u0131 bir yer edindi\u011fini lisana getirdi.\u00a0<\/p>\n<p><b><span>KALICI TES\u0130R BIRAKTI<\/span><\/b><\/p>\n<p>Mimaro\u011flu, belgeselin t\u00fcm bu s\u00fcreci mercek alt\u0131na alaca\u011f\u0131n\u0131 belirterek, \u015funlar\u0131 s\u00f6yledi: \u201cO, kl\u00e2sik tiyatroyu \u00e7a\u011fda\u015f bir bak\u0131\u015f a\u00e7\u0131s\u0131yla harmanlad\u0131. Toplumsal problemleri i\u00e7eren \u00e7al\u0131\u015fmalar\u0131yla devrin toplumsal ve k\u00fclt\u00fcrel dinamiklerine ayna tuttu. \u00d6zg\u00fcn mizah anlay\u0131\u015f\u0131 ve y\u00fcrekli yorumlar\u0131yla geni\u015f kitlelere hitap etti.\u00a0<\/p>\n<p>Tiyatro onun i\u00e7in g\u00fcn\u00fc sorgulama ve gelece\u011fe dair ileti verme arac\u0131yd\u0131 ku\u015fkusuz. \u2018G\u00fcld\u00fcrd\u00fcm gidiyorum, d\u00fc\u015f\u00fcn\u00fcn, gelece\u011fim\u2019 s\u00f6zleri onun hem yap\u0131tlar\u0131ndaki kal\u0131c\u0131 etkiyi hem de izleyicisiyle derin ba\u011f\u0131n\u0131 g\u00f6stermektedir. \u0130\u015fte biz de belgeselle bu tesir ve ba\u011flar\u0131 g\u00f6r\u00fcn\u00fcr k\u0131laca\u011f\u0131z.\u201d<\/p>\n<p><b><span>USTAYA H\u00dcRMET DURU\u015eU<\/span><\/b><\/p>\n<p>\u015eensoy\u2019u \u201cKelimelerle oynayan, al\u0131\u015f\u0131lmad\u0131k bir mizah anlay\u0131\u015f\u0131 vard\u0131. Nev-i \u015fahs\u0131na m\u00fcnhas\u0131r deyi\u015finin ete kemi\u011fe b\u00fcr\u00fcnm\u00fc\u015f haliydi. \u0130zleyicinin zihnini daima \u00f6teye ta\u015f\u0131d\u0131\u201d c\u00fcmleleriyle anlatan usta direkt\u00f6r Sel\u00e7uk Metin de kelamlar\u0131na \u015f\u00f6yle devam etti: \u201cBu d\u00fcnyadan g\u00f6\u00e7meden evvel, Ferhan \u015eensoy belgeselini konu\u015ftuk kendisiyle. O ya\u015farken bunu yapmak k\u0131smet olmad\u0131 fakat ENKA Sanat\u2019\u0131n bedelli katk\u0131lar\u0131 sayesinde \u015eensoy\u2019a ve hayata d\u00f6nd\u00fcrd\u00fc\u011f\u00fc Ses Tiyatrosu\u2019na bir h\u00fcrmet duru\u015fu niteli\u011finde olacak projemize ba\u015fl\u0131yoruz.\u201d\u00a0<\/p>\n<p><strong>B\u0130R TE\u015eEKK\u00dcR FIRSATI<\/strong><\/p>\n<p>Yap\u0131m\u0131n senaryosuna imza atan gazeteci m\u00fcellif Zeynep Mira\u00e7 ise \u015f\u00f6yle konu\u015ftu: \u201cBamba\u015fka bir mizah anlay\u0131\u015f\u0131 vard\u0131, \u00e7ok k\u0131vrak bir zekas\u0131 ve \u00f6zg\u00fcn bir \u00fcslubu\u2026 T\u00fcrk\u00e7enin keyfine vard\u0131ran, mizah\u0131n sonlar\u0131n\u0131 geni\u015fleten bir kalemdi \u015eensoy. Zihin d\u00fcnyam\u0131za katt\u0131klar\u0131 i\u00e7in gere\u011fince te\u015fekk\u00fcr edebildik mi ona; \u2018evet\u2019 diyemiyorum. Tahminen art\u0131k, onu anlatan bir belgesel ile te\u015fekk\u00fcr\u00fcm\u00fcz\u00fc sunabiliriz.\u201d<\/p>\n<p>Sel\u00e7uk Metin ve Zeynep Mira\u00e7 daha evvel de Metin Akp\u0131nar ve Haldun Dormen belgesellerine\u00a0 imza atm\u0131\u015ft\u0131.<\/p>\n","protected":false},"excerpt":{"rendered":"<p>Bizleri g\u00fcld\u00fcr\u00fcrken d\u00fc\u015f\u00fcnd\u00fcren usta tiyatrocu Ferhan \u015eensoy\u2019un hayat\u0131n\u0131 mevzu alan belgesel eyl\u00fcl ay\u0131nda izleyicisiyle bulu\u015facak.<\/p>\n","protected":false},"author":1,"featured_media":10685,"comment_status":"open","ping_status":"open","sticky":false,"template":"","format":"standard","meta":{"footnotes":""},"categories":[26],"tags":[2462,2464,893,2463,1279],"class_list":["post-10684","post","type-post","status-publish","format-standard","has-post-thumbnail","hentry","category-kultur-sanat","tag-belgesel","tag-mizah","tag-sanat","tag-sensoy","tag-tiyatro"],"_links":{"self":[{"href":"https:\/\/ikimisli.tr\/index.php\/wp-json\/wp\/v2\/posts\/10684","targetHints":{"allow":["GET"]}}],"collection":[{"href":"https:\/\/ikimisli.tr\/index.php\/wp-json\/wp\/v2\/posts"}],"about":[{"href":"https:\/\/ikimisli.tr\/index.php\/wp-json\/wp\/v2\/types\/post"}],"author":[{"embeddable":true,"href":"https:\/\/ikimisli.tr\/index.php\/wp-json\/wp\/v2\/users\/1"}],"replies":[{"embeddable":true,"href":"https:\/\/ikimisli.tr\/index.php\/wp-json\/wp\/v2\/comments?post=10684"}],"version-history":[{"count":1,"href":"https:\/\/ikimisli.tr\/index.php\/wp-json\/wp\/v2\/posts\/10684\/revisions"}],"predecessor-version":[{"id":10687,"href":"https:\/\/ikimisli.tr\/index.php\/wp-json\/wp\/v2\/posts\/10684\/revisions\/10687"}],"wp:featuredmedia":[{"embeddable":true,"href":"https:\/\/ikimisli.tr\/index.php\/wp-json\/wp\/v2\/media\/10685"}],"wp:attachment":[{"href":"https:\/\/ikimisli.tr\/index.php\/wp-json\/wp\/v2\/media?parent=10684"}],"wp:term":[{"taxonomy":"category","embeddable":true,"href":"https:\/\/ikimisli.tr\/index.php\/wp-json\/wp\/v2\/categories?post=10684"},{"taxonomy":"post_tag","embeddable":true,"href":"https:\/\/ikimisli.tr\/index.php\/wp-json\/wp\/v2\/tags?post=10684"}],"curies":[{"name":"wp","href":"https:\/\/api.w.org\/{rel}","templated":true}]}}