{"id":1069,"date":"2025-01-04T23:53:45","date_gmt":"2025-01-04T23:53:45","guid":{"rendered":"https:\/\/ikimisli.tr\/?p=1069"},"modified":"2025-01-04T23:53:45","modified_gmt":"2025-01-04T23:53:45","slug":"son-10-yilda-enflasyonu-en-cok-hangi-kesim-hissetti","status":"publish","type":"post","link":"https:\/\/ikimisli.tr\/index.php\/2025\/01\/04\/son-10-yilda-enflasyonu-en-cok-hangi-kesim-hissetti\/","title":{"rendered":"Son 10 y\u0131lda enflasyonu en \u00e7ok hangi kesim hissetti?"},"content":{"rendered":"<p> 2024 y\u0131l\u0131 enflasyonu y\u00fczde 44,38 olarak a\u00e7\u0131kland\u0131. \u00dccret zamlar\u0131 g\u00f6lgesinde gelen enflasyonda asgari \u00fccrete y\u00fczde 30 zam yap\u0131lmas\u0131n\u0131n ard\u0131ndan emekli ve memur zamlar\u0131 da belli oldu. Ancak \u00f6zellikle dar ve sabit gelirliler enflasyonun a\u00e7\u0131klanmas\u0131n\u0131n ard\u0131ndan hissedilen enflasyona g\u00f6re T\u00dc\u0130K verilerini yeniden tart\u0131\u015fmalar\u0131n oda\u011f\u0131na ald\u0131\u011f\u0131 g\u00f6r\u00fcld\u00fc.<\/p>\n<p><b>H\u0130SSED\u0130EN ENFLASYON<\/b><\/p>\n<p>T\u00dc\u0130K\u2019in 2023 y\u0131l\u0131nda a\u00e7\u0131klad\u0131\u011f\u0131 Hanehalk\u0131 T\u00fcketim Harcamas\u0131 verilerine g\u00f6re, hissedilen enflasyon gelir d\u00fczeyine g\u00f6re harcamalar da de\u011fi\u015fti\u011finden farkl\u0131la\u015f\u0131yor. Ekonomim&#8217;den \u015eeyda Uyan\u0131k&#8217;\u0131n yaz\u0131s\u0131 \u015f\u00f6yle:<\/p>\n<p>&#8220;Son y\u0131llarda hissedilen enflasyon nedeniyle veriler daha \u00e7ok tart\u0131\u015f\u0131l\u0131yor. Gelir d\u00fczeyi en d\u00fc\u015f\u00fck olan y\u00fczde 20\u2019lik kesim g\u0131daya daha \u00e7ok harcama yaparken, vatanda\u015f\u0131n temel gelir kayna\u011f\u0131na g\u00f6re t\u00fcketim harcamalar\u0131n\u0131n da\u011f\u0131l\u0131m\u0131nda da en \u00e7ok g\u0131da harcamas\u0131 yapanlar\u0131n emekliler oldu\u011fu g\u00f6r\u00fcl\u00fcyor. B\u00f6ylelikle g\u0131da fiyatlar\u0131ndaki y\u00fckseli\u015fe kar\u015f\u0131 dar gelirli kesim hassas oluyor.<\/p>\n<p>Gelir d\u00fczeyi en y\u00fcksek kesim de t\u00fcketiminde g\u0131dadan daha \u00e7ok ula\u015ft\u0131rmaya pay ay\u0131rmak durumunda kald\u0131\u011f\u0131ndan bu alandaki fiyat de\u011fi\u015fimlerine kar\u015f\u0131 da daha hassas oluyor.<\/p>\n<figure><img decoding=\"async\" src=\"https:\/\/ikimisli.tr\/wp-content\/uploads\/2025\/01\/son-10-yilda-enflasyonu-en-cok-hangi-kesim-hissetti-0-uPvm1J1O.jpg\"\/>  .  <\/figure>\n<p><b>SON B\u0130R YILDA ENFLASYONU EN \u00c7OK K\u0130M H\u0130SSETT\u0130<\/b><\/p>\n<p>Gelir gruplar\u0131na g\u00f6re, son 1 y\u0131lda y\u00fczde 44,38 olarak a\u00e7\u0131klanan enflasyonu en y\u00fcksek hisseden grup, dar gelirli kesim oluyor. En d\u00fc\u015f\u00fck y\u00fczde 20\u2019lik kesimin t\u00fcketim harcamalar\u0131na g\u00f6re T\u00dcFE verilerindeki harcama kalemlerinde yap\u0131lan hesapla enflasyon yakla\u015f\u0131k 5 puan daha y\u00fcksek hissetti. B\u00f6ylelikle en d\u00fc\u015f\u00fck gelirli kesimin enflasyonu y\u00fczde 49,28 olurken, gelir artt\u0131k\u00e7a enflasyonda hissedilen oran\u0131n d\u00fc\u015ft\u00fc\u011f\u00fc g\u00f6r\u00fcld\u00fc.<\/p>\n<p>En y\u00fcksek gelir d\u00fczeyinde olan y\u00fczde 20\u2019lik kesimin hissetti\u011fi enflasyon ise y\u00fczde 45,03 oldu.<\/p>\n<figure><img decoding=\"async\" src=\"https:\/\/ikimisli.tr\/wp-content\/uploads\/2025\/01\/son-10-yilda-enflasyonu-en-cok-hangi-kesim-hissetti-1-NyHtTJHb.jpg\"\/>  .  <\/figure>\n<p>Hanehalk\u0131n\u0131n gelir kayna\u011f\u0131na g\u00f6re t\u00fcketim harcamalar\u0131 da\u011f\u0131l\u0131m\u0131nda da en y\u00fcksek enflasyonu hisseden emekliler oldu. Emekliler tam 5 puan fazla enflasyona maruz kal\u0131rken, \u00fccretliler y\u00fczde 46, gayrimenkul ve menkul k\u0131ymet geliri olanlar\u0131n hissetti\u011fi enflasyon y\u00fczde 45,60 ve giri\u015fimcilerin hissetti\u011fi enflasyon da y\u00fczde 44,36 ile T\u00dcFE\u2019den d\u00fc\u015f\u00fck oldu.<\/p>\n<p>Y\u00fczde 20\u2019lik gelir gruplar\u0131na g\u00f6re son 10 y\u0131lda da (2023 t\u00fcketim harcamalar\u0131 \u00fczerinden) enflasyonu en \u00e7ok hisseden en d\u00fc\u015f\u00fck gelirli kesim oldu. 10 y\u0131lda T\u00dcFE endekslerindeki de\u011fi\u015fim y\u00fczde 983,70 olurken, en d\u00fc\u015f\u00fck gelirli y\u00fczde 20\u2019lik kesimin hissetti\u011fi enflasyon y\u00fczde 1.054 oldu.<\/p>\n<p>En y\u00fcksek gelire sahip kesimin 10 y\u0131lda hissetti\u011fi enflasyonun T\u00dc\u0130K T\u00dcFE ile fark\u0131 yakla\u015f\u0131k 25 puan olurken, en d\u00fc\u015f\u00fck gelire sahip kesimin fark\u0131 ise 70 puan oldu.<\/p>\n<p>(ALINTI)<\/p>\n","protected":false},"excerpt":{"rendered":"<p>2024 y\u0131l\u0131 enflasyon verilerinin a\u00e7\u0131klanmas\u0131yla yeniden enflasyon tart\u0131\u015fmalar\u0131 artt\u0131. Gelir gruplar\u0131n\u0131n t\u00fcketimlerine g\u00f6re, son 1 y\u0131lda ve 10 y\u0131lda enflasyon nas\u0131l hissedildi?<\/p>\n","protected":false},"author":1,"featured_media":1070,"comment_status":"open","ping_status":"open","sticky":false,"template":"","format":"standard","meta":{"footnotes":""},"categories":[24],"tags":[49,50,47,48,51],"class_list":["post-1069","post","type-post","status-publish","format-standard","has-post-thumbnail","hentry","category-ekonomi","tag-enflasyon","tag-enflasyonu","tag-gelir","tag-kesim","tag-tuketim"],"_links":{"self":[{"href":"https:\/\/ikimisli.tr\/index.php\/wp-json\/wp\/v2\/posts\/1069","targetHints":{"allow":["GET"]}}],"collection":[{"href":"https:\/\/ikimisli.tr\/index.php\/wp-json\/wp\/v2\/posts"}],"about":[{"href":"https:\/\/ikimisli.tr\/index.php\/wp-json\/wp\/v2\/types\/post"}],"author":[{"embeddable":true,"href":"https:\/\/ikimisli.tr\/index.php\/wp-json\/wp\/v2\/users\/1"}],"replies":[{"embeddable":true,"href":"https:\/\/ikimisli.tr\/index.php\/wp-json\/wp\/v2\/comments?post=1069"}],"version-history":[{"count":1,"href":"https:\/\/ikimisli.tr\/index.php\/wp-json\/wp\/v2\/posts\/1069\/revisions"}],"predecessor-version":[{"id":1073,"href":"https:\/\/ikimisli.tr\/index.php\/wp-json\/wp\/v2\/posts\/1069\/revisions\/1073"}],"wp:featuredmedia":[{"embeddable":true,"href":"https:\/\/ikimisli.tr\/index.php\/wp-json\/wp\/v2\/media\/1070"}],"wp:attachment":[{"href":"https:\/\/ikimisli.tr\/index.php\/wp-json\/wp\/v2\/media?parent=1069"}],"wp:term":[{"taxonomy":"category","embeddable":true,"href":"https:\/\/ikimisli.tr\/index.php\/wp-json\/wp\/v2\/categories?post=1069"},{"taxonomy":"post_tag","embeddable":true,"href":"https:\/\/ikimisli.tr\/index.php\/wp-json\/wp\/v2\/tags?post=1069"}],"curies":[{"name":"wp","href":"https:\/\/api.w.org\/{rel}","templated":true}]}}