{"id":10851,"date":"2025-02-14T15:00:07","date_gmt":"2025-02-14T15:00:07","guid":{"rendered":"https:\/\/ikimisli.tr\/?p=10851"},"modified":"2025-02-14T15:00:07","modified_gmt":"2025-02-14T15:00:07","slug":"bir-imrali-anketi-daha-ortaya-cikti-akp-ve-mhp-secmeni-ikna-oldu-mu","status":"publish","type":"post","link":"https:\/\/ikimisli.tr\/index.php\/2025\/02\/14\/bir-imrali-anketi-daha-ortaya-cikti-akp-ve-mhp-secmeni-ikna-oldu-mu\/","title":{"rendered":"Bir &#8216;\u0130mral\u0131 anketi&#8217; daha ortaya \u00e7\u0131kt\u0131: AKP ve MHP se\u00e7meni ikna oldu mu?"},"content":{"rendered":"<p>Milliyet\u00e7i Hareket Partisi (MHP) Genel Lideri Devlet Bah\u00e7eli\u2019nin 22 Ekim&#8217;de partisinin k\u00fcme toplant\u0131s\u0131nda yapt\u0131\u011f\u0131 &#8216;\u0130mral\u0131&#8217; davetinin akabinde dikkat \u00e7eken bir anket kamuoyu ile payla\u015f\u0131ld\u0131.\u00a0<\/p>\n<p>Metropoll Ara\u015ft\u0131rma&#8217;n\u0131n 17-20 Kas\u0131m 2024 tarihleri ortas\u0131nda 28 vilayette 1189 \u015fah\u0131sla yap\u0131lan ankette i\u015ftirak\u00e7ilere &#8220;Bah\u00e7eli&#8217;nin \u00d6calan&#8217;a &#8216;PKK&#8217;y\u0131 da\u011f\u0131t, Meclis&#8217;e gel&#8217; davetini nas\u0131l buldunuz?&#8221; sorusu y\u00f6neltildi.<\/p>\n<p>Anket sonu\u00e7lar\u0131na nazaran i\u015ftirak\u00e7ilerin y\u00fczde 21.9&#8217;u Bah\u00e7eli&#8217;nin \u00d6calan davetini hakikat bulurken, y\u00fczde 71.9 &#8216;yanl\u0131\u015f buldum&#8217; cevab\u0131 verdi.<\/p>\n<p><b>AKP VE MHP SE\u00c7MEN\u0130 DAYANAK VERMED\u0130<\/b><\/p>\n<p>Bah\u00e7eli&#8217;nin davetini AKP se\u00e7meninin y\u00fczde 26.4&#8217;\u00fc &#8216;do\u011fru&#8217; bulurken , y\u00fczde 65.3&#8217;\u00fc ise &#8216;yanl\u0131\u015f&#8217; buldu\u011funu belirtti.<\/p>\n<p>Bah\u00e7eli&#8217;nin liderli\u011fini yapt\u0131\u011f\u0131 MHP&#8217;nin se\u00e7meninin s\u0131rf y\u00fczde 35,1&#8217;i takviye verirken y\u00fczde\u00a062.8 ile \u00e7a\u011fr\u0131y\u0131 yanl\u0131\u015f bularak Bah\u00e7eli&#8217;ye takviye vermedi.<\/p>\n<p><b>EN FAZLA KAR\u015eI OLAN SE\u00c7MEN CHP&#8217;L\u0130<\/b><\/p>\n<p>CHP se\u00e7meninin y\u00fczde 88.5&#8217;i Bah\u00e7eli&#8217;nin davetini yanl\u0131\u015f bulurken, y\u00fczde 7 &#8216;do\u011fru buldum&#8217; se\u00e7ene\u011fini se\u00e7ti.<\/p>\n<p>\u0130Y\u0130 Parti se\u00e7meni ise Bah\u00e7eli&#8217;nin davetini y\u00fczde 82.9 ile yanl\u0131\u015f bulurken, y\u00fczde 15.3&#8217;lik bir k\u0131s\u0131m ise hakikat buldu.<\/p>\n<p><b>BAH\u00c7EL\u0130&#8217;N\u0130N DAVET\u0130NE EN Y\u00dcKSEK TAKV\u0130YE DEM PART\u0130&#8217;DEN<\/b><\/p>\n<p>Bah\u00e7eli&#8217;nin \u00d6calan davetine ise en b\u00fcy\u00fck destek ise DEM Parti se\u00e7menlerinden geldi. DEM Parti se\u00e7meninin y\u00fczde 52.3 &#8216;do\u011fru buldum&#8217; derken, y\u00fczde 34.2 ile &#8216;yanl\u0131\u015f buldum&#8217; yan\u0131t\u0131n\u0131 verdi.<\/p>\n<p><img decoding=\"async\" src=\"https:\/\/ikimisli.tr\/wp-content\/uploads\/2025\/02\/bir-imrali-anketi-daha-ortaya-cikti-akp-ve-mhp-secmeni-ikna-oldu-mu-0-cZEUfxqD.jpg\"\/><\/p>\n<p><strong>Edit\u00f6r notu: <\/strong>Ara\u015ft\u0131rmada yan\u0131lg\u0131 hissesi, Genel: +\/- 2,84, AK Parti: +\/- 5,18 CHP: +\/- 6,10, MHP: +\/-9,70, DEM Parti: +\/- 10,39, IYI Parti: +\/-9,75 <span>olarak<\/span> s\u0131raland\u0131. \u00a0 \u00a0\u00a0<\/p>\n","protected":false},"excerpt":{"rendered":"<p>Metropoll Ara\u015ft\u0131rma, MHP lideri Devlet Bah\u00e7eli\u2019nin PKK eleba\u015f\u0131 Abdullah \u00d6calan i\u00e7in yapt\u0131\u011f\u0131 \u00e7a\u011fr\u0131y\u0131 vatanda\u015flara sordu. Ankette en y\u00fcksek deste\u011fin DEM Parti taban\u0131nda oldu\u011fu g\u00f6r\u00fcl\u00fcrken AKP ve MHP se\u00e7meninin verdi\u011fi takviye ise dikkat \u00e7ekti.<\/p>\n","protected":false},"author":1,"featured_media":10852,"comment_status":"open","ping_status":"open","sticky":false,"template":"","format":"standard","meta":{"footnotes":""},"categories":[25],"tags":[2488,2491,189,2490,2489],"class_list":["post-10851","post","type-post","status-publish","format-standard","has-post-thumbnail","hentry","category-gundem","tag-bahcelinin","tag-cagrisini","tag-parti","tag-secmeni","tag-yanlis"],"_links":{"self":[{"href":"https:\/\/ikimisli.tr\/index.php\/wp-json\/wp\/v2\/posts\/10851","targetHints":{"allow":["GET"]}}],"collection":[{"href":"https:\/\/ikimisli.tr\/index.php\/wp-json\/wp\/v2\/posts"}],"about":[{"href":"https:\/\/ikimisli.tr\/index.php\/wp-json\/wp\/v2\/types\/post"}],"author":[{"embeddable":true,"href":"https:\/\/ikimisli.tr\/index.php\/wp-json\/wp\/v2\/users\/1"}],"replies":[{"embeddable":true,"href":"https:\/\/ikimisli.tr\/index.php\/wp-json\/wp\/v2\/comments?post=10851"}],"version-history":[{"count":1,"href":"https:\/\/ikimisli.tr\/index.php\/wp-json\/wp\/v2\/posts\/10851\/revisions"}],"predecessor-version":[{"id":10854,"href":"https:\/\/ikimisli.tr\/index.php\/wp-json\/wp\/v2\/posts\/10851\/revisions\/10854"}],"wp:featuredmedia":[{"embeddable":true,"href":"https:\/\/ikimisli.tr\/index.php\/wp-json\/wp\/v2\/media\/10852"}],"wp:attachment":[{"href":"https:\/\/ikimisli.tr\/index.php\/wp-json\/wp\/v2\/media?parent=10851"}],"wp:term":[{"taxonomy":"category","embeddable":true,"href":"https:\/\/ikimisli.tr\/index.php\/wp-json\/wp\/v2\/categories?post=10851"},{"taxonomy":"post_tag","embeddable":true,"href":"https:\/\/ikimisli.tr\/index.php\/wp-json\/wp\/v2\/tags?post=10851"}],"curies":[{"name":"wp","href":"https:\/\/api.w.org\/{rel}","templated":true}]}}