{"id":10863,"date":"2025-02-14T15:48:06","date_gmt":"2025-02-14T15:48:06","guid":{"rendered":"https:\/\/ikimisli.tr\/?p=10863"},"modified":"2025-02-14T15:48:06","modified_gmt":"2025-02-14T15:48:06","slug":"anneler-babalar-dikkat-mebden-ozel-okul-karari-ceza-uygulanacak","status":"publish","type":"post","link":"https:\/\/ikimisli.tr\/index.php\/2025\/02\/14\/anneler-babalar-dikkat-mebden-ozel-okul-karari-ceza-uygulanacak\/","title":{"rendered":"Anneler babalar dikkat! MEB&#8217;den \u00f6zel okul karar\u0131: Ceza uygulanacak"},"content":{"rendered":"<p>Milli E\u011fitim Bakanl\u0131\u011f\u0131 taraf\u0131ndan devlet okullar\u0131nda oldu\u011fu \u00fczere \u00f6zel okullarda okutulacak ders kitaplar\u0131na ait mevzuatta da bir dizi yeni d\u00fczenleme yap\u0131ld\u0131. Bakanl\u0131k\u00e7a birinci olarak ge\u00e7en y\u0131l yap\u0131lan y\u00f6netmelik d\u00fczenlemesiyle 2024-2025 e\u011fitim \u00f6\u011fretim y\u0131l\u0131 prestijiyle t\u00fcm \u00f6zel okullarda Bakanl\u0131k onayl\u0131 fiyats\u0131z ders kitaplar\u0131n\u0131n okutulmas\u0131 zarurili\u011fi getirilmi\u015fti.<\/p>\n<p>Bu d\u00fczenlemenin akabinde 3 Ocak 2025 tarihli Resmi Gazete\u2019de yay\u0131mlanan, Milli E\u011fitim Bakanl\u0131\u011f\u0131 \u00d6zel \u00d6\u011fretim Kurumlar\u0131 Y\u00f6netmeli\u011finde De\u011fi\u015fiklik Yap\u0131lmas\u0131na Dair Y\u00f6netmelik\u2019e, hususa ait yeni bir unsur daha eklendi.<\/p>\n<p>Mevzuata eklenen yeni karar do\u011frultusunda, \u00f6zel okullar taraf\u0131ndan velilerden &#8220;ders kitab\u0131&#8221; ismi alt\u0131nda rastgele bir fiyat al\u0131namayacak. Yeni d\u00fczenleme, Milli E\u011fitim Bakanl\u0131\u011f\u0131 onayl\u0131 ders kitaplar\u0131n\u0131n t\u00fcm e\u011fitim kademelerinde fiyats\u0131z da\u011f\u0131t\u0131lmas\u0131 asl\u0131na dayan\u0131yor.<\/p>\n<p>Mevzuattaki yenili\u011fin en k\u0131ymetli gayesi, Bakanl\u0131k kontrol\u00fcnden ge\u00e7meyen kitaplar arac\u0131l\u0131\u011f\u0131yla yanl\u0131\u015f ve uygun olmayan \u00f6\u011frenmelerin \u00f6n\u00fcne ge\u00e7mek. Bu kapsamda, T\u00fcrkiye&#8217;de resmi ve \u00f6zel okullarda, Bakanl\u0131k \u00fcnitelerince haz\u0131rlanan ve Talim ve Terbiye Kurulu Ba\u015fkanl\u0131\u011f\u0131nca onaylanan \u00f6\u011fretim program\u0131 uygulan\u0131rken ders kitaplar\u0131 da buna uygun yaz\u0131l\u0131p tekrar onaya ba\u011fl\u0131 okutuluyor. Bu onay s\u0131ras\u0131nda, \u00f6\u011frencilere ula\u015fan her ders kitab\u0131, Bakanl\u0131k\u00e7a bir inceleme s\u00fcrecinden ge\u00e7iriliyor.<\/p>\n<p>\u00d6zel okullara devam eden \u00e7ocu\u011fu bulunan velilerin, farkl\u0131 ders kitaplar\u0131 i\u00e7in ekonomik taraftan zorlanmalar\u0131n\u0131n \u00f6n\u00fcne ge\u00e7ilmesi de maksatlar ortas\u0131nda bulunuyor.<\/p>\n<p><b>&#8220;Ders kitab\u0131&#8221; i\u00e7in fiyat al\u0131n\u0131p al\u0131nmad\u0131\u011f\u0131 denetlenecek<\/b><\/p>\n<p>\u00d6te yandan mevzuat gere\u011fi &#8220;derslerde Bakanl\u0131k onayl\u0131 ders kitaplar\u0131n\u0131n okutulmas\u0131&#8221; ve &#8220;ders kitab\u0131 i\u00e7in fiyat talep etmeme&#8221; konusunda, \u00f6zel okullar\u0131n kurucular\u0131n\u0131n, kurucu temsilcilerinin ve m\u00fcd\u00fcrlerinin de \u00e7e\u015fitli sorumluluklar\u0131 bulunuyor. 2024-2025 e\u011fitim-\u00f6\u011fretim periyodundan itibaren s\u0131n\u0131flarda okutulan ders kitaplar\u0131n\u0131n Bakanl\u0131k\u00e7a fiyats\u0131z da\u011f\u0131t\u0131lan kitaplar olup olmad\u0131\u011f\u0131 istikametinden kontrole tabi tutulan \u00f6zel okullar, gelecek devirden itibaren &#8220;ders kitab\u0131&#8221; i\u00e7in velilerden fiyat talep edilip edilmedi\u011fi taraf\u0131ndan de denetlenecek.<\/p>\n<p><b>Cezai m\u00fceyyide uygulanabilecek<\/b><\/p>\n<p>Milli E\u011fitim Bakanl\u0131\u011f\u0131, gelecek e\u011fitim \u00f6\u011fretim y\u0131l\u0131nda da talep edilip edilmedi\u011fine bakmadan, t\u00fcm \u00f6zel okullara \u00f6\u011frenci say\u0131s\u0131 kadar ders kitab\u0131n\u0131 fiyats\u0131z g\u00f6ndermeyi s\u00fcrd\u00fcrecek. Bakanl\u0131\u011f\u0131n fiyats\u0131z da\u011f\u0131tt\u0131\u011f\u0131 ders kitaplar\u0131n\u0131 kullanmayan ya da &#8220;ders kitab\u0131&#8221; ismi alt\u0131nda velilerden fiyat talebinde bulunan \u00f6zel okullara \u00d6zel \u00d6\u011fretim Kurumlar\u0131 Kanunu&#8217;nun 7. unsurunda yer alan cezai m\u00fceyyideler uygulanabilecek.<\/p>\n<p>Bu unsur, kelam konusu fiilin tekrar\u0131 halinde br\u00fct taban fiyat\u0131n 20 kat\u0131na kadar idari para cezas\u0131na ve kurum a\u00e7ma m\u00fcsaadesi ve \u00e7al\u0131\u015fma ruhsat\u0131n\u0131n iptaline kadar gidebilecek kademeli bir cezai m\u00fceyyideyi \u00f6ng\u00f6r\u00fcyor.<\/p>\n","protected":false},"excerpt":{"rendered":"<p>Milli E\u011fitim Bakanl\u0131\u011f\u0131, yeni mevzuatla birlikte \u00f6zel okullarda ders kitab\u0131 ismi alt\u0131nda fiyat al\u0131nmas\u0131n\u0131 yasaklad\u0131. Gelecek e\u011fitim-\u00f6\u011fretim periyodundan itibaren bu kurala uymayan okullara cezai s\u00fcre\u00e7 uygulanacak. Veliler art\u0131k ders kitab\u0131 i\u00e7in ek \u00f6deme yapmayacak.<\/p>\n","protected":false},"author":1,"featured_media":10864,"comment_status":"open","ping_status":"open","sticky":false,"template":"","format":"standard","meta":{"footnotes":""},"categories":[23],"tags":[2495,2494,1328,2496,2493],"class_list":["post-10863","post","type-post","status-publish","format-standard","has-post-thumbnail","hentry","category-egitim","tag-bakanlik","tag-ders-kitaplari","tag-egitim","tag-onay","tag-ozel-okullar"],"_links":{"self":[{"href":"https:\/\/ikimisli.tr\/index.php\/wp-json\/wp\/v2\/posts\/10863","targetHints":{"allow":["GET"]}}],"collection":[{"href":"https:\/\/ikimisli.tr\/index.php\/wp-json\/wp\/v2\/posts"}],"about":[{"href":"https:\/\/ikimisli.tr\/index.php\/wp-json\/wp\/v2\/types\/post"}],"author":[{"embeddable":true,"href":"https:\/\/ikimisli.tr\/index.php\/wp-json\/wp\/v2\/users\/1"}],"replies":[{"embeddable":true,"href":"https:\/\/ikimisli.tr\/index.php\/wp-json\/wp\/v2\/comments?post=10863"}],"version-history":[{"count":1,"href":"https:\/\/ikimisli.tr\/index.php\/wp-json\/wp\/v2\/posts\/10863\/revisions"}],"predecessor-version":[{"id":10865,"href":"https:\/\/ikimisli.tr\/index.php\/wp-json\/wp\/v2\/posts\/10863\/revisions\/10865"}],"wp:featuredmedia":[{"embeddable":true,"href":"https:\/\/ikimisli.tr\/index.php\/wp-json\/wp\/v2\/media\/10864"}],"wp:attachment":[{"href":"https:\/\/ikimisli.tr\/index.php\/wp-json\/wp\/v2\/media?parent=10863"}],"wp:term":[{"taxonomy":"category","embeddable":true,"href":"https:\/\/ikimisli.tr\/index.php\/wp-json\/wp\/v2\/categories?post=10863"},{"taxonomy":"post_tag","embeddable":true,"href":"https:\/\/ikimisli.tr\/index.php\/wp-json\/wp\/v2\/tags?post=10863"}],"curies":[{"name":"wp","href":"https:\/\/api.w.org\/{rel}","templated":true}]}}