{"id":10980,"date":"2025-02-15T00:36:22","date_gmt":"2025-02-15T00:36:22","guid":{"rendered":"https:\/\/ikimisli.tr\/?p=10980"},"modified":"2025-02-15T00:36:22","modified_gmt":"2025-02-15T00:36:22","slug":"miras-kavgasi-turk-giyim-devini-karistirdi","status":"publish","type":"post","link":"https:\/\/ikimisli.tr\/index.php\/2025\/02\/15\/miras-kavgasi-turk-giyim-devini-karistirdi\/","title":{"rendered":"Miras kavgas\u0131 T\u00fcrk giyim devini kar\u0131\u015ft\u0131rd\u0131"},"content":{"rendered":"<p>Son y\u0131llarda sosyetenin \u00fcnl\u00fc aileleri ortas\u0131nda patlak veren miras tart\u0131\u015fmalar\u0131na bir yenisi eklendi.\u00a0<\/p>\n<p>\u00c7ok say\u0131da AVM&#8217;de hizmet veren \u00fcnl\u00fc bayan giysi markas\u0131 Roman Ma\u011fazalar\u0131&#8217;n\u0131n sahibi olan Toplusoy Holding&#8217;te, S\u00fcleyman Toplusoy&#8217;un vefat\u0131yla birlikte amca ve ye\u011fenler ortas\u0131nda miras krizi ortaya \u00e7\u0131kt\u0131.\u00a0<\/p>\n<p><strong>TAPU \u0130PTAL DAVASI A\u00c7ILDI<\/strong><\/p>\n<p>OdaTV&#8217;nin haberine nazaran; S\u00fcleyman Toplusoy&#8217;un ani vefat\u0131 akabinde a\u011fabeyi Turgut Toplusoy ile merhum karde\u015finin e\u015fi ve \u00e7ocuklar\u0131 ortas\u0131nda miras hengamesi ba\u015flad\u0131. S\u00fcleyman Toplusoy&#8217;un b\u00fcy\u00fck k\u0131z\u0131 Serra Toplusoy, &#8220;Amcam Turgut Toplusoy, itimad\u0131m\u0131 berbata kullanarak, adaps\u0131z s\u00fcre\u00e7lerle babamdan kalan iki arsay\u0131 kendi \u00fczerine ge\u00e7irdi. Resmi kay\u0131tlarda bu s\u00fcre\u00e7 sat\u0131\u015f olarak g\u00f6r\u00fclmekte ise de ben hi\u00e7bir bedel almad\u0131m. S\u00fcrecin miras intikali i\u00e7in gerekli prosed\u00fcr oldu\u011funu d\u00fc\u015f\u00fcnerek imza att\u0131m&#8221; dedi.<\/p>\n<p>Amcas\u0131n\u0131n t\u0131pk\u0131 emlak i\u00e7in babas\u0131n\u0131n ikinci evlili\u011finden olan Zeynep ve Selin\u2019in haklar\u0131n\u0131n da benzeri bir bi\u00e7imde gasp edildi\u011fini belirten Serra Toplusoy, amcas\u0131 aleyhine dava a\u00e7m\u0131\u015ft\u0131.<\/p>\n<p><img decoding=\"async\" src=\"https:\/\/ikimisli.tr\/wp-content\/uploads\/2025\/02\/miras-kavgasi-turk-giyim-devini-karistirdi-0-WeAqfm4B.jpeg\"\/><\/p>\n<p><strong>\u0130LK DURU\u015eMA YARIN YAPILACAK<\/strong><\/p>\n<p>A\u00e7\u0131lan Tapu \u0130ptali ve Tescil (\u0130rade Fesad\u0131na Dayal\u0131 Aldatma) davas\u0131n\u0131n birinci duru\u015fmas\u0131 17 Ocak&#8217;ta g\u00f6r\u00fclece\u011fi \u00f6\u011frenildi<\/p>\n<p>\u00d6te yandan Turgut Toplusoy taraf\u0131ndan Serra Toplusoy&#8217;a daha evvel bir dava a\u00e7\u0131ld\u0131\u011f\u0131 \u00f6\u011frenildi. Serra Toplusoy&#8217;dan Odatv&#8217;ye g\u00f6nderilen a\u00e7\u0131klamada, amcas\u0131n\u0131n kendisine izale-i \u015fuyu* davas\u0131 a\u00e7t\u0131\u011f\u0131 ve bu davan\u0131n da 18 Nisan 2025 tarihinde g\u00f6r\u00fclece\u011fi kaydedildi.<\/p>\n<p>\u0130zale-i \u015fuyu*: Mutabakat yoluyla payda\u015fl\u0131k sonland\u0131r\u0131lamaz ise payda\u015flardan biri \u00f6teki t\u00fcm payda\u015flar aleyhine izale-i \u015fuyu davas\u0131 a\u00e7arak dava yoluyla payda\u015fl\u0131\u011f\u0131n giderilmesini isteyebilir.\u00a0<strong><br \/><\/strong><\/p>\n<p><strong>Konuya ait konu\u015fan Serra Toplusoy, \u015fu s\u00f6zleri kulland\u0131<\/strong><\/p>\n<p>&#8220;Merhum babam S\u00fcleyman Toplusoy\u2019un vefat\u0131ndan iki ay sonra, amcam Turgut Toplusoy taraf\u0131ndan bana ve karde\u015flerime kalan mirasa y\u00f6nelik hukuka kar\u015f\u0131t s\u00fcre\u00e7ler ger\u00e7ekle\u015ftirilmi\u015ftir. Bu durum, inanc\u0131m\u0131n berbata kullan\u0131lmas\u0131 ve aldatma yoluyla yap\u0131lan hileli s\u00fcre\u00e7ler sonucunda ortaya \u00e7\u0131km\u0131\u015ft\u0131r.<\/p>\n<p><img decoding=\"async\" src=\"https:\/\/ikimisli.tr\/wp-content\/uploads\/2025\/02\/miras-kavgasi-turk-giyim-devini-karistirdi-1-HYrPw9zk.webp\"\/><\/p>\n<p>Yakla\u015f\u0131k bir y\u0131l evvel, amcam Turgut Toplusoy, bana ili\u015fkin iki yerdeki hisselerimi sat\u0131n almak istedi\u011fini belirtmi\u015ftir. Bu talebi reddettim. Lakin sonras\u0131nda, bahsi ge\u00e7en emlakla ilgili evraklar\u0131 incelemek istedi\u011fimde, \u00fczerime intikal etmi\u015f \u00fczere g\u00f6r\u00fcnen yerlerin asl\u0131nda sat\u0131\u015f yoluyla kendi m\u00fclkiyetine ge\u00e7ti\u011fini fark ettim. Birinci etapta bunun bir sistem yanl\u0131\u015f\u0131 oldu\u011funu d\u00fc\u015f\u00fcnd\u00fcm. Lakin Tapu M\u00fcd\u00fcrl\u00fc\u011f\u00fc\u2019nde yapt\u0131\u011f\u0131m ayr\u0131nt\u0131l\u0131 ara\u015ft\u0131rma sonucunda, amcam\u0131n karma\u015f\u0131k ve uzun hukuksal prosed\u00fcrlerle, bu iki yerin yakla\u015f\u0131k y\u00fczde 60\u2019l\u0131k k\u0131sm\u0131n\u0131 kendi \u00fczerine ge\u00e7irdi\u011fini \u00f6\u011frendim.<\/p>\n<p><strong>&#8220;ARSALAR \u00dcZER\u0130NDE H\u0130\u00c7B\u0130R \u0130\u015eT\u0130RAK\u0130 BULUNMAMAKTADIR&#8221;<\/strong><\/p>\n<p>Bu iki yerde, Turgut Toplusoy\u2019un hi\u00e7bir payda\u015fl\u0131\u011f\u0131 bulunmamaktad\u0131r ve kelam konusu emlak sadece S\u00fcleyman Toplusoy\u2019un miras\u00e7\u0131lar\u0131na, yani bana ve karde\u015flerime aittir. Ne yaz\u0131k ki babam\u0131n vefat\u0131ndan sonra, duygusal a\u00e7\u0131dan g\u00fc\u00e7 bir s\u00fcre\u00e7te oldu\u011fum ve olaylar\u0131 sa\u011fl\u0131kl\u0131 de\u011ferlendiremedi\u011fim devirde, amcam taraf\u0131ndan bu durum suistimal edilmi\u015ftir.<\/p>\n<p>Ek olarak, karde\u015flerim Zeynep ve Selin Toplusoy\u2019un da birebir halde ma\u011fdur edildi\u011fini belirtmek isterim. Bilhassa \u0130pek Toplusoy\u2019un imzalad\u0131\u011f\u0131 bir vekaletname ile birebir yerler, hem \u0130pek Toplusoy\u2019dan hem de \u00f6teki miras\u00e7\u0131lar olan Zeynep ve Selin Toplusoy\u2019dan hileli<br \/>yollarla al\u0131nm\u0131\u015ft\u0131r. \u0130pek Toplusoy\u2019un maddi durumunun makus olmas\u0131, bu durumun kolayl\u0131kla ger\u00e7ekle\u015fmesine yer haz\u0131rlam\u0131\u015ft\u0131r. Amcam Turgut Toplusoy, \u0130pek Toplusoy\u2019a ayl\u0131k bir maa\u015f ba\u011flayarak onu ekonomik olarak kendisine ba\u011f\u0131ml\u0131 hale getirmi\u015ftir. Bu nedenle \u0130pek Toplusoy, hem yasal hem de manevi a\u00e7\u0131dan hakk\u0131n\u0131 savunamamaktad\u0131r.<\/p>\n<p><img decoding=\"async\" src=\"https:\/\/ikimisli.tr\/wp-content\/uploads\/2025\/02\/miras-kavgasi-turk-giyim-devini-karistirdi-2-sxm5L8J5.webp\"\/><\/p>\n<p>Babamdan miras kalan bu emlak, benim ve karde\u015flerimin en pahal\u0131 mal varl\u0131klar\u0131d\u0131r. Fakat milyon dolarlar\u0131 a\u015fan bir servete sahip olan amcam Turgut Toplusoy, sadece bu yerleri hileli sistemlerle almakla yetinmemi\u015f, kalan tek yerimi da elimden almak i\u00e7in izale-i \u015fuyu davas\u0131 a\u00e7m\u0131\u015ft\u0131r. Bu, s\u0131rf bir m\u00fclk uyu\u015fmazl\u0131\u011f\u0131 de\u011fil; babamdan miras kalan t\u00fcm varl\u0131klar\u0131m\u0131z\u0131 elimizden almaya y\u00f6nelik sistemli bir gayrettir.<\/p>\n<p>Bu nedenle, avukat\u0131m Say\u0131n Zekai \u015eems arac\u0131l\u0131\u011f\u0131yla, Tapu \u0130ptali ve Tescil (\u0130rade Fesad\u0131na Dayal\u0131 Aldatma &#8211; T\u00fcrk Bor\u00e7lar Kanunu Unsur 36) davas\u0131n\u0131 a\u00e7t\u0131m. Davan\u0131n birinci duru\u015fmas\u0131, 17 Ocak 2025 tarihinde, saat 11.30\u2019da \u0130stanbul Anadolu 6. Asliye Hukuk<br \/>Mahkemesinde g\u00f6r\u00fclecektir.<\/p>\n<p>Amac\u0131m, s\u0131rf hakk\u0131m\u0131z olan\u0131 geri kazanmak ve kamuoyunu bu cins hukuka ters s\u00fcre\u00e7ler konusunda bilgilendirmektir. Bu dava, kimi bas\u0131n organlar\u0131nda yer alan izale-i \u015fuyu davas\u0131ndan b\u00fcsb\u00fct\u00fcn farkl\u0131d\u0131r. \u0130zale-i \u015fuyu davas\u0131, evrak numaras\u0131 2024\/1303 ile<br \/>devam etmekte olup, birinci duru\u015fmas\u0131 18 Nisan 2025 tarihinde, saat 10.55\u2019te \u0130stanbul Anadolu 10. Sulh Hukuk Mahkemesinde g\u00f6r\u00fclecektir&#8221;<\/p>\n<p><strong>\u00a0<\/strong><\/p>\n<p><\/p>\n","protected":false},"excerpt":{"rendered":"<p>T\u00fcrkiye&#8217;nin \u00fcnl\u00fc bayan giysi markalar\u0131ndan Roman Ma\u011fazalar\u0131&#8217;n\u0131n sahibi olan Toplusoy Holding&#8217;te miras tart\u0131\u015fmas\u0131 ya\u015fan\u0131yor. 2020 y\u0131l\u0131nda i\u015fadam\u0131 S\u00fcleyman Toplusoy&#8217;un vefat\u0131n\u0131n akabinde Serra Toplusoy, amcas\u0131n\u0131n kendisini kand\u0131rarak miras kalan emlak\u0131n\u0131 devrald\u0131\u011f\u0131n\u0131 \u00f6ne s\u00fcrd\u00fc. Serra Toplusoy, amcas\u0131 Turgut Toplusoy&#8217;a tapu iptal davas\u0131 a\u00e7t\u0131.<\/p>\n","protected":false},"author":1,"featured_media":10981,"comment_status":"open","ping_status":"open","sticky":false,"template":"","format":"standard","meta":{"footnotes":""},"categories":[24],"tags":[2515,148,2516,1036,2514],"class_list":["post-10980","post","type-post","status-publish","format-standard","has-post-thumbnail","hentry","category-ekonomi","tag-arsalar","tag-dava","tag-davasi","tag-miras","tag-toplusoy"],"_links":{"self":[{"href":"https:\/\/ikimisli.tr\/index.php\/wp-json\/wp\/v2\/posts\/10980","targetHints":{"allow":["GET"]}}],"collection":[{"href":"https:\/\/ikimisli.tr\/index.php\/wp-json\/wp\/v2\/posts"}],"about":[{"href":"https:\/\/ikimisli.tr\/index.php\/wp-json\/wp\/v2\/types\/post"}],"author":[{"embeddable":true,"href":"https:\/\/ikimisli.tr\/index.php\/wp-json\/wp\/v2\/users\/1"}],"replies":[{"embeddable":true,"href":"https:\/\/ikimisli.tr\/index.php\/wp-json\/wp\/v2\/comments?post=10980"}],"version-history":[{"count":1,"href":"https:\/\/ikimisli.tr\/index.php\/wp-json\/wp\/v2\/posts\/10980\/revisions"}],"predecessor-version":[{"id":10985,"href":"https:\/\/ikimisli.tr\/index.php\/wp-json\/wp\/v2\/posts\/10980\/revisions\/10985"}],"wp:featuredmedia":[{"embeddable":true,"href":"https:\/\/ikimisli.tr\/index.php\/wp-json\/wp\/v2\/media\/10981"}],"wp:attachment":[{"href":"https:\/\/ikimisli.tr\/index.php\/wp-json\/wp\/v2\/media?parent=10980"}],"wp:term":[{"taxonomy":"category","embeddable":true,"href":"https:\/\/ikimisli.tr\/index.php\/wp-json\/wp\/v2\/categories?post=10980"},{"taxonomy":"post_tag","embeddable":true,"href":"https:\/\/ikimisli.tr\/index.php\/wp-json\/wp\/v2\/tags?post=10980"}],"curies":[{"name":"wp","href":"https:\/\/api.w.org\/{rel}","templated":true}]}}