{"id":10989,"date":"2025-02-15T01:24:06","date_gmt":"2025-02-15T01:24:06","guid":{"rendered":"https:\/\/ikimisli.tr\/?p=10989"},"modified":"2025-02-15T01:24:06","modified_gmt":"2025-02-15T01:24:06","slug":"2024te-70-polis-intihar-etmisti-yeni-yilda-sadece-15-gunde-8-polis-intihar-etti","status":"publish","type":"post","link":"https:\/\/ikimisli.tr\/index.php\/2025\/02\/15\/2024te-70-polis-intihar-etmisti-yeni-yilda-sadece-15-gunde-8-polis-intihar-etti\/","title":{"rendered":"2024&#8217;te 70 polis intihar etmi\u015fti:  Yeni y\u0131lda sadece 15 g\u00fcnde 8 polis intihar etti"},"content":{"rendered":"<p>Polisin Sesi Platformu S\u00f6zc\u00fcs\u00fc Faruk Sezer, ANKA Haber Ajans\u0131&#8217;na yapt\u0131\u011f\u0131 a\u00e7\u0131klamada, polislerin ya\u015fad\u0131\u011f\u0131 s\u0131k\u0131nt\u0131lara dikkati \u00e7ekti.<\/p>\n<p>Emniyet te\u015fkilat\u0131n\u0131n en b\u00fcy\u00fck sorunun &#8220;intihar&#8221; oldu\u011funu \u00f6ne s\u00fcren Sezer, &#8220;\u00c7\u00f6z\u00fcm tekliflerini sunuyoruz, intiharlar\u0131n \u00f6nlenmesi i\u00e7in neler yap\u0131lmas\u0131 gerekti\u011fini, yapt\u0131\u011f\u0131m\u0131z ara\u015ft\u0131rmalarda nas\u0131l sonu\u00e7lar \u00e7\u0131kt\u0131\u011f\u0131n\u0131 anlat\u0131yoruz. Bu sonu\u00e7lar\u0131n emniyet te\u015fkilat\u0131n\u0131n daha ileriye g\u00f6t\u00fcr\u00fclmesi i\u00e7in gerekli olan bilgiler i\u00e7erdi\u011fini, bununla ilgili siyaset kurumunun bir \u015feyler yapmas\u0131 gerekti\u011fini s\u00f6yl\u00fcyoruz.&#8221; diye konu\u015ftu.\u00a0<\/p>\n<p>Buna ra\u011fmen, siyaset kurumu ve emniyet te\u015fkilat\u0131n\u0131 y\u00f6netenlerin bu sorunun \u00e7\u00f6z\u00fclmesi i\u00e7in bir \u015fey yapmad\u0131klar\u0131n\u0131 savunan Sezer, T\u00fcrkiye&#8217;deki ihtihar bilgilerinin \u00f6teki \u00fclkelere oranla daha az oldu\u011funun s\u00f6ylendi\u011fini aktard\u0131. Platform S\u00f6zc\u00fcs\u00fc Sezer, &#8220;Oranla can hesaplanmas\u0131 yap\u0131lamaz. Bir can\u0131n bile \u00e7ok b\u00fcy\u00fck de\u011fer arz etti\u011fi durumda bir ailenin babas\u0131n\u0131, bir annenin evlad\u0131n\u0131 kaybetti\u011fi durumda, bunun &#8216;y\u00fcz binde 17-20 intihar\u0131m\u0131z var. Biz d\u00fcnyan\u0131n \u00e7ok ilerisindeyiz, biz daha iyiyiz&#8217; diyerek \u00fcst\u00fcn\u00fcn \u00f6rt\u00fclmeyece\u011fini anlatmaya \u00e7al\u0131\u015f\u0131yoruz. Yapt\u0131\u011f\u0131m\u0131z ara\u015ft\u0131rmalarda, \u00e7al\u0131\u015fmalarda ne yaz\u0131k ki \u00e2l\u00e2 sonu\u00e7lar \u00e7\u0131kmad\u0131\u011f\u0131n\u0131 anlatmaya \u00e7al\u0131\u015f\u0131yoruz&#8221; dedi.<\/p>\n<p><b>&#8220;SON 3-6 AYLIK EVVEL\u0130YATININ ARA\u015eTIRILMASI GEREK\u0130R&#8221;<\/b><\/p>\n<p>Polisin Sesi Platformu S\u00f6zc\u00fcs\u00fc Faruk Sezer, meslekta\u015flar\u0131n\u0131n, istirahatsiz fazla \u00e7al\u0131\u015fma sonucunda buhrana girdi\u011fini, \u00e7al\u0131\u015fmalar\u0131n\u0131n kar\u015f\u0131l\u0131\u011f\u0131n\u0131 alamad\u0131\u011f\u0131n\u0131, s\u00fcrg\u00fcnlerle bo\u011fu\u015ftu\u011funu sav ederek, \u015f\u00f6yle konu\u015ftu:\u00a0<\/p>\n<p>&#8220;&#8216;Mesle\u011finizi elinizden alacak duruma getiririz&#8217; bildirisini veriyorlar. Bunu yapan y\u00f6netim, bunu yapan idare kademesi, emniyet te\u015fkilat\u0131 \u00e7al\u0131\u015fanlar\u0131n\u0131n ne yaz\u0131k ki daha \u00e7abuk buhrana girmesini ve istenmeyen intihar \u00fczere meselelerle bo\u011fu\u015fmas\u0131na sebebiyet veriyor. Burada \u00e7\u0131plak bir g\u00f6zle katiyen \u00f6n yarg\u0131 i\u00e7erisinde olmadan ara\u015ft\u0131rmalar yap\u0131lmal\u0131. Can\u0131na k\u0131yan meslekta\u015flar\u0131m\u0131z\u0131n son 3-6 ayl\u0131k evveliyat\u0131n\u0131n ara\u015ft\u0131r\u0131lmas\u0131 gerekir. Bununla ilgili e\u015fi, annesi, babas\u0131yla gidip tabirlerinin al\u0131nmas\u0131 gerekir. Hatta \u00e7ocuklar\u0131n\u0131n pedagoglar e\u015fli\u011finde tabirlerinin al\u0131nmas\u0131 gerekir. Can\u0131na k\u0131yan o bireyin en son 6 ay i\u00e7erisinde nas\u0131l bir ruh halinde oldu\u011funun g\u00f6zlemlenmesi gerekir. Bir\u00e7ok meslekta\u015f\u0131m\u0131z can\u0131na k\u0131ymadan \u00e7abucak evvel k\u00fc\u00e7\u00fck notlar b\u0131rak\u0131yor, kimileri sayfalarca mektuplar yaz\u0131yor. Bu g\u00f6rd\u00fc\u011f\u00fcm\u00fcz sayfalarca mektuplar\u0131n i\u00e7erisinde bakt\u0131\u011f\u0131m\u0131z vakit bir\u00e7o\u011funun amirlerinden, \u00e7al\u0131\u015fma ko\u015fullar\u0131ndan ve \u00e7al\u0131\u015ft\u0131\u011f\u0131 yerden \u015fikayet etti\u011fini g\u00f6r\u00fcyoruz. Yaln\u0131zca bu bile asl\u0131nda ayr\u0131nt\u0131l\u0131 bir ara\u015ft\u0131rma yapmam\u0131z gerekti\u011fini ortaya koyuyor.&#8221;<\/p>\n<p><b>&#8220;BU BEDENLER B\u0130R YERDE &#8216;\u0130MDAT&#8217; D\u0130YOR&#8221;<\/b><\/p>\n<p>Baz\u0131 polislerin intihar etmeden evvel e\u015flerini ve \u00e7ocuklar\u0131n\u0131 da katletti\u011fini belirten Sezer, Mersin&#8217;de vazifeli polis memurunun, e\u015fini, kay\u0131nvalidesini, kay\u0131nbabas\u0131n\u0131, halas\u0131n\u0131 \u00f6ld\u00fcrd\u00fc\u011f\u00fcn\u00fc hat\u0131rlatt\u0131, d\u00fcn de \u00fc\u00e7 polisin daha intihar etti\u011fini s\u00f6yledi.\u00a0<\/p>\n<p>Bu sorunun tahlili i\u00e7in tekraren \u0130\u00e7i\u015fleri Bakanl\u0131\u011f\u0131na seslendiklerini, bir \u00e7al\u0131\u015fma yap\u0131lmas\u0131 gerekti\u011fini s\u00f6ylediklerini aktaran Sezer, &#8220;Ama bakt\u0131\u011f\u0131m\u0131z vakit &#8216;\u0130ntiharlar nas\u0131l \u00f6nlenir&#8217; derslerinin verildi\u011fi, hizmet i\u00e7i e\u011fitimlerle &#8216;intihar etmenin makus bir \u015fey oldu\u011funu&#8217; anlatan k\u0131sa g\u00f6r\u00fcnt\u00fcler payla\u015ft\u0131klar\u0131n\u0131 g\u00f6rd\u00fck. Hay\u0131r, bundan bahsetmiyoruz. Biz idare olarak \u00e7ok g\u00fc\u00e7 kurallar alt\u0131nda y\u00f6netildi\u011fimizi s\u00f6yl\u00fcyoruz. Emniyet te\u015fkilat\u0131 ne yaz\u0131k ki liyakat sahibi olmayan y\u00f6netimciler taraf\u0131ndan y\u00f6netiliyor. Bask\u0131yla elinde sopayla y\u00f6neticilik yap\u0131lmaz. 2025 y\u0131l\u0131nday\u0131z ve hala elinde sopayla y\u00f6neticilik yap\u0131yor. Seni \u015furadan \u015furaya s\u00fcrerim, senin ekme\u011fin ac\u0131t\u0131r\u0131m, sana \u015fark, do\u011fu \u00e7\u0131kar\u0131r\u0131m, seni \u00f6teki daha uzak bir yere g\u00f6nderirim, ailene bile gelip bakamazs\u0131n, ailene gelip yard\u0131m edemezsin hale getiririm, seni bu hallere d\u00fc\u015f\u00fcr\u00fcr\u00fcm, o y\u00fczden \u00e7al\u0131\u015facaks\u0131n ve susacaks\u0131n&#8230; bask\u0131s\u0131yla \u00e7al\u0131\u015f\u0131yorlar. Bu bedenler bir yerde &#8216;imdat&#8217;, &#8216;yeter&#8217; diyor&#8221; diye konu\u015ftu.\u00a0<\/p>\n<p>Polislerin &#8220;y\u0131ld\u0131rma ve mobbing&#8221; nedeniyle intihar etti\u011fini tabir eden Faruk Sezer, &#8220;2024 y\u0131l\u0131nda 70 meslekta\u015f\u0131m\u0131z can\u0131na k\u0131yd\u0131. 2025&#8217;in birinci on be\u015f g\u00fcn\u00fcnde 8 meslekta\u015f\u0131m\u0131z can\u0131na k\u0131yd\u0131. 15. g\u00fcndeyiz 8 meslekta\u015f\u0131m\u0131z hayattan vazge\u00e7me yolunu se\u00e7ti. Bunlar\u0131n bitmesi i\u00e7in, kolay \u00f6l\u00fcmlerin sona ermesi i\u00e7in gerek \u0130\u00e7i\u015fleri Bakanl\u0131\u011f\u0131n\u0131n, gerek Emniyet Genel M\u00fcd\u00fcrl\u00fc\u011f\u00fcn\u00fcn ve emniyet te\u015fkilat\u0131n\u0131n idarelerini misyona davet ediyoruz.&#8221; dedi.\u00a0<\/p>\n","protected":false},"excerpt":{"rendered":"<p>Polisin Sesi Platformu S\u00f6zc\u00fcs\u00fc Faruk Sezer, ge\u00e7en y\u0131l 70, bu y\u0131l\u0131n birinci on be\u015f g\u00fcn\u00fcnde ise 8 polisin intihar etti\u011fini a\u00e7\u0131klad\u0131.<\/p>\n","protected":false},"author":1,"featured_media":10990,"comment_status":"open","ping_status":"open","sticky":false,"template":"","format":"standard","meta":{"footnotes":""},"categories":[25],"tags":[235,2518,2225,269,1951],"class_list":["post-10989","post","type-post","status-publish","format-standard","has-post-thumbnail","hentry","category-gundem","tag-calisma","tag-emniyet-teskilati","tag-intihar","tag-polis","tag-sezer"],"_links":{"self":[{"href":"https:\/\/ikimisli.tr\/index.php\/wp-json\/wp\/v2\/posts\/10989","targetHints":{"allow":["GET"]}}],"collection":[{"href":"https:\/\/ikimisli.tr\/index.php\/wp-json\/wp\/v2\/posts"}],"about":[{"href":"https:\/\/ikimisli.tr\/index.php\/wp-json\/wp\/v2\/types\/post"}],"author":[{"embeddable":true,"href":"https:\/\/ikimisli.tr\/index.php\/wp-json\/wp\/v2\/users\/1"}],"replies":[{"embeddable":true,"href":"https:\/\/ikimisli.tr\/index.php\/wp-json\/wp\/v2\/comments?post=10989"}],"version-history":[{"count":1,"href":"https:\/\/ikimisli.tr\/index.php\/wp-json\/wp\/v2\/posts\/10989\/revisions"}],"predecessor-version":[{"id":10991,"href":"https:\/\/ikimisli.tr\/index.php\/wp-json\/wp\/v2\/posts\/10989\/revisions\/10991"}],"wp:featuredmedia":[{"embeddable":true,"href":"https:\/\/ikimisli.tr\/index.php\/wp-json\/wp\/v2\/media\/10990"}],"wp:attachment":[{"href":"https:\/\/ikimisli.tr\/index.php\/wp-json\/wp\/v2\/media?parent=10989"}],"wp:term":[{"taxonomy":"category","embeddable":true,"href":"https:\/\/ikimisli.tr\/index.php\/wp-json\/wp\/v2\/categories?post=10989"},{"taxonomy":"post_tag","embeddable":true,"href":"https:\/\/ikimisli.tr\/index.php\/wp-json\/wp\/v2\/tags?post=10989"}],"curies":[{"name":"wp","href":"https:\/\/api.w.org\/{rel}","templated":true}]}}