{"id":10995,"date":"2025-02-15T01:48:08","date_gmt":"2025-02-15T01:48:08","guid":{"rendered":"https:\/\/ikimisli.tr\/?p=10995"},"modified":"2025-02-15T01:48:08","modified_gmt":"2025-02-15T01:48:08","slug":"turkiyedeki-bu-okulun-tek-ogrencisi-var","status":"publish","type":"post","link":"https:\/\/ikimisli.tr\/index.php\/2025\/02\/15\/turkiyedeki-bu-okulun-tek-ogrencisi-var\/","title":{"rendered":"T\u00fcrkiye&#8217;deki bu okulun tek \u00f6\u011frencisi var"},"content":{"rendered":"<p>Van&#8217;\u0131n G\u00fcrp\u0131nar il\u00e7esine 70 kilometre uzakl\u0131ktaki Da\u011fseven Mahallesi&#8217;nin 15 hane ve 90 n\u00fcfuslu Ya\u015fl\u0131dal mezras\u0131ndaki 2 derslikli okulda e\u011fitim g\u00f6ren Hasret Ayd\u0131n, okulun tek \u00f6\u011frencisi. 1998&#8217;de in\u015fa edilen, 22 \u00f6\u011frenci ile e\u011fitim-\u00f6\u011fretim y\u0131l\u0131na ba\u015flayan okulda, 3 y\u0131l evvel \u00f6\u011frenci say\u0131s\u0131 3&#8217;e d\u00fc\u015ft\u00fc. 2 y\u0131l evvel de 2 \u00f6\u011frencinin ortaokula ba\u015flamas\u0131 ile okulda yaln\u0131zca 1 \u00f6\u011frenci kald\u0131.<\/p>\n<p><img decoding=\"async\" src=\"https:\/\/ikimisli.tr\/wp-content\/uploads\/2025\/02\/turkiyedeki-bu-okulun-tek-ogrencisi-var-0-umCKzBFa.jpg\"\/><\/p>\n<p>\u0130l\u00e7e Milli E\u011fitim M\u00fcd\u00fcrl\u00fc\u011f\u00fc taraf\u0131ndan 3 y\u0131ld\u0131r fiyatl\u0131 atanan \u00f6\u011fretmen \u015eahin Ayd\u0131n, okulun tek \u00f6\u011frencisi Hasretle yak\u0131ndan ilgileniyor. Her g\u00fcn Hasret&#8217;i konutundan al\u0131p okula getiren \u00f6\u011fretmen Ayd\u0131n, sobay\u0131 yakt\u0131ktan sonra derslere ba\u015fl\u0131yor. Okula gelen Hasret soban\u0131n etraf\u0131nda bir m\u00fchlet \u0131s\u0131nd\u0131ktan sonra dersba\u015f\u0131 yap\u0131yor.<\/p>\n<p><b>&#8216;DOKTOR OLMAK \u0130ST\u0130YORUM&#8217;<\/b><\/p>\n<p>\u0130\u015fledi\u011fi ders ve kitap okuma etkinli\u011finden sonra s\u00f6mestir tatili nedeniyle karnesini bir g\u00fcn evvelden \u00f6\u011fretmeni Ayd\u0131n&#8217;\u0131n elinden alan Hasret Ayd\u0131n, okuyup doktor olaca\u011f\u0131n\u0131 belirtti. Ayd\u0131n, \u201cKarnemi ald\u0131\u011f\u0131m i\u00e7in \u00e7ok heyecanl\u0131y\u0131m. B\u00fcy\u00fcy\u00fcnce doktor olmak istiyorum. Okulun tek \u00f6\u011frencisiyim. \u00d6\u011fretmenimin verdi\u011fi kitaplar\u0131 da tatilde bol bol okuyaca\u011f\u0131m\u201d dedi.<\/p>\n<p><img decoding=\"async\" src=\"https:\/\/ikimisli.tr\/wp-content\/uploads\/2025\/02\/turkiyedeki-bu-okulun-tek-ogrencisi-var-1-SduYifIF.jpg\"\/><\/p>\n<p>Okulda 3 y\u0131ld\u0131r fiyatl\u0131 \u00f6\u011fretmenlik yapan \u015eahin Ayd\u0131n, bu y\u0131l da Hasretle birlikte e\u011fitim-\u00f6\u011fretime devam ettiklerini s\u00f6yledi. Ayd\u0131n, &#8220;Hasret okulun tek \u00f6\u011frencisi oldu\u011fu i\u00e7in yak\u0131ndan ilgileniyorum. Hasret&#8217;in bu y\u0131lki karnesi evvelki y\u0131llara nazaran biraz daha g\u00fczel. Muvaffakiyet oran\u0131 her ge\u00e7en y\u0131l art\u0131yor. Sabah gelip sobay\u0131 yak\u0131yorum, s\u0131n\u0131f\u0131 temizliyorum ve t\u00fcm haz\u0131rl\u0131klar\u0131 yapt\u0131ktan sonra derslere ba\u015fl\u0131yoruz. Ben s\u0131n\u0131f\u0131 d\u00fczenlerken Hasret de o esnada kitap okuyor. Bir \u00f6\u011frenci i\u00e7in okulu a\u00e7mak b\u00fcy\u00fck bir fedakarl\u0131k. Bizimle ilgilenip her t\u00fcrl\u00fc takviyesi veren il\u00e7e kaymakam\u0131m\u0131z ve vilayet ve il\u00e7e ulusal e\u011fitim m\u00fcd\u00fcrlerimize \u00e7ok te\u015fekk\u00fcr ediyoruz\u201d dedi.<\/p>\n","protected":false},"excerpt":{"rendered":"<p>Van&#8217;da 2 derslik okulun tek \u00f6\u011frencisi 9 ya\u015f\u0131ndaki Hasret Ayd\u0131n s\u00f6mestir tatili nedeniyle karnesini her g\u00fcn kendisini okula getirip, g\u00f6t\u00fcren \u00f6\u011fretmeni \u015eahin Ayd\u0131n&#8217;\u0131n (31) elinden bir g\u00fcn evvelce ald\u0131. \u00d6\u011fretmen Ayd\u0131n, &#8220;Bir \u00f6\u011frenci i\u00e7in okulu a\u00e7mak b\u00fcy\u00fck bir fedakarl\u0131k. Bizimle ilgilenip her t\u00fcrl\u00fc takviyesi veren il\u00e7e kaymakam\u0131m\u0131z ve vilayet ve il\u00e7e ulusal e\u011fitim m\u00fcd\u00fcrlerimize \u00e7ok te\u015fekk\u00fcr ediyoruz&#8221; dedi.<\/p>\n","protected":false},"author":1,"featured_media":10996,"comment_status":"open","ping_status":"open","sticky":false,"template":"","format":"standard","meta":{"footnotes":""},"categories":[25],"tags":[2520,2522,2519,658,2521],"class_list":["post-10995","post","type-post","status-publish","format-standard","has-post-thumbnail","hentry","category-gundem","tag-aydin","tag-ders","tag-hasret","tag-ogrenci","tag-okulu"],"_links":{"self":[{"href":"https:\/\/ikimisli.tr\/index.php\/wp-json\/wp\/v2\/posts\/10995","targetHints":{"allow":["GET"]}}],"collection":[{"href":"https:\/\/ikimisli.tr\/index.php\/wp-json\/wp\/v2\/posts"}],"about":[{"href":"https:\/\/ikimisli.tr\/index.php\/wp-json\/wp\/v2\/types\/post"}],"author":[{"embeddable":true,"href":"https:\/\/ikimisli.tr\/index.php\/wp-json\/wp\/v2\/users\/1"}],"replies":[{"embeddable":true,"href":"https:\/\/ikimisli.tr\/index.php\/wp-json\/wp\/v2\/comments?post=10995"}],"version-history":[{"count":1,"href":"https:\/\/ikimisli.tr\/index.php\/wp-json\/wp\/v2\/posts\/10995\/revisions"}],"predecessor-version":[{"id":10999,"href":"https:\/\/ikimisli.tr\/index.php\/wp-json\/wp\/v2\/posts\/10995\/revisions\/10999"}],"wp:featuredmedia":[{"embeddable":true,"href":"https:\/\/ikimisli.tr\/index.php\/wp-json\/wp\/v2\/media\/10996"}],"wp:attachment":[{"href":"https:\/\/ikimisli.tr\/index.php\/wp-json\/wp\/v2\/media?parent=10995"}],"wp:term":[{"taxonomy":"category","embeddable":true,"href":"https:\/\/ikimisli.tr\/index.php\/wp-json\/wp\/v2\/categories?post=10995"},{"taxonomy":"post_tag","embeddable":true,"href":"https:\/\/ikimisli.tr\/index.php\/wp-json\/wp\/v2\/tags?post=10995"}],"curies":[{"name":"wp","href":"https:\/\/api.w.org\/{rel}","templated":true}]}}