{"id":1109,"date":"2025-01-05T09:06:48","date_gmt":"2025-01-05T09:06:48","guid":{"rendered":"https:\/\/ikimisli.tr\/?p=1109"},"modified":"2025-01-05T09:06:48","modified_gmt":"2025-01-05T09:06:48","slug":"22-motosiklet-alev-alev-yanmisti-dikkat-ceken-kundaklama-iddasi","status":"publish","type":"post","link":"https:\/\/ikimisli.tr\/index.php\/2025\/01\/05\/22-motosiklet-alev-alev-yanmisti-dikkat-ceken-kundaklama-iddasi\/","title":{"rendered":"22 motosiklet alev alev yanm\u0131\u015ft\u0131: Dikkat \u00e7eken &#8216;kundaklama&#8217; iddas\u0131"},"content":{"rendered":"<p>3 Ocak Cuma g\u00fcn\u00fc saat 20.00 s\u0131ralar\u0131nda Ka\u011f\u0131thane&#8217;nin Hamidiye Mahallesi&#8217;nde caddede bulunan \u015fof\u00f6r kurslar\u0131na ili\u015fkin motosikletlerin bulundu\u011fu konteynerde \u015fimdi bilinmeyen bir nedenle yang\u0131n \u00e7\u0131kt\u0131.\u00a0<\/p>\n<p>K\u0131sa m\u00fcddette b\u00fcy\u00fcyen alevler, konteynerin yan\u0131nda park halinde bulunan 2 minib\u00fcse de s\u0131\u00e7rad\u0131. Yang\u0131n\u0131 g\u00f6ren etraftaki \u015fof\u00f6rlerin ihbar\u0131 \u00fczerine olay yerine \u00e7ok say\u0131da itfaiye grubu sevk edildi. K\u0131sa m\u00fcddette olay yerine gelen itfaiye gruplar\u0131 yang\u0131na m\u00fcdahale etti.<\/p>\n<p><b>KUNDAKLAMA \u015e\u00dcPHES\u0130<\/b><\/p>\n<p>Yang\u0131n\u0131n s\u00f6nd\u00fcr\u00fclmesinin akabinde itfaiye tak\u0131mlar\u0131 bir m\u00fchlet so\u011futma \u00e7al\u0131\u015fmas\u0131 yapt\u0131. Yap\u0131lan denetimlerde, yang\u0131nda konteynerde kilitli halde bulunan 22 motosikletin kullan\u0131lamaz hale geldi\u011fi belirlendi. Yang\u0131nda 2 minib\u00fcs de ziyan g\u00f6rd\u00fc. Konteynerin alev alev yand\u0131\u011f\u0131 anlar cep telefonu kameras\u0131yla kaydedildi. Polis tak\u0131mlar\u0131 kundaklama ku\u015fkusu \u00fczerine olayla ilgili soru\u015fturma ba\u015flatt\u0131.<\/p>\n<p><b>&#8216;A\u00c7IK A\u00c7IK Z\u0130YAN VERME AMA\u00c7LIYDI&#8217;<\/b><\/p>\n<p>Olayla ilgili konu\u015fan s\u00fcr\u00fcc\u00fc kursu sorumlular\u0131ndan Erhan \u015eenodak, &#8220;D\u00fcn ak\u015fam 20.00 s\u0131ralar\u0131nda herhalde birisi burada ate\u015f yakm\u0131\u015f. Konteynerin taban\u0131ndaki lastikleri ate\u015fe vermi\u015f. Lastikler yan\u0131nca konteynere s\u0131\u00e7ram\u0131\u015f. B\u00fct\u00fcn konteynerin \u00fcst k\u0131sm\u0131 yan\u0131yor. \u0130\u00e7erideki motosikletlerin hepsi ziyan g\u00f6r\u00fcyor. Bir otob\u00fcs ve servis de ziyan g\u00f6r\u00fcyor, hepsi yan\u0131yor. \u0130tfaiye tak\u0131mlar\u0131 geldi s\u00f6nd\u00fcrd\u00fcler \u00e7al\u0131\u015fma yap\u0131ld\u0131. Tam 20 motosiklet tam yand\u0131. Bunlardan 15&#8217;i kullan\u0131lamaz hale geldi; kurtar\u0131labilecekler de var. Toplamda ziyan kestirimi 5-6 milyon civar\u0131nda. Bariz muhakkak bir\u015fey yok ancak kundaklama \u00fczere duruyor. Zira evvelden \u0131s\u0131nmak i\u00e7in ate\u015f yak\u0131yorlard\u0131 evvelden lakin bu \u0131s\u0131nma hedefli de\u011fildi. Bu direkt a\u00e7\u0131k a\u00e7\u0131k ziyan verme maksatl\u0131yd\u0131. Lastiklerin konteynerin yan\u0131nda ate\u015fe verilmesi bize bile isteye kas\u0131tl\u0131 bir\u015fey \u00fczere geliyor&#8221; dedi.<\/p>\n<p>S\u00fcr\u00fcc\u00fc kursu \u00f6\u011fretmenlerinden Engin Topal ise, &#8220;20.00 civar\u0131nda motosikleti b\u0131rakmaya geldim buraya. Geldi\u011fimde, konteynerin ortas\u0131ndaki lastiklerin ortas\u0131ndan bir alev \u00e7\u0131k\u0131yordu. Alev konteynerin i\u00e7inde s\u0131zm\u0131\u015ft\u0131. \u00c7abucak g\u00f6r\u00fcnt\u00fc \u00e7ektim.Motosiklet k\u00fcmesine g\u00f6r\u00fcnt\u00fcy\u00fc att\u0131m pe\u015findne itfaiyeyi arad\u0131m. Kurs sahiplerine haber verdim. Benim de geride minib\u00fcs\u00fcm vard\u0131. Oraya s\u0131\u00e7ramas\u0131n diye minib\u00fcs\u00fc \u00e7\u0131kard\u0131m. Ba\u015fkalar\u0131na ise maalesef m\u00fcdahale edemedim&#8221; dedi.<\/p>\n","protected":false},"excerpt":{"rendered":"<p>Ka\u011f\u0131thane&#8217;de \u015fof\u00f6r kurslar\u0131n\u0131n e\u011fitimde kulland\u0131\u011f\u0131, 22 motosikletin bulundu\u011fu konteyner alev alev yand\u0131. Park halindeki 2 minib\u00fcs\u00fcn de ziyan g\u00f6rd\u00fc\u011f\u00fc yang\u0131nda, 8 s\u00fcr\u00fcc\u00fc kursu yakla\u015f\u0131k 5 milyon lira maddi ziyana u\u011frad\u0131. Kundaklama ku\u015fkusu \u00fczerine polis olayla ilgili soru\u015fturma ba\u015flatt\u0131.<\/p>\n","protected":false},"author":1,"featured_media":1110,"comment_status":"open","ping_status":"open","sticky":false,"template":"","format":"standard","meta":{"footnotes":""},"categories":[25],"tags":[66,62,65,64,63],"class_list":["post-1109","post","type-post","status-publish","format-standard","has-post-thumbnail","hentry","category-gundem","tag-geldi","tag-konteynerin","tag-motosiklet","tag-yangin","tag-zarar"],"_links":{"self":[{"href":"https:\/\/ikimisli.tr\/index.php\/wp-json\/wp\/v2\/posts\/1109","targetHints":{"allow":["GET"]}}],"collection":[{"href":"https:\/\/ikimisli.tr\/index.php\/wp-json\/wp\/v2\/posts"}],"about":[{"href":"https:\/\/ikimisli.tr\/index.php\/wp-json\/wp\/v2\/types\/post"}],"author":[{"embeddable":true,"href":"https:\/\/ikimisli.tr\/index.php\/wp-json\/wp\/v2\/users\/1"}],"replies":[{"embeddable":true,"href":"https:\/\/ikimisli.tr\/index.php\/wp-json\/wp\/v2\/comments?post=1109"}],"version-history":[{"count":1,"href":"https:\/\/ikimisli.tr\/index.php\/wp-json\/wp\/v2\/posts\/1109\/revisions"}],"predecessor-version":[{"id":1111,"href":"https:\/\/ikimisli.tr\/index.php\/wp-json\/wp\/v2\/posts\/1109\/revisions\/1111"}],"wp:featuredmedia":[{"embeddable":true,"href":"https:\/\/ikimisli.tr\/index.php\/wp-json\/wp\/v2\/media\/1110"}],"wp:attachment":[{"href":"https:\/\/ikimisli.tr\/index.php\/wp-json\/wp\/v2\/media?parent=1109"}],"wp:term":[{"taxonomy":"category","embeddable":true,"href":"https:\/\/ikimisli.tr\/index.php\/wp-json\/wp\/v2\/categories?post=1109"},{"taxonomy":"post_tag","embeddable":true,"href":"https:\/\/ikimisli.tr\/index.php\/wp-json\/wp\/v2\/tags?post=1109"}],"curies":[{"name":"wp","href":"https:\/\/api.w.org\/{rel}","templated":true}]}}