{"id":11202,"date":"2025-02-15T17:12:06","date_gmt":"2025-02-15T17:12:06","guid":{"rendered":"https:\/\/ikimisli.tr\/?p=11202"},"modified":"2025-02-15T17:12:06","modified_gmt":"2025-02-15T17:12:06","slug":"unlu-markanin-kurucusu-hayatini-kaybetti","status":"publish","type":"post","link":"https:\/\/ikimisli.tr\/index.php\/2025\/02\/15\/unlu-markanin-kurucusu-hayatini-kaybetti\/","title":{"rendered":"\u00dcnl\u00fc markan\u0131n kurucusu hayat\u0131n\u0131 kaybetti"},"content":{"rendered":"<p>Ba\u015fta eserlerin a\u011f\u0131rla\u015ft\u0131\u011f\u0131 s\u00f6rf d\u00fcnyas\u0131n\u0131n \u00f6nde gelen isimleri olmak \u00fczere bir\u00e7ok \u00fcnl\u00fc sima, Alan Green&#8217;in vefat\u0131n\u0131n akabinde duygusal anma bildirileri yay\u0131mlad\u0131. 11 sefer D\u00fcnya S\u00f6rf Ligi \u015fampiyonu olan Kelly Slater, toplumsal medyada yapt\u0131\u011f\u0131 payla\u015f\u0131mda, &#8220;Seni seviyorum Green. Biriciktin ve bir\u00e7ok ki\u015fi i\u00e7in ola\u011fan\u00fcst\u00fc bir dost ve ak\u0131l hocas\u0131yd\u0131n. Seni sonsuza dek \u00f6zleyece\u011fim&#8221; diye yazd\u0131.<\/p>\n<p><b>GARAJDAN D\u00dcNYAYA A\u00c7ILAN B\u0130R MARKA<\/b><\/p>\n<p>Ba\u015fta s\u00f6rf ve kayak olmak \u00fczere spor giysi eserleriyle \u00fcnl\u00fc Quiksilver markas\u0131n\u0131n k\u0131ssas\u0131, 1969\u2019da Melbourne\u2019un g\u00fcneybat\u0131s\u0131ndaki Torquay\u2019da bir pub\u0131n ard\u0131ndaki garajda ba\u015flad\u0131. Green, Rip Curl\u2019\u00fcn kurucular\u0131 Brian Singer ve Doug Warbrick ile birlikte dalg\u0131\u00e7 k\u0131yafetleri yaparak i\u015fe koyulmu\u015ftu.<\/p>\n<p>Daha sonra, yak\u0131n arkada\u015f\u0131 John Law\u2019un takviyesiyle, Quiksilver markas\u0131n\u0131 resmen kurdu. Birinci eserleri olan ihtilal niteli\u011findeki s\u00f6rf \u015fortlar\u0131, y\u00fcksek art bel tasar\u0131m\u0131 ve c\u0131rt c\u0131rtl\u0131 fermuar\u0131yla konfor ve performans\u0131 bir ortaya getirdi. Bu \u015fortlar, k\u0131sa m\u00fcddette d\u00fcnya \u00e7ap\u0131nda s\u00f6rf\u00e7\u00fclerin favorisi haline geldi.<\/p>\n<p><b>K\u00dc\u00c7\u00dcK B\u0130R MARKADAN GLOBAL B\u0130R DEVE<\/b><\/p>\n<p>Avustralya\u2019da s\u00fcratle y\u00fckselen marka, 1970\u2019lerde ABD pazar\u0131na girerek memleketler aras\u0131 alanda b\u00fcy\u00fcmeye ba\u015flad\u0131. 1980\u2019lerde Avrupa ve Asya pazarlar\u0131na a\u00e7\u0131lan Quiksilver, 1986\u2019da ABD\u2019de halka a\u00e7\u0131k birinci s\u00f6rf markas\u0131 olarak tarihe ge\u00e7ti.<\/p>\n<p>Markan\u0131n muvaffakiyetinde, Green\u2019in yetenekli s\u00f6rf\u00e7\u00fcleri ke\u015ffetme ve onlarla i\u015f birli\u011fi yapma konusundaki \u00f6ng\u00f6r\u00fcs\u00fc b\u00fcy\u00fck rol oynad\u0131. Lisa Andersen, Tom Carroll, Stephanie Gilmore \u00fczere isimlerle unutulmaz projelere imza att\u0131. S\u00f6rf efsanesi Kelly Slater, 18 ya\u015f\u0131nda Quiksilver ile muahede imzalad\u0131 ve 42 ya\u015f\u0131na kadar markan\u0131n y\u00fcz\u00fc oldu.<\/p>\n","protected":false},"excerpt":{"rendered":"<p>Avustralya men\u015feili \u00fcnl\u00fc spor giysi markas\u0131n\u0131n vizyoner kurucusu Alan Green, k\u0131sa bir kanser gayretinin akabinde Torquay\u2019daki konutunda 77 ya\u015f\u0131nda hayat\u0131n\u0131 kaybetti.<\/p>\n","protected":false},"author":1,"featured_media":11203,"comment_status":"open","ping_status":"open","sticky":false,"template":"","format":"standard","meta":{"footnotes":""},"categories":[43],"tags":[245,2559],"class_list":["post-11202","post","type-post","status-publish","format-standard","has-post-thumbnail","hentry","category-dunya","tag-marka","tag-sorf"],"_links":{"self":[{"href":"https:\/\/ikimisli.tr\/index.php\/wp-json\/wp\/v2\/posts\/11202","targetHints":{"allow":["GET"]}}],"collection":[{"href":"https:\/\/ikimisli.tr\/index.php\/wp-json\/wp\/v2\/posts"}],"about":[{"href":"https:\/\/ikimisli.tr\/index.php\/wp-json\/wp\/v2\/types\/post"}],"author":[{"embeddable":true,"href":"https:\/\/ikimisli.tr\/index.php\/wp-json\/wp\/v2\/users\/1"}],"replies":[{"embeddable":true,"href":"https:\/\/ikimisli.tr\/index.php\/wp-json\/wp\/v2\/comments?post=11202"}],"version-history":[{"count":1,"href":"https:\/\/ikimisli.tr\/index.php\/wp-json\/wp\/v2\/posts\/11202\/revisions"}],"predecessor-version":[{"id":11204,"href":"https:\/\/ikimisli.tr\/index.php\/wp-json\/wp\/v2\/posts\/11202\/revisions\/11204"}],"wp:featuredmedia":[{"embeddable":true,"href":"https:\/\/ikimisli.tr\/index.php\/wp-json\/wp\/v2\/media\/11203"}],"wp:attachment":[{"href":"https:\/\/ikimisli.tr\/index.php\/wp-json\/wp\/v2\/media?parent=11202"}],"wp:term":[{"taxonomy":"category","embeddable":true,"href":"https:\/\/ikimisli.tr\/index.php\/wp-json\/wp\/v2\/categories?post=11202"},{"taxonomy":"post_tag","embeddable":true,"href":"https:\/\/ikimisli.tr\/index.php\/wp-json\/wp\/v2\/tags?post=11202"}],"curies":[{"name":"wp","href":"https:\/\/api.w.org\/{rel}","templated":true}]}}