{"id":11274,"date":"2025-02-15T22:00:07","date_gmt":"2025-02-15T22:00:07","guid":{"rendered":"https:\/\/ikimisli.tr\/?p=11274"},"modified":"2025-02-15T22:00:07","modified_gmt":"2025-02-15T22:00:07","slug":"besiktasta-buyuk-kalabalik-toplandi","status":"publish","type":"post","link":"https:\/\/ikimisli.tr\/index.php\/2025\/02\/15\/besiktasta-buyuk-kalabalik-toplandi\/","title":{"rendered":"Be\u015fikta\u015f&#8217;ta b\u00fcy\u00fck kalabal\u0131k topland\u0131"},"content":{"rendered":"<p>\u0130stanbul Cumhuriyet Ba\u015fsac\u0131l\u0131\u011f\u0131 taraf\u0131ndan y\u00fcr\u00fct\u00fclen soru\u015fturma kapsam\u0131nda \u015fafak operasyonu ile g\u00f6zalt\u0131na al\u0131nan Be\u015fikta\u015f Belediye Ba\u015fkan\u0131 R\u0131za Akpolat&#8217;a destekler devam ediyor.<\/p>\n<p>CHP&#8217;li belediye ba\u015fkanlar\u0131 Be\u015fikta\u015f Belediye Ba\u015fkan\u0131 R\u0131za Akpolat\u2019\u0131n g\u00f6zalt\u0131na al\u0131nmas\u0131na reaksiyon g\u00f6stermek i\u00e7in \u0130stanbul Be\u015fikta\u015f&#8217;a geldi.<\/p>\n<p>T\u00fcrkiye&#8217;nin d\u00f6rt bir yan\u0131ndan gelen belediye liderleri ve partililer b\u00fcy\u00fck kalabal\u0131k olu\u015fturdu.\u00a0<\/p>\n<p>CHP Genel Ba\u015fkan\u0131 \u00d6zg\u00fcr \u00d6zel, \u0130stanbul B\u00fcy\u00fck\u015fehir Belediye Lideri Ekrem \u0130mamo\u011flu ve Ankara B\u00fcy\u00fck\u015fehir Belediye Ba\u015fkan\u0131 Mansur Yava\u015f&#8217;\u0131n konu\u015fma yapmas\u0131 bekleniyor.\u00a0<\/p>\n<p><b>&#8216;B\u00d6YLE B\u0130R ORTAMDA YAPILACAK \u0130\u015e DE\u011e\u0130L&#8217;<\/b><\/p>\n<p>Be\u015fikta\u015f Belediyesi \u00f6n\u00fcnde konu\u015fan \u0130zmir B\u00fcy\u00fck\u015fehir Belediye Ba\u015fkan\u0131 Cemil Tugay, &#8220;Bu yoksulluk, i\u015fsizlik yokluk ortam\u0131nda insanlar\u0131m\u0131z\u0131n kayg\u0131lar\u0131na deva \u00fcretmeye \u00e7al\u0131\u015f\u0131yoruz. Bu t\u00fcrl\u00fc bir ortamda yap\u0131lacak i\u015f de\u011fil bu&#8221; dedi.<\/p>\n<p><b>&#8216;\u0130N\u015eALLAH ADALET TECELL\u0130 EDER&#8217;<\/b><\/p>\n<p>Be\u015fikta\u015f Belediyesi \u00f6n\u00fcnde adalet talebini lisana getiren Antalya B\u00fcy\u00fck\u015fehir Belediye Ba\u015fkan\u0131 Muhittin B\u00f6cek, burada yapt\u0131\u011f\u0131 a\u00e7\u0131klamada, \u015f\u00f6yle konu\u015ftu:<\/p>\n<p>&#8220;Bug\u00fcn burada say\u0131n Genel Ba\u015fkan\u0131m\u0131zla, belediye liderlerimizle birlikte Be\u015fikta\u015fl\u0131 vatanda\u015flar\u0131n oylar\u0131 ile se\u00e7ilmi\u015f belediye liderimizin yan\u0131nda olmak olmak i\u00e7in geldik. \u0130n\u015fallah adalet tecelli eder. Burada Be\u015fikta\u015fl\u0131 hem\u015fehrilerimiz onu bekliyorlar. Bizim hi\u00e7bir \u00e7ekincemiz yok. Bug\u00fcne kadar biz do\u011frular\u0131 yapmaya \u00e7al\u0131\u015ft\u0131k bundan sonra da daima birlikte tekrar azimle gururla \u00e7al\u0131\u015fmalar\u0131m\u0131za devam edece\u011fiz.&#8221;<\/p>\n<p><b>NE OLMU\u015eTU?<\/b><\/p>\n<p>\u0130stanbul Cumhuriyet Ba\u015fsavc\u0131l\u0131\u011f\u0131&#8217;n\u0131n ba\u015flatt\u0131\u011f\u0131 ve bir dizi su\u00e7lamay\u0131 i\u00e7eren soru\u015fturma kapsam\u0131nda Pazartesi g\u00fcn\u00fc ziyaret i\u00e7in gitti\u011fi Bal\u0131kesir Edremit&#8217;te g\u00f6zalt\u0131na al\u0131n\u0131p \u0130stanbul&#8217;a getirilmi\u015fti.<\/p>\n<p>O g\u00fcnden beri \u0130stanbul Emniyet M\u00fcd\u00fcrl\u00fc\u011f\u00fc&#8217;n\u00fcn Vatan Caddesi&#8217;ndeki binas\u0131nda tutulan Akpolat, bu sabah 07.30 s\u0131ralar\u0131nda \u00f6teki g\u00f6zalt\u0131larla birlikte Bayrampa\u015fa Devlet Hastanesi&#8217;ne g\u00f6t\u00fcr\u00fcld\u00fc.<\/p>\n<p>Polisin hastanenin \u0130simli Poliklini\u011fi \u00f6n\u00fcnde geni\u015f g\u00fcvenlik tedbiri ald\u0131\u011f\u0131 g\u00f6r\u00fcld\u00fc. Operasyon kapsam\u0131nda g\u00f6zalt\u0131na al\u0131nan ba\u015fka bireylerin de s\u0131hhat denetiminden ge\u00e7irildi\u011fi \u00f6\u011frenildi. Akpolat&#8217;\u0131n da i\u00e7inde bulundu\u011fu ara\u00e7 bir m\u00fchlet sonra \u00c7a\u011flayan&#8217;daki \u0130stanbul Adliyesi&#8217;ne hakikat yola \u00e7\u0131kt\u0131. Sevk konvoyu 09.00 s\u0131ralar\u0131nda adliyeye ula\u015ft\u0131.<\/p>\n<p>CHP Genel Lider Yard\u0131mc\u0131s\u0131 G\u00fcl \u00c7iftci ve CHP \u0130stanbul \u0130l Ba\u015fkan\u0131 \u00d6zg\u00fcr \u00c7elik&#8217;in yapt\u0131\u011f\u0131 a\u00e7\u0131klamaya nazaran, \u0130stek Akpolat soru\u015fturma savc\u0131s\u0131na s\u00f6z verecek.<\/p>\n","protected":false},"excerpt":{"rendered":"<p>\u00c7ok say\u0131da partili ve belediye ba\u015fkan\u0131, Be\u015fikta\u015f Belediye Ba\u015fkan\u0131 \u0130stek Akpolat\u2019\u0131n g\u00f6zalt\u0131na al\u0131nmas\u0131na reaksiyon g\u00f6stermek i\u00e7in Be\u015fikta\u015f&#8217;a geldi. CHP Genel Ba\u015fkan\u0131 \u00d6zg\u00fcr \u00d6zel, \u0130stanbul B\u00fcy\u00fck\u015fehir Belediye Lideri Ekrem \u0130mamo\u011flu ve Ankara B\u00fcy\u00fck\u015fehir Belediye Ba\u015fkan\u0131 Mansur Yava\u015f&#8217;\u0131n konu\u015fma yapmas\u0131 bekleniyor.<\/p>\n","protected":false},"author":1,"featured_media":11275,"comment_status":"open","ping_status":"open","sticky":false,"template":"","format":"standard","meta":{"footnotes":""},"categories":[25],"tags":[2564,32,2074,323,380],"class_list":["post-11274","post","type-post","status-publish","format-standard","has-post-thumbnail","hentry","category-gundem","tag-akpolat","tag-baskan","tag-belediye-baskani","tag-besiktas","tag-istanbul"],"_links":{"self":[{"href":"https:\/\/ikimisli.tr\/index.php\/wp-json\/wp\/v2\/posts\/11274","targetHints":{"allow":["GET"]}}],"collection":[{"href":"https:\/\/ikimisli.tr\/index.php\/wp-json\/wp\/v2\/posts"}],"about":[{"href":"https:\/\/ikimisli.tr\/index.php\/wp-json\/wp\/v2\/types\/post"}],"author":[{"embeddable":true,"href":"https:\/\/ikimisli.tr\/index.php\/wp-json\/wp\/v2\/users\/1"}],"replies":[{"embeddable":true,"href":"https:\/\/ikimisli.tr\/index.php\/wp-json\/wp\/v2\/comments?post=11274"}],"version-history":[{"count":1,"href":"https:\/\/ikimisli.tr\/index.php\/wp-json\/wp\/v2\/posts\/11274\/revisions"}],"predecessor-version":[{"id":11276,"href":"https:\/\/ikimisli.tr\/index.php\/wp-json\/wp\/v2\/posts\/11274\/revisions\/11276"}],"wp:featuredmedia":[{"embeddable":true,"href":"https:\/\/ikimisli.tr\/index.php\/wp-json\/wp\/v2\/media\/11275"}],"wp:attachment":[{"href":"https:\/\/ikimisli.tr\/index.php\/wp-json\/wp\/v2\/media?parent=11274"}],"wp:term":[{"taxonomy":"category","embeddable":true,"href":"https:\/\/ikimisli.tr\/index.php\/wp-json\/wp\/v2\/categories?post=11274"},{"taxonomy":"post_tag","embeddable":true,"href":"https:\/\/ikimisli.tr\/index.php\/wp-json\/wp\/v2\/tags?post=11274"}],"curies":[{"name":"wp","href":"https:\/\/api.w.org\/{rel}","templated":true}]}}