{"id":11393,"date":"2025-02-16T07:48:07","date_gmt":"2025-02-16T07:48:07","guid":{"rendered":"https:\/\/ikimisli.tr\/?p=11393"},"modified":"2025-02-16T07:48:07","modified_gmt":"2025-02-16T07:48:07","slug":"suleyman-soyludan-flas-aciklama-aktif-siyaseti-birakacagim","status":"publish","type":"post","link":"https:\/\/ikimisli.tr\/index.php\/2025\/02\/16\/suleyman-soyludan-flas-aciklama-aktif-siyaseti-birakacagim\/","title":{"rendered":"S\u00fcleyman Soylu&#8217;dan fla\u015f a\u00e7\u0131klama: &#8216;Aktif siyaseti b\u0131rakaca\u011f\u0131m&#8217;"},"content":{"rendered":"<p>Eski \u0130\u00e7i\u015fleri Bakan\u0131 ve AKP Milletvekili S\u00fcleyman Soylu, MHP \u00f6nderi Bah\u00e7eli&#8217;nin \u0130mral\u0131 \u00e7a\u011fr\u0131s\u0131 ve DEM Parti ziyaretinin yan\u0131 s\u0131ra yeni siyasete ait a\u00e7\u0131klamalarda bulundu.<\/p>\n<p><b>&#8220;BAYKAL&#8217;IN YAPTI\u011eINI CHP&#8217;N\u0130N BUG\u00dcN YAPMASI LAZIM&#8221;<\/b><\/p>\n<p>AKP&#8217;li Soylu, iki periyot kural\u0131n\u0131 yanl\u0131\u015f buldu\u011funu kaydederek \u015funlar\u0131 s\u00f6yledi:<\/p>\n<p>&#8220;Merkel\u2019den sonra Almanya ne oldu? A\u015fa\u011f\u0131 hakikat g\u00f6\u00e7\u00fcyor. G\u00f6\u00e7 g\u00fc\u00e7 dahil bir \u00e7ok siyasette tedarik zincirlerinin idaresi dahil olmak \u00fczere hi\u00e7bir siyasette ba\u015far\u0131l\u0131 olamad\u0131lar. Alparslan varken liderlik tart\u0131\u015f\u0131ld\u0131 m\u0131? Fatih varken liderlik tart\u0131\u015f\u0131ld\u0131 m\u0131? Ben bunu anlamakta zorluk \u00e7ekiyorum. D\u00fcnya \u00e7ok kritik bir evreden ge\u00e7iyor. Deneyim ve bilgiye gereksinimimiz var. ABD de iki devir var diye biz iki devir getirdik. \u00d6nder olmay\u0131nca sistem bir i\u015fe yaram\u0131yor. \u00a0\u0130ki devir kural\u0131 var diye bir maveraya sokmak \u00e7ok yanl\u0131\u015f olur. CHP madem o kadar \u00e7ok kendine g\u00fcveniyor kendi adaylar\u0131n\u0131n bizi yenebilece\u011fini d\u00fc\u015f\u00fcn\u00fcyor buyurun desin, haydi bakal\u0131m madem biz iktisatta zorluklar ya\u015fatt\u0131\u011f\u0131m\u0131zdan galip gelebileceklerini d\u00fc\u015f\u00fcn\u00fcyorlar&#8230; Deniz Baykal\u2019\u0131n yapt\u0131\u011f\u0131n\u0131 CHP&#8217;nin bug\u00fcn yapmas\u0131 gerekir. Deniz Baykal, Tayyip Erdo\u011fan\u2019\u0131n yasa\u011f\u0131n\u0131n kalkmas\u0131 konusunda demokratik bir ad\u0131m att\u0131, ABD&#8217;de de bu oldu. CHP bundan ni\u00e7in ka\u00e7ar? Ni\u00e7in bu t\u00fcrl\u00fc bir \u015fey ortaya koyar? Demokratik bir \u00fclkeyiz bu noktada T\u00fcrkiye&#8217;nin bu demokratik tercihinden k\u0131s\u0131tlanmamas\u0131 gerekti\u011fini d\u00fc\u015f\u00fcn\u00fcyorum.&#8221;\u00a0<\/p>\n<p><b>&#8220;\u00d6CALAN S\u0130LAHLARI G\u00d6M\u00dcN DERSE T\u00dcRK DEMOKRAS\u0130S\u0130 TER\u00d6RDEN ARINIR&#8221;<\/b><\/p>\n<p>S\u00fcleyman Soylu, MHP lideri Devlet Bah\u00e7eli&#8217;nin &#8216;\u00d6calan \u00e7a\u011fr\u0131s\u0131n\u0131n&#8217; akabinde ba\u015flayan ve DEM Parti&#8217;nin \u0130mral\u0131 ile siyasi parti ziyaretleri ile devam eden s\u00fcrece ait ise \u015funlar\u0131 kaydetti:<\/p>\n<p>&#8220;Devlet bey ve Tayyip Erdo\u011fan bilgeliklerinin zirvesindeler. T\u00fcrkiye\u2019nin ter\u00f6rle gayretini k\u00fc\u00e7\u00fcmseyenlere ah ediyorum. Bu T\u00fcrkiye\u2019nin ba\u015fard\u0131\u011f\u0131 bir i\u015ftir. 40 y\u0131l ter\u00f6r\u00fcn bir tesiri oldu mu oldu. T\u00fcrkiye \u015funu ba\u015fard\u0131 m\u0131? T\u00fcrkiye ter\u00f6r\u00fc etkisiz hale getirecek bir notaya \u00e7ekti mi \u00e7ekti Bug\u00fcn Pen\u00e7e Kilit kapand\u0131, Kuzey Irak\u2019ta derinlikler olu\u015fturuldu. \u0130\u015fim bitti\u011fi vakit istihbarat raporlar\u0131n\u0131n hepsini okumu\u015fumdur. PKK kuruldu\u011fu g\u00fcnden itibaren stat\u00fckosu birebirdir. PKK 4 ana \u00f6geyle kuruldu; T\u00fcrkiye, Kandil Suriye ve Avrupa. \u0130ran&#8217;\u0131 saym\u0131yoruz. 4 ana \u00f6ge bunlar. PKK bu 4 ana \u00f6gesinde de\u011fi\u015fikli\u011fe gidebildi mi? PKK&#8217;y\u0131 kuran Abdullah \u00d6calan 25 y\u0131ld\u0131r cezaevinde. D\u00fcnya de\u011fi\u015fti, \u00fclkeler de\u011fi\u015fti, devlet anlay\u0131\u015flar\u0131 de\u011fi\u015fti, savunma anlay\u0131\u015flar\u0131 de\u011fi\u015fti. Ter\u00f6r \u00f6rg\u00fct\u00fc PKK\u2019y\u0131 Abdullah \u00d6calan kurmu\u015ftur, b\u00fct\u00fcn canilikleri \u00d6calan yapm\u0131\u015ft\u0131r. Kurucu akl\u0131n\u0131n m\u00fcsaadesi olmadan PKK&#8217;da hi\u00e7 kimse bir ad\u0131m atamaz. \u00d6calan&#8217;\u0131n yan\u0131na bir avukat bir de telefon koyun kandildekilerin Avrupa&#8217;dakilerin ve Suriye&#8217;dekilerin nas\u0131l hizaya geleceklerini g\u00f6receksiniz. Abdullah \u00d6calan ac\u0131mas\u0131z bir katildir bunu en \u00e2l\u00e2 Kandildekiler bilir. Devlet Bey ve Tayyip Erdo\u011fan\u2019\u0131n ortaya koydu\u011fu bu ad\u0131m, T\u00fcrkiye\u2019nin gelece\u011fi a\u00e7\u0131s\u0131ndan en de\u011ferli ad\u0131m oldu\u011funu d\u00fc\u015f\u00fcn\u00fcyorum bu \u00e7ok net. Bu iki insan hayat\u0131n\u0131n son periyotlar\u0131nda deneyimlerinin en u\u00e7 noktalar\u0131nda \u00fclkelerine ili\u015fkin gelecek jenerasyonlar\u0131 bu i\u015fin i\u00e7inde \u00fclke g\u00fc\u00e7 kaybetmesin diye u\u011fra\u015f\u0131 i\u00e7indeler. Abdullah \u00d6calan \u00e7\u0131kar silahlar\u0131 g\u00f6m\u00fcn derse T\u00fcrk demokrasisi ter\u00f6rden ar\u0131n\u0131r m\u0131 ar\u0131n\u0131r. DEM \u00fczerinden ter\u00f6r bask\u0131s\u0131n\u0131n olmad\u0131\u011f\u0131n\u0131 s\u00f6ylemek m\u00fcmk\u00fcn m\u00fc? \u015eu an yeni bir \u015feyler konu\u015fulacak. \u015eayet orada ter\u00f6r devleti kurulursa gelecek ku\u015faklara 50 y\u0131ll\u0131k bir bela b\u0131rak\u0131r\u0131z. \u00a0Bunun ge\u00e7mi\u015f tahlil s\u00fcreci ile hi\u00e7bir ba\u011f\u0131 yok. Sistem olarak da teorik olarak da hi\u00e7bir ba\u011f\u0131 yoktur.&#8221;<\/p>\n<p><b>&#8220;K\u0130MSE \u0130LE M\u00dcZAKERE YAPILMIYOR&#8221;<\/b><\/p>\n<p>AKP&#8217;li Soylu, &#8216;ter\u00f6r \u00f6rg\u00fct\u00fc ile m\u00fczakere&#8217; tabirine reaksiyon g\u00f6stererek, &#8220;Devlet Bah\u00e7eli ve Tayyip Erdo\u011fan\u2019\u0131n att\u0131\u011f\u0131 ad\u0131m asimetrik bir ad\u0131md\u0131r. Biz 45 y\u0131ld\u0131r bize haz\u0131rlanan tuza\u011f\u0131 bozuyoruz. Kimse ile m\u00fczakere yap\u0131lm\u0131yor. M\u00fczakere yok, mutabakat yok, bu t\u00fcrl\u00fc bir \u015fey konusu de\u011fil. Devlet bey bunu s\u00f6yledi\u011fi anda hi\u00e7bir \u015fa\u015fk\u0131nl\u0131k hissetmedim. Ben de ba\u015f\u0131mda y\u0131llardan beri bunu daima doland\u0131r\u0131yorum. \u00a0Doland\u0131rd\u0131\u011f\u0131m \u015fey \u015fu; T\u00fcrkiye de gayret \u00fcst\u00fcnl\u00fc\u011f\u00fcn\u00fc ald\u0131k ve g\u00f6t\u00fcrd\u00fck ve pekala sonra ne yapaca\u011f\u0131z? 40 y\u0131l ge\u00e7ti 40 y\u0131l daha m\u0131 ge\u00e7mesi laz\u0131m. B\u00fcy\u00fck \u00f6nderler b\u00fcy\u00fck ad\u0131mlar atarlar. Bana nazaran iki ba\u015fkan de b\u00fcy\u00fck ad\u0131m att\u0131. E\u011fer \u0130Y\u0130 Parti ve \u00f6b\u00fcrleri biz sanki MHP alan bo\u015falt\u0131yor biz bu alan\u0131 doldururuz diyorlarsa milliyet\u00e7ili\u011fi \u00e2l\u00e2 okumalar\u0131 laz\u0131m. Temel maksat YPG\u2019ye silah b\u0131rakt\u0131rmak.&#8221; tabirlerini kulland\u0131.\u00a0<\/p>\n<p><b>S\u0130YASET\u0130 BIRAKACA\u011eI TAR\u0130H\u0130 A\u00c7IKLADI<\/b><\/p>\n<p>AKP&#8217;li Soylu ayr\u0131yeten, siyaseti b\u0131rakaca\u011f\u0131na ait savlara da kar\u015f\u0131l\u0131k vererek; &#8220;Ben daha evvelden s\u00f6yledim, Tayyip Erdo\u011fan siyaseti b\u0131rakaca\u011f\u0131 g\u00fcn b\u0131rak\u0131r\u0131m. Ba\u015fkan\u0131m\u0131z \u00f6nderimizdir. Davam\u0131z davam\u0131zd\u0131r. Ben milletvekilli\u011fi son periyodumu ben yararl\u0131 olam\u0131yorum kendime ili\u015fkin \u00f6z ele\u015ftirim var deseler &#8216;Ne olursunuz beni azad edin&#8217; diyece\u011fim. Ben kavlime sad\u0131\u011f\u0131m, bu devrin sonunda etkin siyaseti b\u0131rakaca\u011f\u0131m. Cumhurba\u015fkan\u0131m\u0131z\u0131n se\u00e7ilmesi i\u00e7in ben davam\u0131n eriyim, en ufak bir sitemim de kelam konusu de\u011fil&#8221; s\u00f6zlerini kulland\u0131.<\/p>\n<p>AKP&#8217;li Soylu, kendisi ile \u00e7ektirilen foto\u011fraflara ait gelen tenkitlere ise; &#8220;Bundan hi\u00e7bir rahats\u0131zl\u0131\u011f\u0131m kelam konusu de\u011fil. Benim hakk\u0131mda binlerce kelam s\u00f6yleniyor ben Allah\u2019a s\u0131\u011f\u0131n\u0131yorum. Yapt\u0131\u011f\u0131m i\u015flerle ilgili en ufak bir eksikli\u011fi kelam konusu de\u011fil.&#8221; dedi.<\/p>\n","protected":false},"excerpt":{"rendered":"<p>Eski \u0130\u00e7i\u015fleri Bakan\u0131 ve AKP milletvekili S\u00fcleyman Soylu, etkin siyaseti b\u0131rakaca\u011f\u0131 tarihi a\u00e7\u0131klad\u0131.<\/p>\n","protected":false},"author":1,"featured_media":11394,"comment_status":"open","ping_status":"open","sticky":false,"template":"","format":"standard","meta":{"footnotes":""},"categories":[25],"tags":[255,1514,608,238,163],"class_list":["post-11393","post","type-post","status-publish","format-standard","has-post-thumbnail","hentry","category-gundem","tag-dem","tag-lider","tag-ocalan","tag-teror","tag-turk"],"_links":{"self":[{"href":"https:\/\/ikimisli.tr\/index.php\/wp-json\/wp\/v2\/posts\/11393","targetHints":{"allow":["GET"]}}],"collection":[{"href":"https:\/\/ikimisli.tr\/index.php\/wp-json\/wp\/v2\/posts"}],"about":[{"href":"https:\/\/ikimisli.tr\/index.php\/wp-json\/wp\/v2\/types\/post"}],"author":[{"embeddable":true,"href":"https:\/\/ikimisli.tr\/index.php\/wp-json\/wp\/v2\/users\/1"}],"replies":[{"embeddable":true,"href":"https:\/\/ikimisli.tr\/index.php\/wp-json\/wp\/v2\/comments?post=11393"}],"version-history":[{"count":1,"href":"https:\/\/ikimisli.tr\/index.php\/wp-json\/wp\/v2\/posts\/11393\/revisions"}],"predecessor-version":[{"id":11395,"href":"https:\/\/ikimisli.tr\/index.php\/wp-json\/wp\/v2\/posts\/11393\/revisions\/11395"}],"wp:featuredmedia":[{"embeddable":true,"href":"https:\/\/ikimisli.tr\/index.php\/wp-json\/wp\/v2\/media\/11394"}],"wp:attachment":[{"href":"https:\/\/ikimisli.tr\/index.php\/wp-json\/wp\/v2\/media?parent=11393"}],"wp:term":[{"taxonomy":"category","embeddable":true,"href":"https:\/\/ikimisli.tr\/index.php\/wp-json\/wp\/v2\/categories?post=11393"},{"taxonomy":"post_tag","embeddable":true,"href":"https:\/\/ikimisli.tr\/index.php\/wp-json\/wp\/v2\/tags?post=11393"}],"curies":[{"name":"wp","href":"https:\/\/api.w.org\/{rel}","templated":true}]}}