{"id":11483,"date":"2025-02-16T14:36:06","date_gmt":"2025-02-16T14:36:06","guid":{"rendered":"https:\/\/ikimisli.tr\/?p=11483"},"modified":"2025-02-16T14:36:06","modified_gmt":"2025-02-16T14:36:06","slug":"mecliste-bir-acik-mikrofon-kazasi-daha-akpli-vekil-boyle-sitem-etti","status":"publish","type":"post","link":"https:\/\/ikimisli.tr\/index.php\/2025\/02\/16\/mecliste-bir-acik-mikrofon-kazasi-daha-akpli-vekil-boyle-sitem-etti\/","title":{"rendered":"Meclis&#8217;te bir &#8216;a\u00e7\u0131k mikrofon&#8217; kazas\u0131 daha! AKP&#8217;li vekil b\u00f6yle sitem etti"},"content":{"rendered":"<p>TBMM\u2019de Dijital Mecralar Komisyonu\u2019nun bug\u00fcn saat 11.00\u2019de toplanaca\u011f\u0131 ge\u00e7en hafta kurul \u00fcyesi vekillere ve bas\u0131na duyuruldu. Lakin, TBMM Genel Konseyi&#8217;nde T\u00fcrkiye Adalet Akademisi Kanun Teklifi g\u00f6r\u00fc\u015fmelerinin saat 05.15&#8217;te tamamlanmas\u0131, kurul toplant\u0131s\u0131n\u0131n aksamas\u0131na yol a\u00e7t\u0131.<\/p>\n<p>Toplant\u0131 saatinde yerini alan AKP&#8217;li Komisyon Ba\u015fkan\u0131 H\u00fcseyin Yayman, toplant\u0131 k\u00e2fi say\u0131s\u0131n\u0131n olmad\u0131\u011f\u0131n\u0131 g\u00f6r\u00fcnce kurul \u00fcyesi vekilleri telefonla aramaya ba\u015flad\u0131. Bu s\u0131rada mikrofonlar\u0131n a\u00e7\u0131k oldu\u011funu fark etmeyen Yayman\u2019\u0131n telefon g\u00f6r\u00fc\u015fmeleri ve kat\u0131lamayan milletvekillerine sitemi mikrofonlara yans\u0131d\u0131.<\/p>\n<p><b>&#8220;TUNCAY \u00d6ZKAN GEL\u0130YORMU\u015e&#8230;&#8221;<\/b><\/p>\n<p>CHP \u0130zmir Milletvekili Tuncay \u00d6zkan\u2019\u0131 arayan Yayman, yan\u0131nda oturan lider yard\u0131mc\u0131s\u0131 Naz\u0131m Elmas ve vazifeli memura \u201cTuncay \u00d6zkan geliyormu\u015f\u201d diye bilgi verdi.<\/p>\n<p>Daha sonra Kurul \u00dcyesi AKP&#8217;li Muammer Avc\u0131\u2019y\u0131 arayan Yayman, \u201cMuammer Abi, kurul k\u00e2fi say\u0131s\u0131n\u0131 bulamad\u0131k ge\u00e7 kapan\u0131nca. Yak\u0131ndaysan gel, sonra tekrar \u00e7\u0131kars\u0131n\u2026 Tamam abi bekliyoruz\u201d dedi.<\/p>\n<p><b>&#8220;HEM KURUL TOPLANALIM D\u0130YORUZ HEM DE SAYI BULAMIYORUZ&#8221;<\/b><\/p>\n<p>Yan\u0131ndakilere g\u00f6r\u00fc\u015fmesini \u201cMuammer Avc\u0131 20 dakikaya gelirim diyor\u201d halinde aktaran Yayman, \u201cTuncay \u00d6zkan geliyor, Muammer Avc\u0131\u2026 Bir ki\u015fi daha laz\u0131m\u2026 Hem Komite toplanal\u0131m diyoruz hem de say\u0131 bulam\u0131yoruz\u201d diye s\u00f6ylendi.<\/p>\n<p>Yan\u0131nda oturan Komite vazifelisi memurun \u201cGenel Kurul\u2019un sabah beklenmeyen bir saatte bitmesi biraz ar\u0131za durum oldu\u201d s\u00f6zleri \u00fczerine Yayman, \u201cTamam da ne yapaca\u011f\u0131z yani? 11.00 \u00e2l\u00e2 bir saat\u201d diye konu\u015ftu.<\/p>\n<p><b>&#8220;ABLA B\u0130R GEL DE SAYIYI BULUP \u015eEY EDEL\u0130M&#8221;<\/b><\/p>\n<p>Bu s\u0131rada yeniden telefonla bir \u00fcyeyi arayan Yayman, \u201cBa\u015fkan\u0131m. Abla bir gel de say\u0131y\u0131 bulup \u015fey edelim. Sonra \u00e7\u0131kars\u0131n\u201d tabirlerini kulland\u0131. Telefonu kapatt\u0131ktan sonra rahatlayan Yayman, \u201cEvet iyi\u2026 Bulduk say\u0131y\u0131\u201d dedi.<\/p>\n<p><b>&#8220;BU S\u0130YASET\u0130N ALGOR\u0130TMASI \u00c7OK TUHAF&#8221;<\/b><\/p>\n<p>Daha sonra Komite Lider Yard\u0131mc\u0131s\u0131 Naz\u0131m Elmas&#8217;a yanl\u0131\u015fs\u0131z e\u011filen Yayman, \u201cEfendim, arkada\u015flar daima \u2018Toplanal\u0131m, kurul \u015funu yaps\u0131n, bunu yaps\u0131n\u2026\u2019 Sonra toplant\u0131 k\u00e2fi say\u0131s\u0131n\u0131 bulam\u0131yoruz. Bu siyasetin de algoritmas\u0131 \u00e7ok tuhaf. Davet etseler gitmeyelim, davet etmeseler k\u00fcselim\u2026Ondan sonra, o gelmiyor, bu gelmiyor yani\u2026\u201d formunda sitem etti.<\/p>\n<p>Komisyon Ba\u015fkanvekili Naz\u0131m Elmas\u2019\u0131n, Genel Konsey birle\u015fiminin saat 05.15\u2019te sona erdi\u011fini hat\u0131rlatmas\u0131 \u00fczerine H\u00fcseyin Yayman, \u201cEfendim ne yapay\u0131m yani. Hepimiz birebir \u015fekilde\u2026\u201d diye s\u00f6ylendi.<\/p>\n<p>Komisyon Ba\u015fkan\u0131 Yayman daha sonra toplant\u0131 salonundaki \u00fcyelere d\u00f6nerek \u201c5 dakikan\u0131z\u0131 rica edece\u011fiz arkada\u015flar. Toplant\u0131ya ba\u015fl\u0131yoruz. Vekillerimiz, ge\u00e7 bitti\u011fi i\u00e7in Meclis\u2026 Esasen toplant\u0131y\u0131 a\u00e7mad\u0131m\u2026\u201d s\u00f6zlerini kulland\u0131.<\/p>\n<p>Bu s\u0131rada \u00e7alan telefonunu a\u00e7an Yayman \u201cBa\u015fkan\u0131m, bekliyoruz efendim. Tamam tamam bekliyoruz\u201d formunda konu\u015ftu.<\/p>\n<p>Komisyon toplant\u0131s\u0131 gecikmeyle ba\u015flad\u0131. Komisyon Ba\u015fkan\u0131 Yayman&#8217;\u0131n toplant\u0131n\u0131n a\u00e7\u0131l\u0131\u015f\u0131nda mikrofonlar\u0131 bir m\u00fcddet s\u0131ralamak i\u00e7in u\u011fra\u015fmas\u0131 da dikkat \u00e7ekti.\u00a0<\/p>\n<p><b>Y\u0130NE M\u0130KROFON KAZASI YA\u015eANMI\u015eTI<\/b><\/p>\n<p>TBMM&#8217;de bir mikrofon kazas\u0131 da yakla\u015f\u0131k bir ay evvel \u00c7ocu\u011fa Kar\u015f\u0131 \u015eiddet ve \u0130stismar\u0131 Ara\u015ft\u0131rma Komitesi toplant\u0131s\u0131nda ya\u015fanm\u0131\u015ft\u0131. Komisyon Ba\u015fkan\u0131 Cengiz Aydo\u011fdu ile Ba\u015fkanvekili Radiye Sezer Kat\u0131rc\u0131o\u011flu ortas\u0131ndaki dikkat \u00e7eken bir diyalog mikrofonlara yans\u0131m\u0131\u015ft\u0131. Mikrofonlar\u0131n a\u00e7\u0131k oldu\u011funu fark etmeyen Aydo\u011fdu, Kat\u0131rc\u0131o\u011flu\u2019na e\u011filerek, \u201c\u00c7ok yanl\u0131\u015f yapt\u0131 Bakan Han\u0131m. \u015eimdi de Bakan\u2019\u0131 \u00e7a\u011f\u0131rm\u0131\u015f\u201d tabirlerini kullanm\u0131\u015f, Kat\u0131rc\u0131o\u011flu\u2019nun \u201c\u00d6yle \u015fey olur mu ya\u201d diye kar\u015f\u0131l\u0131k verdi\u011fi anlar kameralara ve a\u00e7\u0131k mikrofonlara yans\u0131m\u0131\u015ft\u0131.\u00a0<\/p>\n","protected":false},"excerpt":{"rendered":"<p>Meclis&#8217;te &#8216;a\u00e7\u0131k mikrofon kazas\u0131&#8217;na bir yenisi daha eklendi. Dijital Mecralar Komitesi&#8217;nde AKP&#8217;li Lider H\u00fcseyin Yayman&#8217;\u0131n vekillere sitemi dikkat \u00e7ekti. Meclis&#8217;te bir ay evvel de \u00c7ocu\u011fa Kar\u015f\u0131 \u015eiddet ve \u0130stismar\u0131 Ara\u015ft\u0131rma Komitesi toplant\u0131s\u0131nda a\u00e7\u0131k mikrofon kazas\u0131 ya\u015fanm\u0131\u015ft\u0131.<\/p>\n","protected":false},"author":1,"featured_media":11484,"comment_status":"open","ping_status":"open","sticky":false,"template":"","format":"standard","meta":{"footnotes":""},"categories":[25],"tags":[514,147,2171,247,2608],"class_list":["post-11483","post","type-post","status-publish","format-standard","has-post-thumbnail","hentry","category-gundem","tag-gel","tag-komisyon","tag-mikrofon","tag-toplanti","tag-yayman"],"_links":{"self":[{"href":"https:\/\/ikimisli.tr\/index.php\/wp-json\/wp\/v2\/posts\/11483","targetHints":{"allow":["GET"]}}],"collection":[{"href":"https:\/\/ikimisli.tr\/index.php\/wp-json\/wp\/v2\/posts"}],"about":[{"href":"https:\/\/ikimisli.tr\/index.php\/wp-json\/wp\/v2\/types\/post"}],"author":[{"embeddable":true,"href":"https:\/\/ikimisli.tr\/index.php\/wp-json\/wp\/v2\/users\/1"}],"replies":[{"embeddable":true,"href":"https:\/\/ikimisli.tr\/index.php\/wp-json\/wp\/v2\/comments?post=11483"}],"version-history":[{"count":1,"href":"https:\/\/ikimisli.tr\/index.php\/wp-json\/wp\/v2\/posts\/11483\/revisions"}],"predecessor-version":[{"id":11485,"href":"https:\/\/ikimisli.tr\/index.php\/wp-json\/wp\/v2\/posts\/11483\/revisions\/11485"}],"wp:featuredmedia":[{"embeddable":true,"href":"https:\/\/ikimisli.tr\/index.php\/wp-json\/wp\/v2\/media\/11484"}],"wp:attachment":[{"href":"https:\/\/ikimisli.tr\/index.php\/wp-json\/wp\/v2\/media?parent=11483"}],"wp:term":[{"taxonomy":"category","embeddable":true,"href":"https:\/\/ikimisli.tr\/index.php\/wp-json\/wp\/v2\/categories?post=11483"},{"taxonomy":"post_tag","embeddable":true,"href":"https:\/\/ikimisli.tr\/index.php\/wp-json\/wp\/v2\/tags?post=11483"}],"curies":[{"name":"wp","href":"https:\/\/api.w.org\/{rel}","templated":true}]}}