{"id":11646,"date":"2025-02-17T00:36:06","date_gmt":"2025-02-17T00:36:06","guid":{"rendered":"https:\/\/ikimisli.tr\/?p=11646"},"modified":"2025-02-17T00:36:06","modified_gmt":"2025-02-17T00:36:06","slug":"usakta-isci-servisi-kaza-yapti-28-yarali","status":"publish","type":"post","link":"https:\/\/ikimisli.tr\/index.php\/2025\/02\/17\/usakta-isci-servisi-kaza-yapti-28-yarali\/","title":{"rendered":"U\u015fak&#8217;ta i\u015f\u00e7i servisi kaza yapt\u0131: 28 yaral\u0131"},"content":{"rendered":"<p>U\u015fak-\u0130zmir kara yolunda ilerleyen H.Y&#8217;nin kulland\u0131\u011f\u0131 35 Z 3335 plakal\u0131 araba, Gediz Kav\u015fa\u011f\u0131&#8217;nda birebir istikamette seyreden B.P. y\u00f6netimindeki 64 S 0342 plakal\u0131 emek\u00e7i servisine geriden \u00e7arpt\u0131.<\/p>\n<p>\u00c7arpman\u0131n tesiriyle personel servisi yola devrildi.<\/p>\n<p>\u0130hbar \u00fczerine olay yerine 112 Acil S\u0131hhat, polis, jandarma, itfaiye ve AFAD gruplar\u0131 sevk edildi.<\/p>\n<p>Yaralanan \u015fof\u00f6rler ile personel servisindeki 24 personel ve arabadaki 2 ki\u015fi ambulanslarla kentteki hastanelere kald\u0131r\u0131ld\u0131.<\/p>\n<p><strong>VAL\u0130 OLAY YER\u0130NE G\u0130TT\u0130<\/strong><\/p>\n<p>U\u015fak Valisi Naci Akta\u015f, olay yerine gelerek kazayla ilgili Vilayet Jandarma Kumandan\u0131 K\u0131demli Albay Fahri Semiz ve AFAD Vilayet M\u00fcd\u00fcr\u00fc Burak Edin&#8217;den bilgi ald\u0131.<\/p>\n<p>Burada gazetecilere a\u00e7\u0131klamalarda bulunan Akta\u015f, servisin U\u015fak Dokuma Organize Sanayi B\u00f6lgesi&#8217;ne gece vardiyas\u0131nda \u00e7al\u0131\u015fan \u00e7al\u0131\u015fanlar\u0131 g\u00f6t\u00fcrd\u00fc\u011f\u00fcn\u00fc s\u00f6yledi.<\/p>\n<p>Vali Akta\u015f, kelamlar\u0131na \u015f\u00f6yle devam etti:<\/p>\n<p>&#8220;Kazada servis arac\u0131nda bulunan 25 vatanda\u015f\u0131m\u0131z, arabada bulunan 3 vatanda\u015f\u0131m\u0131z olmak \u00fczere 28 vatanda\u015f\u0131m\u0131z yaraland\u0131. \u015eu an prestijiyle yaral\u0131lar\u0131n tamam\u0131n\u0131n hastanelerimize sevki sa\u011fland\u0131. Arkada\u015flar\u0131m\u0131z\u0131n verdi\u011fi bilgiye nazaran 1 yaral\u0131n\u0131n durumu a\u011f\u0131r g\u00f6r\u00fcn\u00fcyor. Rastgele bir meyyit bilgimiz \u015fu an prestijiyle yok. Yaral\u0131lar\u0131n tamam\u0131na ge\u00e7mi\u015f olsun diliyorum.&#8221;<\/p>\n<p>Daha sonra U\u015fak E\u011fitim ve Ara\u015ft\u0131rma Hastanesi Acil Servisine giden Akta\u015f, yaral\u0131lar\u0131n durumu hakk\u0131nda Ba\u015fhekim Tar\u0131k Acar&#8217;dan bilgi ald\u0131.<\/p>\n<p>Yaral\u0131lar\u0131 ziyaret eden Akta\u015f, akabinde hastanenin \u00f6n\u00fcnde bekleyen yaral\u0131 yak\u0131nlar\u0131na s\u0131hhat durumlar\u0131 hakk\u0131nda bilgi vererek, ge\u00e7mi\u015f olsun dileklerini iletti.<\/p>\n","protected":false},"excerpt":{"rendered":"<p>U\u015fak&#8217;ta araban\u0131n emek\u00e7i servisine arttan \u00e7arpt\u0131\u011f\u0131 kazada 28 ki\u015fi yaraland\u0131.<\/p>\n","protected":false},"author":1,"featured_media":11647,"comment_status":"open","ping_status":"open","sticky":false,"template":"","format":"standard","meta":{"footnotes":""},"categories":[25],"tags":[2332,644,857,2634,2633],"class_list":["post-11646","post","type-post","status-publish","format-standard","has-post-thumbnail","hentry","category-gundem","tag-aktas","tag-bilgi","tag-isci","tag-servisi","tag-yarali"],"_links":{"self":[{"href":"https:\/\/ikimisli.tr\/index.php\/wp-json\/wp\/v2\/posts\/11646","targetHints":{"allow":["GET"]}}],"collection":[{"href":"https:\/\/ikimisli.tr\/index.php\/wp-json\/wp\/v2\/posts"}],"about":[{"href":"https:\/\/ikimisli.tr\/index.php\/wp-json\/wp\/v2\/types\/post"}],"author":[{"embeddable":true,"href":"https:\/\/ikimisli.tr\/index.php\/wp-json\/wp\/v2\/users\/1"}],"replies":[{"embeddable":true,"href":"https:\/\/ikimisli.tr\/index.php\/wp-json\/wp\/v2\/comments?post=11646"}],"version-history":[{"count":1,"href":"https:\/\/ikimisli.tr\/index.php\/wp-json\/wp\/v2\/posts\/11646\/revisions"}],"predecessor-version":[{"id":11648,"href":"https:\/\/ikimisli.tr\/index.php\/wp-json\/wp\/v2\/posts\/11646\/revisions\/11648"}],"wp:featuredmedia":[{"embeddable":true,"href":"https:\/\/ikimisli.tr\/index.php\/wp-json\/wp\/v2\/media\/11647"}],"wp:attachment":[{"href":"https:\/\/ikimisli.tr\/index.php\/wp-json\/wp\/v2\/media?parent=11646"}],"wp:term":[{"taxonomy":"category","embeddable":true,"href":"https:\/\/ikimisli.tr\/index.php\/wp-json\/wp\/v2\/categories?post=11646"},{"taxonomy":"post_tag","embeddable":true,"href":"https:\/\/ikimisli.tr\/index.php\/wp-json\/wp\/v2\/tags?post=11646"}],"curies":[{"name":"wp","href":"https:\/\/api.w.org\/{rel}","templated":true}]}}