{"id":11675,"date":"2025-02-17T03:12:05","date_gmt":"2025-02-17T03:12:05","guid":{"rendered":"https:\/\/ikimisli.tr\/?p=11675"},"modified":"2025-02-17T03:12:05","modified_gmt":"2025-02-17T03:12:05","slug":"kayyum-rektor-iktidari-sucladi","status":"publish","type":"post","link":"https:\/\/ikimisli.tr\/index.php\/2025\/02\/17\/kayyum-rektor-iktidari-sucladi\/","title":{"rendered":"Kayyum Rekt\u00f6r iktidar\u0131 su\u00e7lad\u0131!"},"content":{"rendered":"<p>Bo\u011fazi\u00e7i \u00dcniversitesi\u2019nde kayyum rekt\u00f6r\u00fcn y\u00f6netti\u011fi 2020-2024 y\u0131llar\u0131n\u0131 kapsayan Stratejik Plan ile 2024 y\u0131l\u0131 tarihli son Say\u0131\u015ftay Raporu, kayyum rekt\u00f6r\u00fcn gaye ve gayelere ula\u015famad\u0131\u011f\u0131n\u0131 ortaya \u00e7\u0131kard\u0131. Rapordaki \u00e7arp\u0131c\u0131 tespitler \u015f\u00f6yle:<\/p>\n<p><strong>\u201c\u0130ST\u0130KRARSIZLIK VAR\u201d<\/strong><\/p>\n<p>\u201c\u00d6\u011frencilerin alanlar\u0131 d\u0131\u015f\u0131nda se\u00e7meli ders say\u0131s\u0131 d\u00fc\u015ft\u00fc. \u00d6\u011frenci de\u011fi\u015fim program\u0131ndan yararlanan \u00f6\u011frenci oran\u0131 y\u00fczde 2.1\u2019de kald\u0131. \u2018Ekonomik sakinlik, politik istikrars\u0131zl\u0131k\u2019 \u00fczere sebepler, \u00fcniversitenin do\u011fal i\u015fleyi\u015fini zorla\u015ft\u0131rd\u0131. Ama\u00e7lara ula\u015f\u0131lamad\u0131. \u0130ngilizce, Frans\u0131zca, Almanca, \u0130talyanca, Latince, Portekizce, \u0130spanyolca, \u00c7a\u011fda\u015f Yunanca, Arap\u00e7a, Ermenice, \u00c7ince, Japonca, Korece, Fars\u00e7a, Rus\u00e7a \u00fczere \u00e7ok say\u0131da lisan \u00f6\u011fretilirken, ders say\u0131s\u0131n\u0131n yetersizli\u011fi nedeniyle, \u00f6\u011frenciler yabanc\u0131 lisan hatta kendi alan\u0131 d\u0131\u015f\u0131nda se\u00e7meli ders alm\u0131yor. Mali ve b\u00fcrokratik maniler, yabanc\u0131 akademisyen \u00e7al\u0131\u015ft\u0131rmay\u0131 zorla\u015ft\u0131rd\u0131. \u00d6\u011fretim \u00fcyelerinin ders y\u00fck\u00fc nedeniyle yeni lisans\u00fcst\u00fc programlar a\u00e7\u0131lamad\u0131. Performans g\u00f6stergesinin devam\u0131nda kurumsal ve yasal riskler var. Mali kaynak yetersizli\u011fi nedeniyle projelere i\u015ftiraki te\u015fvik i\u00e7in gere\u011fince toplant\u0131 yap\u0131lamad\u0131. \u00dclkedeki ekonomik ezalar nedeniyle \u00f6\u011frenciler programlara kay\u0131t olmuyor.\u201d<\/p>\n<p><strong>\u0130NSANLAR G\u0130D\u0130NCE!<\/strong><\/p>\n<p>\u201cTeknopark, \u00fcniversite i\u015f\u00e7isi ve \u00f6\u011frenci azl\u0131\u011f\u0131 ama\u00e7lar\u0131m\u0131z\u0131 sapt\u0131rd\u0131. SCI, SCI-Expanded, SSCI ve AHCI \u00fczere memleketler aras\u0131 indekslerde taranan mecmualardaki yay\u0131n say\u0131s\u0131n\u0131n art\u0131r\u0131lmas\u0131n\u0131 sa\u011flayacak, konferans takviyelerinin yan\u0131 s\u0131ra yay\u0131n gayemizi ger\u00e7ekle\u015ftirecek nitelikli insan kayna\u011f\u0131m\u0131z\u0131 geli\u015ftirsek de maksatlara ula\u015f\u0131lamad\u0131.\u201d<\/p>\n<p><b><span>Bo\u011fazi\u00e7i \u00dcniversitesi Strateji Geli\u015ftirme Ba\u015fkanl\u0131\u011f\u0131 2024 Raporu<\/span><\/b><\/p>\n<p>&#8211; 2.9 milyar TL\u2019lik \u00f6dene\u011fin, 6 ayda 1.6 milyar TL\u2019si bitti.<br \/>&#8211; B\u00fct\u00e7enin 963 milyon TL\u2019si, memur-i\u015f\u00e7i maa\u015flar\u0131na gitti.<br \/>&#8211; Son 1 y\u0131lda i\u015f\u00e7i masraf\u0131 y\u00fczde 156.6 oran\u0131nda artt\u0131.<br \/>&#8211; SGK sarfiyat\u0131 y\u00fczde 58 art\u0131\u015fla 6 ayda 112 milyon TL\u2019ye \u00e7\u0131kt\u0131.<br \/>&#8211; 6 ayda 150 milyonu besin, 214.4 milyon lira para harcand\u0131.<\/p>\n<p><b><span>Bilim dergisi alacak paras\u0131 yok<\/span><\/b><\/p>\n<p>&#8211; Bas\u0131l\u0131 mecmua ve kitap sat\u0131n alma say\u0131s\u0131: S\u0131f\u0131r<br \/>&#8211; Yurt d\u0131\u015f\u0131ndan getirilen kitap say\u0131s\u0131: S\u0131f\u0131r<br \/>&#8211; Yurt i\u00e7i-yurt d\u0131\u015f\u0131 bas\u0131l\u0131 mecmua aboneli\u011fi: S\u0131f\u0131r<\/p>\n<p><b><span>Nafi Baba Tekkesi\u2019ne 1.5 milyon TL<\/span><\/b><\/p>\n<p>&#8211; 25.9 milyon TL\u2019lik elektronik yay\u0131n al\u0131nd\u0131.<br \/>&#8211; Derslik, ofis tamirine 138 milyon TL harcand\u0131.<br \/>&#8211; Nafi Baba Tekkesi\u2019ne 1.5 milyon TL aktar\u0131ld\u0131.<\/p>\n<p><strong>TOPLUMSALLA\u015eMA: SIFIR!<\/strong><\/p>\n<p>Bo\u011fazi\u00e7i\u2019nde 5. y\u0131l\u0131 dolduran hareketlerden raporda kelam edilmezken, \u201cTopluma a\u00e7\u0131k ara\u015ft\u0131rma, uygulama ve e\u011fitim program\u0131 geli\u015ftirme\u201d ba\u015fl\u0131\u011f\u0131n\u0131n ger\u00e7ekle\u015fme oran\u0131 y\u00fczde \u201cs\u0131f\u0131r\u201d olarak yer ald\u0131. \u00dcniversiteye, mezunlar ve emekli akademisyenler hala al\u0131nm\u0131yor.<\/p>\n<p><b><span>D\u00f6viz dalgalanmas\u0131 etkiledi!<\/span><\/b><\/p>\n<p>\u201cEkonomik sakinlik, enflasyon ve d\u00f6viz kurlar\u0131ndaki dalgalanma \u00fczere ekonomik belirsizlikler, \u00fcniversitenin finansal durumunu ve kaynaklar\u0131n\u0131 olumsuz etkiledi. Ara\u015ft\u0131rma alan\u0131nda ortaya konulmu\u015f risklere kar\u015f\u0131 b\u00fct\u00e7e dahilinde tedbirler al\u0131p, risk aksiyon plan\u0131 haz\u0131rland\u0131.\u201d<\/p>\n<p><b><span>Rekt\u00f6rl\u00fck mobilya tamiri 5.2 milyon TL<\/span><\/b><\/p>\n<p>\u201cG\u00fcney kamp\u00fcs\u00fcnteki ta\u015f\u0131nmaz k\u00fclt\u00fcr varl\u0131klar\u0131n\u0131n kullan\u0131m gereksinimi ve iklim ko\u015fullar\u0131 nedeniyle bak\u0131m-onar\u0131m\u0131 yap\u0131ld\u0131. K\u00fclt\u00fcrel Miras M\u00fczesi\u2019ne ili\u015fkin ta\u015f\u0131nabilir varl\u0131klar tasnif edildi. Yakup Kadri Karaosmano\u011flu\u2019na ili\u015fkin varl\u0131klar ve rekt\u00f6rl\u00fck binas\u0131ndaki tarihi mobilyalar, 5.2 milyon TL\u2019ye onar\u0131ld\u0131.\u201d \u00a0<\/p>\n<p><b><span>Akademisyen ba\u015f\u0131na 27 bilgisayar<\/span><\/b><\/p>\n<p>K\u0130K, b\u00fct\u00e7enin y\u00fczde 10\u2019unu a\u015fan sat\u0131n almalar i\u00e7in ihale ko\u015fulu koysa da B\u00dc 275 milyon TL\u2019lik sat\u0131n alma \u00f6dene\u011finin, 113.9 milyon TL\u2019sini ihalesiz harcam\u0131\u015f. 2019\u2019da 99, 2020\u2019de 170, 2021\u2019de 135, 2022\u2019de 109, 2023\u2019te 76 olmak \u00fczere son 5 y\u0131lda, 589 bilgisayar alm\u0131\u015flar. Akademisyen ba\u015f\u0131na 12 diz\u00fcst\u00fc,15 masa\u00fcst\u00fc toplam 27 bilgisayar zimmetlenmi\u015f. \u0130\u015f\u00e7i ba\u015f\u0131na 4 bilgisayar d\u00fc\u015f\u00fcyor.<\/p>\n","protected":false},"excerpt":{"rendered":"<p>Kayyum rekt\u00f6r Prof. Dr. Naci \u0130nci\u2019nin koltukta ve akademisyen aksiyonunun 5. y\u0131l\u0131nda, Bo\u011fazi\u00e7i\u2019ndeki akademik gerileme Say\u0131\u015ftay ve Strateji raporlar\u0131na girdi. \u2018Ekonomik kriz\u2019, \u2018Politik istikrars\u0131zl\u0131k\u2019, \u2018D\u00f6viz dalgalanmas\u0131\u2019 y\u00fcz\u00fcnden \u00fcniversite i\u015fleyi\u015finin zorla\u015ft\u0131\u011f\u0131n\u0131 raporlayan Rekt\u00f6r \u0130nci, e\u011fitim maksatlar\u0131na ula\u015famad\u0131klar\u0131n\u0131 belirtti.<\/p>\n","protected":false},"author":1,"featured_media":11676,"comment_status":"open","ping_status":"open","sticky":false,"template":"","format":"standard","meta":{"footnotes":""},"categories":[23],"tags":[2522,658,2637,576],"class_list":["post-11675","post","type-post","status-publish","format-standard","has-post-thumbnail","hentry","category-egitim","tag-ders","tag-ogrenci","tag-sifir","tag-universite"],"_links":{"self":[{"href":"https:\/\/ikimisli.tr\/index.php\/wp-json\/wp\/v2\/posts\/11675","targetHints":{"allow":["GET"]}}],"collection":[{"href":"https:\/\/ikimisli.tr\/index.php\/wp-json\/wp\/v2\/posts"}],"about":[{"href":"https:\/\/ikimisli.tr\/index.php\/wp-json\/wp\/v2\/types\/post"}],"author":[{"embeddable":true,"href":"https:\/\/ikimisli.tr\/index.php\/wp-json\/wp\/v2\/users\/1"}],"replies":[{"embeddable":true,"href":"https:\/\/ikimisli.tr\/index.php\/wp-json\/wp\/v2\/comments?post=11675"}],"version-history":[{"count":1,"href":"https:\/\/ikimisli.tr\/index.php\/wp-json\/wp\/v2\/posts\/11675\/revisions"}],"predecessor-version":[{"id":11677,"href":"https:\/\/ikimisli.tr\/index.php\/wp-json\/wp\/v2\/posts\/11675\/revisions\/11677"}],"wp:featuredmedia":[{"embeddable":true,"href":"https:\/\/ikimisli.tr\/index.php\/wp-json\/wp\/v2\/media\/11676"}],"wp:attachment":[{"href":"https:\/\/ikimisli.tr\/index.php\/wp-json\/wp\/v2\/media?parent=11675"}],"wp:term":[{"taxonomy":"category","embeddable":true,"href":"https:\/\/ikimisli.tr\/index.php\/wp-json\/wp\/v2\/categories?post=11675"},{"taxonomy":"post_tag","embeddable":true,"href":"https:\/\/ikimisli.tr\/index.php\/wp-json\/wp\/v2\/tags?post=11675"}],"curies":[{"name":"wp","href":"https:\/\/api.w.org\/{rel}","templated":true}]}}