{"id":11749,"date":"2025-02-17T08:36:08","date_gmt":"2025-02-17T08:36:08","guid":{"rendered":"https:\/\/ikimisli.tr\/?p=11749"},"modified":"2025-02-17T08:36:08","modified_gmt":"2025-02-17T08:36:08","slug":"serenay-sarikayanin-ifadesinde-tehdit-detayi","status":"publish","type":"post","link":"https:\/\/ikimisli.tr\/index.php\/2025\/02\/17\/serenay-sarikayanin-ifadesinde-tehdit-detayi\/","title":{"rendered":"Serenay Sar\u0131kaya&#8217;n\u0131n ifadesinde &#8216;tehdit&#8217; detay\u0131"},"content":{"rendered":"<p>\u0130stanbul Cumhuriyet Ba\u015fsavc\u0131l\u0131\u011f\u0131 taraf\u0131ndan Serenay Sar\u0131kaya ve kimi sanatkarlar\u0131n menajerli\u011fini yapan Ay\u015fe Bar\u0131m hakk\u0131nda toplumsal medyadaki arg\u00fcmanlar nedeniyle ger\u00e7e\u011fin ortaya \u00e7\u0131kar\u0131lmas\u0131 i\u00e7in re&#8217;sen soru\u015fturma ba\u015flat\u0131ld\u0131. Bar\u0131m hakk\u0131nda ise yurt d\u0131\u015f\u0131na \u00e7\u0131k\u0131\u015f yasa\u011f\u0131 bi\u00e7iminde isimli denetim karar\u0131 uyguland\u0131. Soru\u015fturma \u00e7er\u00e7evesinde oyuncu Serenay Sar\u0131kaya \u015fahit s\u0131fat\u0131yla tabir verdi.<\/p>\n<p><b>&#8216;OYUNCULARIN PROJEDEN \u00c7IKARILMASINA \u015eAH\u0130T OLMADIM&#8217;<\/b><\/p>\n<p>Oyuncu Serenay Sar\u0131kaya&#8217;n\u0131n Savc\u0131l\u0131kta verdi\u011fi tabir ortaya \u00e7\u0131kt\u0131. Sar\u0131kaya tabirinde menajer Ay\u015fe Bar\u0131m&#8217;\u0131 yakla\u015f\u0131k 10 y\u0131ld\u0131r tan\u0131d\u0131\u011f\u0131n\u0131 s\u00f6yleyerek, &#8220;Kendisiyle uzun m\u00fcddettir tan\u0131\u015f\u0131yor olmam\u0131z sebebiyle arkada\u015fl\u0131\u011f\u0131m\u0131z da mevcuttur. Benim Ay\u015fe Bar\u0131m&#8217;\u0131n firmas\u0131yla hali haz\u0131rda devam eden bir kontrat\u0131m bulunmamaktad\u0131r. \u0130mal \u015firketleri taraf\u0131ndan haz\u0131rlanan projenin akabinde ilgili \u00fcretim \u015firketinin, Ay\u015fe Bar\u0131m&#8217;\u0131n yetkilisi oldu\u011fu \u015firketle ba\u011flant\u0131ya ge\u00e7erek benim kelam konusu projede yer almam\u0131 talep etmeleri halinde \u00fcretim \u015firketiyle kontrat g\u00f6r\u00fc\u015fmelerini benim ad\u0131ma kelam konusu \u015firket y\u00fcr\u00fctmektedir. \u015eayet imal \u015firketiyle ortam\u0131zda bir kontrat tanzim edilir ve bir projeye ba\u015flan\u0131l\u0131rsa projenin devam\u0131 s\u0131ras\u0131nda yapt\u0131\u011f\u0131m i\u015f kar\u015f\u0131l\u0131\u011f\u0131nda \u00f6denecek olan fiyat ilgili imal \u015firketi taraf\u0131ndan direkt benim hesab\u0131ma g\u00f6nderilmektedir lakin sinema ve dizi d\u0131\u015f\u0131nda yer ald\u0131\u011f\u0131m\u0131z kimi reklam projelerinde yapm\u0131\u015f oldu\u011fum i\u015f kar\u015f\u0131l\u0131\u011f\u0131nda \u00f6denecek fiyat evvel menajerlik \u015firketine havale edilir, \u00fcretim \u015firketi kendi kurulu ve \u00f6b\u00fcr masraflar\u0131 ald\u0131ktan sonra benim hak etti\u011fim fiyat\u0131 bana g\u00f6nderirler. Bana sordu\u011funuz halde Ay\u015fe Bar\u0131m&#8217;\u0131 kendisine ba\u011fl\u0131 olarak \u00e7al\u0131\u015fmayan oyuncular\u0131n yer ald\u0131klar\u0131 projeden \u00e7\u0131kar\u0131lmas\u0131na ve kontratlar\u0131n\u0131n iptaline neden oldu\u011funa \u015fahit olmad\u0131m.&#8221; dedi.<\/p>\n<p><b>&#8216;AY\u015eE BARIM TARAFINDAN BANA KAR\u015eI Y\u00d6NLEND\u0130RME YOKTUR&#8217;<\/b><\/p>\n<p>Serenay Sar\u0131kaya tabirinin devam\u0131nda, &#8220;Mert Demir&#8217;i yakla\u015f\u0131k 1 bu\u00e7uk y\u0131ld\u0131r tan\u0131r\u0131m ve kendisiyle devam eden duygusal bir birlikteli\u011fimiz mevcuttur. Arg\u00fcman edildi\u011fi formda Mert Demir&#8217;in mesle\u011finin ba\u015far\u0131l\u0131 bir bi\u00e7imde devam etmesi ismine kendisiyle duygusal birliktelik ya\u015f\u0131yormu\u015f \u00fczere g\u00f6z\u00fckmem konusunda Ay\u015fe Bar\u0131m taraf\u0131ndan bana kar\u015f\u0131 bir telkin, y\u00f6nlendirme yahut zorlama hareketi kelam konusu de\u011fildir. Bu birliktelik kar\u015f\u0131l\u0131kl\u0131 olarak b\u00fcsb\u00fct\u00fcn kendi h\u00fcr irademizle devam etmektedir. Ay\u015fe Bar\u0131m&#8217;\u0131n sav edildi\u011fi \u00fczere \u00fcnl\u00fc bir i\u015f adam\u0131ndan 5 milyon Euro ald\u0131\u011f\u0131na dair bir bilgim ve duyumum kelam konusu olmam\u0131\u015ft\u0131r. Ay\u015fe Bar\u0131m, oburlar\u0131n\u0131n ma\u011fdur edilmesini isteyecek, kendi menfaatleri i\u00e7in kontratlar\u0131 iptal edilmesine tevess\u00fcl edecek birisi de\u011fildir. Bildiklerim ve anlatacaklar\u0131m bu kadard\u0131r&#8221; s\u00f6zlerini kulland\u0131.<\/p>\n","protected":false},"excerpt":{"rendered":"<p>\u00dcnl\u00fc oyuncu Serenay Sar\u0131kaya, ID Dan\u0131\u015fmanl\u0131k Limited \u015eirketi&#8217;nin kurucusu ve orta\u011f\u0131 olan menajer Ay\u015fe Bar\u0131m hakk\u0131nda ba\u015flat\u0131lan soru\u015fturma kapsam\u0131nda &#8220;tan\u0131k&#8221; s\u0131fat\u0131yla s\u00f6z verdi.  Sar\u0131kaya&#8217;n\u0131n s\u00f6z\u00fc ortaya \u00e7\u0131kt\u0131.<\/p>\n","protected":false},"author":1,"featured_media":11750,"comment_status":"open","ping_status":"open","sticky":false,"template":"","format":"standard","meta":{"footnotes":""},"categories":[25],"tags":[1084,1807,1316,1080,1780],"class_list":["post-11749","post","type-post","status-publish","format-standard","has-post-thumbnail","hentry","category-gundem","tag-benim","tag-ifade","tag-sarikaya","tag-soz","tag-tarafindan"],"_links":{"self":[{"href":"https:\/\/ikimisli.tr\/index.php\/wp-json\/wp\/v2\/posts\/11749","targetHints":{"allow":["GET"]}}],"collection":[{"href":"https:\/\/ikimisli.tr\/index.php\/wp-json\/wp\/v2\/posts"}],"about":[{"href":"https:\/\/ikimisli.tr\/index.php\/wp-json\/wp\/v2\/types\/post"}],"author":[{"embeddable":true,"href":"https:\/\/ikimisli.tr\/index.php\/wp-json\/wp\/v2\/users\/1"}],"replies":[{"embeddable":true,"href":"https:\/\/ikimisli.tr\/index.php\/wp-json\/wp\/v2\/comments?post=11749"}],"version-history":[{"count":1,"href":"https:\/\/ikimisli.tr\/index.php\/wp-json\/wp\/v2\/posts\/11749\/revisions"}],"predecessor-version":[{"id":11751,"href":"https:\/\/ikimisli.tr\/index.php\/wp-json\/wp\/v2\/posts\/11749\/revisions\/11751"}],"wp:featuredmedia":[{"embeddable":true,"href":"https:\/\/ikimisli.tr\/index.php\/wp-json\/wp\/v2\/media\/11750"}],"wp:attachment":[{"href":"https:\/\/ikimisli.tr\/index.php\/wp-json\/wp\/v2\/media?parent=11749"}],"wp:term":[{"taxonomy":"category","embeddable":true,"href":"https:\/\/ikimisli.tr\/index.php\/wp-json\/wp\/v2\/categories?post=11749"},{"taxonomy":"post_tag","embeddable":true,"href":"https:\/\/ikimisli.tr\/index.php\/wp-json\/wp\/v2\/tags?post=11749"}],"curies":[{"name":"wp","href":"https:\/\/api.w.org\/{rel}","templated":true}]}}