{"id":11752,"date":"2025-02-17T08:48:07","date_gmt":"2025-02-17T08:48:07","guid":{"rendered":"https:\/\/ikimisli.tr\/?p=11752"},"modified":"2025-02-17T08:48:07","modified_gmt":"2025-02-17T08:48:07","slug":"bakanlik-9-yeni-markayi-ifsa-etti-liste-igrencliklerle-dolu","status":"publish","type":"post","link":"https:\/\/ikimisli.tr\/index.php\/2025\/02\/17\/bakanlik-9-yeni-markayi-ifsa-etti-liste-igrencliklerle-dolu\/","title":{"rendered":"Bakanl\u0131k 9 yeni markay\u0131 if\u015fa etti: Liste i\u011fren\u00e7liklerle dolu"},"content":{"rendered":"<p>T\u00fcrkiye&#8217;de son aylar\u0131n en tart\u0131\u015fmal\u0131 bahisleri ortas\u0131nda yer alan besin g\u00fcvenli\u011fi, yay\u0131nlanan her yeni liste ile daha vahim bir duruma ta\u015f\u0131n\u0131yor.\u00a0<\/p>\n<p>Tar\u0131m ve Orman Bakanl\u0131\u011f\u0131, ekim ay\u0131nda ba\u015flad\u0131\u011f\u0131 duyurulara bir yenisini eklerken, g\u00fcncellenen son listede \u00e7ok say\u0131da et eseri \u00fcreten restoran ve kasap i\u015fletmeleri yer ald\u0131.\u00a0<\/p>\n<p><strong>KEBAP, K\u00d6FTE VE MANTI HARCADINDAN SAKATAT \u00c7IKTI<\/strong><\/p>\n<p>Listede en dikkat \u00e7eken i\u015fletmelerden biri de Karaman&#8217;da hizmet veren Kar\u015f\u0131yaka Pide F\u0131r\u0131n\u0131 oldu.\u00a0<\/p>\n<p>Restoran ve online platformlar \u00fczerinden tesir ekmek sat\u0131\u015f\u0131 ger\u00e7ekle\u015ftiren kurulu\u015fun etli ekmek harc\u0131nda dana eti yerine kalp kulland\u0131\u011f\u0131 ortaya \u00e7\u0131kt\u0131.\u00a0<\/p>\n<p><img decoding=\"async\" src=\"https:\/\/ikimisli.tr\/wp-content\/uploads\/2025\/02\/bakanlik-9-yeni-markayi-ifsa-etti-liste-igrencliklerle-dolu-0-r2Gl2Hiz.jpg\"\/><\/p>\n<p>Giresun&#8217;un G\u00f6rele il\u00e7esinde faaliyet y\u00fcr\u00fcten &#8216;Aspava Ocakba\u015f\u0131 Lokantas\u0131&#8217; ise listeye \u0131zgara k\u00f6fte ve adana kebap harc\u0131na kanatl\u0131 eti kar\u0131\u015ft\u0131rmas\u0131 ile dahil edildi.\u00a0<\/p>\n<p><strong>KAYSER\u0130 MANTISINDA TA\u015eLIK \u00c7IKTI\u00a0<\/strong><\/p>\n<p>\u0130stanbul&#8217;un Ka\u011f\u0131thane il\u00e7esinde bulunan Elle Mant\u0131 B\u00f6rek&#8217;in ise &#8216;Kayseri mant\u0131s\u0131&#8217; ismi alt\u0131nda kanatl\u0131 eti ve sakatat kulland\u0131\u011f\u0131 belirtildi.\u00a0<\/p>\n<p>Ka\u011f\u0131thane&#8217;den listeye giren bir \u00f6b\u00fcr i\u015fletme ise \u00d6z \u00c7ardak Cafe oldu. 20 Mart&#8217;ta yap\u0131lan kontrollerde sat\u0131lan k\u0131ymal\u0131 k\u00f6y b\u00f6re\u011finin i\u00e7inden ta\u015fl\u0131k \u00e7\u0131kt\u0131\u011f\u0131 aktar\u0131ld\u0131.\u00a0<\/p>\n<p><img decoding=\"async\" src=\"https:\/\/ikimisli.tr\/wp-content\/uploads\/2025\/02\/bakanlik-9-yeni-markayi-ifsa-etti-liste-igrencliklerle-dolu-1-juXaJad6.jpg\"\/><\/p>\n<p><strong>KASAP K\u00d6FTE YER\u0130NE Y\u00dcREK SATTI<\/strong><\/p>\n<p>Bakanl\u0131k, Mersin&#8217;in Mezitli il\u00e7esinde bulunan Mezitli Et-Bal\u0131k kurumunun ise m\u00fc\u015fterilerine dana ve kuzu etinden yap\u0131ld\u0131\u011f\u0131 belirtilen kasap k\u00f6ftelerde y\u00fcrek kulland\u0131\u011f\u0131n\u0131 a\u00e7\u0131klad\u0131. Ayr\u0131yeten birebir i\u015fletmede adana kebap olarak sat\u0131lan harc\u0131n i\u00e7inde de kalp eti bulundu.\u00a0<\/p>\n<p>Son ta\u011f\u015fi\u015f haberi ise ci\u011feriyle me\u015fhur Diyarbak\u0131r&#8217;dan geldi. Ci\u011ferci Xale Meheme isimli restoran\u0131n Adana kebap harc\u0131nda sakatat ve kanatl\u0131 eti kulland\u0131\u011f\u0131 ortaya \u00e7\u0131kt\u0131.\u00a0<\/p>\n","protected":false},"excerpt":{"rendered":"<p>Tar\u0131m ve Orman Bakanl\u0131\u011f\u0131, Taklit veya Ta\u011f\u015fi\u015f Yap\u0131lan Besinler listesinde g\u00fcncellemeye gitti. \u00c7ok say\u0131da yeni i\u015fletmenin eklendi\u011fi listede, etli ekmek harc\u0131nda kalp, mant\u0131 ve k\u00f6fte \u00fcretiminde sakatat kullanan i\u015fletmeler if\u015fa edildi.<\/p>\n","protected":false},"author":1,"featured_media":11753,"comment_status":"open","ping_status":"open","sticky":false,"template":"","format":"standard","meta":{"footnotes":""},"categories":[25],"tags":[844,708,1855],"class_list":["post-11752","post","type-post","status-publish","format-standard","has-post-thumbnail","hentry","category-gundem","tag-cikti","tag-eti","tag-liste"],"_links":{"self":[{"href":"https:\/\/ikimisli.tr\/index.php\/wp-json\/wp\/v2\/posts\/11752","targetHints":{"allow":["GET"]}}],"collection":[{"href":"https:\/\/ikimisli.tr\/index.php\/wp-json\/wp\/v2\/posts"}],"about":[{"href":"https:\/\/ikimisli.tr\/index.php\/wp-json\/wp\/v2\/types\/post"}],"author":[{"embeddable":true,"href":"https:\/\/ikimisli.tr\/index.php\/wp-json\/wp\/v2\/users\/1"}],"replies":[{"embeddable":true,"href":"https:\/\/ikimisli.tr\/index.php\/wp-json\/wp\/v2\/comments?post=11752"}],"version-history":[{"count":1,"href":"https:\/\/ikimisli.tr\/index.php\/wp-json\/wp\/v2\/posts\/11752\/revisions"}],"predecessor-version":[{"id":11756,"href":"https:\/\/ikimisli.tr\/index.php\/wp-json\/wp\/v2\/posts\/11752\/revisions\/11756"}],"wp:featuredmedia":[{"embeddable":true,"href":"https:\/\/ikimisli.tr\/index.php\/wp-json\/wp\/v2\/media\/11753"}],"wp:attachment":[{"href":"https:\/\/ikimisli.tr\/index.php\/wp-json\/wp\/v2\/media?parent=11752"}],"wp:term":[{"taxonomy":"category","embeddable":true,"href":"https:\/\/ikimisli.tr\/index.php\/wp-json\/wp\/v2\/categories?post=11752"},{"taxonomy":"post_tag","embeddable":true,"href":"https:\/\/ikimisli.tr\/index.php\/wp-json\/wp\/v2\/tags?post=11752"}],"curies":[{"name":"wp","href":"https:\/\/api.w.org\/{rel}","templated":true}]}}