{"id":1176,"date":"2025-01-05T15:54:48","date_gmt":"2025-01-05T15:54:48","guid":{"rendered":"https:\/\/ikimisli.tr\/?p=1176"},"modified":"2025-01-05T15:54:48","modified_gmt":"2025-01-05T15:54:48","slug":"dogu-akdenizdeki-lagunler-gocmen-kuslara-mola-noktasi-oluyor","status":"publish","type":"post","link":"https:\/\/ikimisli.tr\/index.php\/2025\/01\/05\/dogu-akdenizdeki-lagunler-gocmen-kuslara-mola-noktasi-oluyor\/","title":{"rendered":"Do\u011fu Akdeniz&#8217;deki lag\u00fcnler g\u00f6\u00e7men ku\u015flara mola noktas\u0131 oluyor"},"content":{"rendered":"<p>G\u00f6\u00e7men ku\u015flar, T\u00fcrkiye \u00fczerinden k\u0131\u015f\u0131 ge\u00e7irecekleri Afrika&#8217;ya seyahatleri s\u0131ras\u0131nda Hatay ve Adana&#8217;daki sulak alanlarda dinleniyor.<\/p>\n<p>Adana&#8217;daki Yumurtal\u0131k, Tuzla, Akyatan ve A\u011fyatan lag\u00fcnleri g\u00f6\u00e7men ku\u015flar\u0131n her y\u0131l gelip konaklad\u0131\u011f\u0131 alanlar ortas\u0131nda yer al\u0131yor.<\/p>\n<p>Hatay&#8217;daki Suba\u015f\u0131, Mileyha Sulak Alan\u0131 ve Reyhanl\u0131 Baraj\u0131 da on binlerce ku\u015fa her g\u00f6\u00e7 devrinde mola noktas\u0131 oluyor.<\/p>\n<p><b>&#8211; &#8220;Ku\u015f g\u00f6\u00e7 rotalar\u0131n\u0131n kesi\u015fti\u011fi yer Do\u011fu Akdeniz sahillerindedir&#8221;<\/b><\/p>\n<p>Do\u011fa Muhafaza ve Ulusal Parklar 7. B\u00f6lge M\u00fcd\u00fcr\u00fc Faruk Atmaca, AA muhabirine, T\u00fcrkiye&#8217;nin de\u011ferli 3 ku\u015f g\u00f6\u00e7 rotas\u0131nda oldu\u011funu s\u00f6yledi.<\/p>\n<p>\u00d6nemli bir pozisyonda bulunan T\u00fcrkiye&#8217;de her y\u0131l 400&#8217;\u00fcn \u00fczerinde g\u00f6\u00e7men ku\u015f tipinin konuk edildi\u011fini anlatan Atmaca, \u015f\u00f6yle konu\u015ftu:<\/p>\n<p>&#8220;Avrupa&#8217;n\u0131n do\u011fusundan \u0130stanbul \u00fczerinden Akdeniz&#8217;in do\u011fusuna ger\u00e7ek uzanan de\u011ferli bir ku\u015f g\u00f6\u00e7 yolu vard\u0131r. Bunun yan\u0131nda Kafkasya&#8217;dan gelip Artvin Bor\u00e7ka \u00fczerinden giren, Hatay&#8217;\u0131n Belen il\u00e7esinden S\u00fcvey\u015f Kanal\u0131 \u00fczerinden Afrika&#8217;ya ba\u011flanan bir ba\u015fka ku\u015f g\u00f6\u00e7 yolumuz var. Bir de \u0130stanbul \u00fczerinden gelip, Akdeniz k\u0131y\u0131lar\u0131m\u0131zdan Afrika&#8217;ya uzanan ku\u015f g\u00f6\u00e7 yolu bulunuyor. Dikkat ederseniz t\u00fcm ku\u015f g\u00f6\u00e7 rotalar\u0131n\u0131n kesi\u015fti\u011fi yer Do\u011fu Akdeniz k\u0131y\u0131lar\u0131ndad\u0131r. G\u00f6\u00e7men ku\u015flar, b\u00f6lge m\u00fcd\u00fcrl\u00fc\u011f\u00fcm\u00fcz sorumluluk alanlar\u0131ndaki sulak alanlarda konaklama, beslenme ve \u00fcreme yapmaktad\u0131r. En stratejik, en de\u011ferli ku\u015f g\u00f6\u00e7 rotalar\u0131 T\u00fcrkiye \u00fczerinden ge\u00e7mektedir. T\u00fcrkiye, g\u00f6\u00e7men ku\u015flar i\u00e7in stratejik ve kritik ehemmiyete sahiptir.&#8221;<\/p>\n<p>Atmaca, T\u00fcrkiye&#8217;nin sulak alanlar\u0131nda her y\u0131l \u00e7ok say\u0131da su ku\u015funun a\u011f\u0131rland\u0131\u011f\u0131n\u0131 lisana getirdi.<\/p>\n<p>G\u00f6\u00e7 rotas\u0131nda k\u0131ymetli bir mola noktas\u0131 olan Adana&#8217;da ku\u015flar\u0131n problemsiz formda dinlenebilmesi i\u00e7in \u00e7al\u0131\u015fmalar yapt\u0131klar\u0131n\u0131 anlatan Atmaca, &#8220;Ku\u015flar\u0131n beslenme ve \u00fcreme alanlar\u0131ndaki arazi i\u015fgalleri konusunda gerekli \u00f6nlemler al\u0131nmakta. Hem idari yapt\u0131r\u0131m uygulanmakta hem de av muhafaza tak\u0131mlar\u0131m\u0131z ka\u00e7ak avla u\u011fra\u015f konusunda b\u00fcy\u00fck bir u\u011fra\u015f g\u00f6stermektedir. Bu hususta hi\u00e7 duraksamaya meydan vermeden y\u0131l\u0131n 365 g\u00fcn\u00fc gruplar\u0131m\u0131z alanda m\u00fcdafaa misyonlar\u0131n\u0131 yerine getirmektedirler.&#8221; diye konu\u015ftu.<\/p>\n<p>Atmaca, tak\u0131mlar\u0131n\u0131n, Toros Da\u011flar\u0131&#8217;nda k\u0131\u015f\u0131n sert ge\u00e7ti\u011fi, a\u011f\u0131r kar ya\u011f\u0131\u015f\u0131n\u0131n oldu\u011fu periyotlarda yaban hayvanlar\u0131n\u0131n beslenmesine y\u00f6nelik \u00e7al\u0131\u015fmalar da yapt\u0131klar\u0131n\u0131 s\u00f6yledi.<\/p>\n<p>Bu \u00e7al\u0131\u015fmalardan ku\u015flar\u0131n da nasibini ald\u0131\u011f\u0131n\u0131 belirten Atmaca, yaz\u0131n da a\u011f\u0131r ge\u00e7en s\u0131caklara kar\u015f\u0131 olu\u015fturduklar\u0131 su yalaklar\u0131yla hayvanlar\u0131n su muhta\u00e7l\u0131klar\u0131n\u0131 kar\u015f\u0131lamas\u0131na yard\u0131mc\u0131 olduklar\u0131n\u0131 lisana getirdi.<\/p>\n<p>Atmaca, ku\u015flar\u0131n do\u011fal \u00f6m\u00fcr alanlar\u0131n\u0131n korunmas\u0131, etraf \u015fuurunun artt\u0131r\u0131lmas\u0131 ve ku\u015f g\u00f6zlemcili\u011finin te\u015fvik edilmesi hedefiyle &#8220;D\u00fcnya Ku\u015f G\u00fcn\u00fc&#8221;n\u00fcn 5 Ocak&#8217;ta kutland\u0131\u011f\u0131n\u0131 kelamlar\u0131na ekledi.<\/p>\n","protected":false},"excerpt":{"rendered":"<p>T\u00fcrkiye&#8217;den ge\u00e7en 3 ku\u015f g\u00f6\u00e7 rotas\u0131n\u0131n kesi\u015fti\u011fi Do\u011fu Akdeniz&#8217;deki sulak alanlar, g\u00f6\u00e7men ku\u015flara kuvvetli seyahatlerinde mola noktas\u0131 oluyor.<\/p>\n","protected":false},"author":1,"featured_media":1177,"comment_status":"open","ping_status":"open","sticky":false,"template":"","format":"standard","meta":{"footnotes":""},"categories":[25],"tags":[111,110,109,113,112],"class_list":["post-1176","post","type-post","status-publish","format-standard","has-post-thumbnail","hentry","category-gundem","tag-alanlar","tag-atmaca","tag-kus","tag-turkiye","tag-uzerinden"],"_links":{"self":[{"href":"https:\/\/ikimisli.tr\/index.php\/wp-json\/wp\/v2\/posts\/1176","targetHints":{"allow":["GET"]}}],"collection":[{"href":"https:\/\/ikimisli.tr\/index.php\/wp-json\/wp\/v2\/posts"}],"about":[{"href":"https:\/\/ikimisli.tr\/index.php\/wp-json\/wp\/v2\/types\/post"}],"author":[{"embeddable":true,"href":"https:\/\/ikimisli.tr\/index.php\/wp-json\/wp\/v2\/users\/1"}],"replies":[{"embeddable":true,"href":"https:\/\/ikimisli.tr\/index.php\/wp-json\/wp\/v2\/comments?post=1176"}],"version-history":[{"count":1,"href":"https:\/\/ikimisli.tr\/index.php\/wp-json\/wp\/v2\/posts\/1176\/revisions"}],"predecessor-version":[{"id":1178,"href":"https:\/\/ikimisli.tr\/index.php\/wp-json\/wp\/v2\/posts\/1176\/revisions\/1178"}],"wp:featuredmedia":[{"embeddable":true,"href":"https:\/\/ikimisli.tr\/index.php\/wp-json\/wp\/v2\/media\/1177"}],"wp:attachment":[{"href":"https:\/\/ikimisli.tr\/index.php\/wp-json\/wp\/v2\/media?parent=1176"}],"wp:term":[{"taxonomy":"category","embeddable":true,"href":"https:\/\/ikimisli.tr\/index.php\/wp-json\/wp\/v2\/categories?post=1176"},{"taxonomy":"post_tag","embeddable":true,"href":"https:\/\/ikimisli.tr\/index.php\/wp-json\/wp\/v2\/tags?post=1176"}],"curies":[{"name":"wp","href":"https:\/\/api.w.org\/{rel}","templated":true}]}}