{"id":11798,"date":"2025-02-17T13:24:08","date_gmt":"2025-02-17T13:24:08","guid":{"rendered":"https:\/\/ikimisli.tr\/?p=11798"},"modified":"2025-02-17T13:24:08","modified_gmt":"2025-02-17T13:24:08","slug":"sudaki-florur-cocuk-zekasini-etkiler-mi","status":"publish","type":"post","link":"https:\/\/ikimisli.tr\/index.php\/2025\/02\/17\/sudaki-florur-cocuk-zekasini-etkiler-mi\/","title":{"rendered":"Sudaki flor\u00fcr \u00e7ocuk zekas\u0131n\u0131 etkiler mi?"},"content":{"rendered":"<p>10 farkl\u0131 \u00fclkede yap\u0131lan 74 \u00e7al\u0131\u015fman\u0131n ayr\u0131nt\u0131l\u0131 bir halde tahlil edildi\u011fi ara\u015ft\u0131rman\u0131n sonu\u00e7lar\u0131, bilim d\u00fcnyas\u0131nda b\u00fcy\u00fck yank\u0131 uyand\u0131rd\u0131.<\/p>\n<p>Hakemli mecmua JAMA Pediatrics&#8217;te yay\u0131mlanan ara\u015ft\u0131rmaya nazaran, su ve ba\u015fka kaynaklardan y\u00fcksek \u00f6l\u00e7\u00fcde flor\u00fcre maruz kalan \u00e7ocuklar\u0131n IQ d\u00fczeyleri \u00f6nemli formda d\u00fc\u015f\u00fcyor.<\/p>\n<p>Ara\u015ft\u0131rmac\u0131lar, idrar \u00f6rneklerindeki her bir ppm (milyonda bir par\u00e7a) flor\u00fcr art\u0131\u015f\u0131 i\u00e7in \u00e7ocuklar\u0131n IQ&#8217;sunda ortalama 1,63 puanl\u0131k bir d\u00fc\u015f\u00fc\u015f oldu\u011funu tespit etti. Bu bulgu, y\u00fcksek flor\u00fcrl\u00fc b\u00f6lgelerde ya\u015fayan \u00e7ocuklar\u0131n zek\u00e2 geli\u015fiminin olumsuz etkilenebilece\u011fi tasas\u0131n\u0131 art\u0131rd\u0131.<\/p>\n<p>Ancak bu \u00e7arp\u0131c\u0131 sonu\u00e7lar, bilim d\u00fcnyas\u0131nda birtak\u0131m tart\u0131\u015fmalara da yol a\u00e7t\u0131. Birtak\u0131m uzmanlar, ara\u015ft\u0131rman\u0131n neden-sonu\u00e7 m\u00fcnasebeti kurmada yetersiz oldu\u011funu belirterek bulgular\u0131n kesin olmad\u0131\u011f\u0131n\u0131 savundu. Ba\u015fka bir tenkit ise, incelenen \u00fclkelerdeki suyun flor\u00fcr d\u00fczeyinin ABD&#8217;deki seviyeyi yans\u0131tmamas\u0131yd\u0131.<\/p>\n<p>ABD&#8217;de i\u00e7me suyundaki flor\u00fcr d\u00fczeyi i\u00e7in belirlenen \u00fcst hudut 0,7 ppm olmas\u0131na kar\u015f\u0131n, milyonlarca Amerikal\u0131 farkl\u0131 kaynaklardan daha y\u00fcksek d\u00fczeylerde flor\u00fcr i\u00e7eren sular t\u00fcketiyor. T\u00fcrkiye&#8217;de ise bu hudut 1,5 ppm olarak belirlenmi\u015f durumda.<\/p>\n<p><b>1,5 PPM&#8217;\u0130N ALTINDA TES\u0130R YOK MU?<\/b><\/p>\n<p>\u0130lgin\u00e7 bir bi\u00e7imde, yeni ara\u015ft\u0131rmada 1,5 ppm&#8217;in alt\u0131ndaki flor\u00fcr d\u00fczeyleri ile \u00e7ocuklar\u0131n IQ&#8217;su ortas\u0131nda manal\u0131 bir ili\u015fki bulunamad\u0131. Lakin birtak\u0131m bilim insanlar\u0131 ve di\u015f tabipleri, \u00e7al\u0131\u015fman\u0131n metodolojisindeki eksiklikler nedeniyle bulgular\u0131n emniyetli olmad\u0131\u011f\u0131n\u0131 savundu.<\/p>\n<p>Iowa \u00dcniversitesi&#8217;nden Dr. Steven M. Levy, \u00e7al\u0131\u015fmaya dahil edilen \u00e7al\u0131\u015fmalar\u0131n b\u00fcy\u00fck bir k\u0131sm\u0131n\u0131n d\u00fc\u015f\u00fck kalitede oldu\u011funu belirterek, sonu\u00e7lar\u0131n net bir sonu\u00e7 sunmad\u0131\u011f\u0131n\u0131 s\u00f6z etti.<\/p>\n<p><b>DAHA FAZLA ARA\u015eTIRMAYA MUHTA\u00c7LIK VAR<\/b><\/p>\n<p>Ulusal Etraf S\u0131hhati Bilimleri Enstit\u00fcs\u00fc&#8217;n\u00fcn eski y\u00f6neticisi Dr. Linda Birnbaum, 1,5 ppm&#8217;in alt\u0131ndaki flor\u00fcr d\u00fczeylerinin potansiyel tesirleri hakk\u0131nda daha fazla ara\u015ft\u0131rma yap\u0131lmas\u0131 gerekti\u011fini vurguluyor. Birnbaum, yeni \u00e7al\u0131\u015fman\u0131n flor\u00fcre maruz kalman\u0131n \u00e7ocuklar\u0131n zek\u00e2 geli\u015fimini olumsuz etkileyebilece\u011fini g\u00f6sterdi\u011fini belirtiyor.<\/p>\n<p>Ara\u015ft\u0131rman\u0131n ba\u015fyazar\u0131 Dr. Kyla Taylor ise, gebe bayanlar\u0131n, bebeklerin ve emziren annelerin flor\u00fcr i\u00e7ermeyen su t\u00fcketmesi gerekti\u011fi konusunda ihtarda bulundu.\u00a0<\/p>\n","protected":false},"excerpt":{"rendered":"<p>ABD Ulusal Etraf S\u0131hhati Bilimleri Enstit\u00fcs\u00fc&#8217;n\u00fcn ger\u00e7ekle\u015ftirdi\u011fi kapsaml\u0131 bir ara\u015ft\u0131rma, i\u00e7me suyunda y\u00fcksek d\u00fczeylerde bulunan flor\u00fcr ile \u00e7ocuklar\u0131n zek\u00e2 d\u00fczeyi ortas\u0131nda \u00e7arp\u0131c\u0131 bir temas ortaya koydu.<\/p>\n","protected":false},"author":1,"featured_media":11799,"comment_status":"open","ping_status":"open","sticky":false,"template":"","format":"standard","meta":{"footnotes":""},"categories":[29],"tags":[2093,2185,2649,2650],"class_list":["post-11798","post","type-post","status-publish","format-standard","has-post-thumbnail","hentry","category-saglik","tag-arastirma","tag-cocuklarin","tag-florur","tag-sonuc"],"_links":{"self":[{"href":"https:\/\/ikimisli.tr\/index.php\/wp-json\/wp\/v2\/posts\/11798","targetHints":{"allow":["GET"]}}],"collection":[{"href":"https:\/\/ikimisli.tr\/index.php\/wp-json\/wp\/v2\/posts"}],"about":[{"href":"https:\/\/ikimisli.tr\/index.php\/wp-json\/wp\/v2\/types\/post"}],"author":[{"embeddable":true,"href":"https:\/\/ikimisli.tr\/index.php\/wp-json\/wp\/v2\/users\/1"}],"replies":[{"embeddable":true,"href":"https:\/\/ikimisli.tr\/index.php\/wp-json\/wp\/v2\/comments?post=11798"}],"version-history":[{"count":1,"href":"https:\/\/ikimisli.tr\/index.php\/wp-json\/wp\/v2\/posts\/11798\/revisions"}],"predecessor-version":[{"id":11800,"href":"https:\/\/ikimisli.tr\/index.php\/wp-json\/wp\/v2\/posts\/11798\/revisions\/11800"}],"wp:featuredmedia":[{"embeddable":true,"href":"https:\/\/ikimisli.tr\/index.php\/wp-json\/wp\/v2\/media\/11799"}],"wp:attachment":[{"href":"https:\/\/ikimisli.tr\/index.php\/wp-json\/wp\/v2\/media?parent=11798"}],"wp:term":[{"taxonomy":"category","embeddable":true,"href":"https:\/\/ikimisli.tr\/index.php\/wp-json\/wp\/v2\/categories?post=11798"},{"taxonomy":"post_tag","embeddable":true,"href":"https:\/\/ikimisli.tr\/index.php\/wp-json\/wp\/v2\/tags?post=11798"}],"curies":[{"name":"wp","href":"https:\/\/api.w.org\/{rel}","templated":true}]}}