{"id":11965,"date":"2025-02-18T03:24:07","date_gmt":"2025-02-18T03:24:07","guid":{"rendered":"https:\/\/ikimisli.tr\/?p=11965"},"modified":"2025-02-18T03:24:07","modified_gmt":"2025-02-18T03:24:07","slug":"aldatildigini-ogrenen-kadin-deliye-dondu-esini-cinsel-organindan-bicakladi","status":"publish","type":"post","link":"https:\/\/ikimisli.tr\/index.php\/2025\/02\/18\/aldatildigini-ogrenen-kadin-deliye-dondu-esini-cinsel-organindan-bicakladi\/","title":{"rendered":"Aldat\u0131ld\u0131\u011f\u0131n\u0131 \u00f6\u011frenen kad\u0131n deliye d\u00f6nd\u00fc!  E\u015fini cinsel organ\u0131ndan b\u0131\u00e7aklad\u0131"},"content":{"rendered":"<p>\u0130stanbul\u2019da ya\u015fayan ve 7 ve 12 ya\u015flar\u0131nda iki k\u0131z \u00e7ocu\u011fu bulunan 13 y\u0131ll\u0131k evli \u00e7ift ortas\u0131nda aldatma sav\u0131yla tart\u0131\u015fma \u00e7\u0131kt\u0131.<\/p>\n<p>E\u015finin kendisini tekraren aldatt\u0131\u011f\u0131n\u0131 \u00f6ne s\u00fcren G.D. isimli bayan, e\u015fi D.D\u2019nin i\u015f telefonunda di\u011fer bayanlarla iletisini yakalad\u0131. G.D, olay\u0131n akabinde teze nazaran D.D.\u2019nin telefonunu alarak, toplumsal medya hesab\u0131ndan \u201cKar\u0131m\u0131 \u00e7ok defa aldatt\u0131m. Pi\u015fman de\u011filim zira h\u0131z\u0131na pi\u015fkin pi\u015fkin bakabiliyorum\u201d payla\u015f\u0131m\u0131 yapt\u0131.<\/p>\n<p>Olay \u00fczerine konutta \u00e7\u0131kan tart\u0131\u015fma b\u00fcy\u00fcyerek hengameye d\u00f6n\u00fc\u015ft\u00fc. O s\u0131rada, G.D.&#8217;nin meskende bulunan kay\u0131nvalidesi de \u00e7\u0131kan tart\u0131\u015fmaya dahil oldu.<\/p>\n<p>G.D. daha sonra, hem kay\u0131nvalidesi hem de e\u015fi taraf\u0131ndan darbedilmeye ba\u015flad\u0131\u011f\u0131 s\u0131rada, mutfa\u011fa ko\u015farak eline b\u0131\u00e7ak ald\u0131.<\/p>\n<p>Ard\u0131ndan arbede esnas\u0131nda G.D. yere d\u00fc\u015ft\u00fc. \u00c7\u0131kan arbedede G.D. b\u0131\u00e7akla e\u015fi D.D.\u2019yi testisinden yaralad\u0131.<\/p>\n<p>\u00dcst katta bulunan ve arbede seslerini duyan G\u2019D\u2019nin annesi de olaya dahil olarak, k\u0131z\u0131n\u0131n elinden b\u0131\u00e7a\u011f\u0131 ald\u0131. Olay yerine polis ve ambulans gruplar\u0131 sevk edildi.<\/p>\n<p>Ard\u0131ndan, polislerin incelemesinde 27.5 cm b\u0131\u00e7ak ile G.D.\u2019nin, D.D\u2019yi yaralad\u0131\u011f\u0131 belirtildi.<\/p>\n<p>D.D.\u2019nin \u015fikayeti \u00fczerine, G.D. 20 Aral\u0131k 2024 tarihinde taamm\u00fcden yaralama kabahatiyle tutukland\u0131.<\/p>\n<p>D.D.\u2019nin tutukluluk s\u00fcrecinde, avukat\u0131 Burak Ayl\u0131\u2019n\u0131n itiraz\u0131 sonucunda 25 Aral\u0131k 2024\u2019te \u00f6zg\u00fcr b\u0131rak\u0131ld\u0131.<\/p>\n<p><b>\u2018A\u0130LE \u0130\u00c7\u0130 B\u0130R TARTI\u015eMA YA\u015eANIYOR\u2019<\/b><\/p>\n<p>G.D.\u2019nin avukat\u0131 Burak Ayl\u0131, \u201cM\u00fcvekkilim, e\u015finin telefonunu kar\u0131\u015ft\u0131rd\u0131\u011f\u0131nda, uzun y\u0131llard\u0131r aldat\u0131ld\u0131\u011f\u0131n\u0131 \u00f6\u011freniyor. E\u015finin \u00e7al\u0131\u015ft\u0131\u011f\u0131 il\u00e7ede g\u00fcnl\u00fck konut kiralayarak, kendisini tekraren aldatmas\u0131 \u00fczerine aile i\u00e7i bir tart\u0131\u015fma ya\u015fan\u0131yor. Bu tart\u0131\u015fmada m\u00fcvekkilim e\u015fi taraf\u0131ndan darbediliyor. Darp seslerini duyan adam\u0131n annesi de a\u015fa\u011f\u0131 inerek olaya dahil oluyor. Bunun \u00fczerine olay daha da b\u00fcy\u00fcyerek arbedeye d\u00f6n\u00fc\u015f\u00fcyor. M\u00fcvekkilim bu sefer de kay\u0131nvalidesi ve e\u015fi taraf\u0131ndan darbediliyor. M\u00fcvekkilim de bu esnada kendisini korumak i\u00e7in e\u015fine bir k\u00fcll\u00fck f\u0131rlat\u0131yor. K\u00fcll\u00fck kar\u015f\u0131 taraf\u0131n omzuna isabet ediyor. Akabinde kar\u015f\u0131 taraf darb\u0131n \u015fiddetini art\u0131rarak devam ediyor. M\u00fcvekkilim de kendini kurtarmak i\u00e7in mutfa\u011fa ko\u015fuyor. Mutfaktan bir b\u0131\u00e7ak al\u0131yor. Arbede tekrar devam ediyor. Bunun \u00fczerine m\u00fcvekkilim yere d\u00fc\u015f\u00fcyor, kocas\u0131 ve kay\u0131nvalidesi taraf\u0131ndan darb\u0131 devam ediyor. M\u00fcvekkilim de can\u0131n\u0131 kurtarmak i\u00e7in b\u0131\u00e7a\u011f\u0131 \u00fcst\u00fcn k\u00f6r\u00fc sall\u0131yor. B\u0131\u00e7ak bu esnada kocas\u0131n\u0131n cinsel b\u00f6lgesine denk geliyor. Burada adam\u0131n testisinde bir kesi olu\u015fuyor. M\u00fcvekkil bayan\u0131n kendisiyle t\u0131pk\u0131 meskende ya\u015fayan annesi de olaya dahil olarak, k\u0131z\u0131n\u0131n elinden b\u0131\u00e7a\u011f\u0131 al\u0131yor\u201d dedi.<\/p>\n<p><b>\u2018M\u00dcVEKK\u0130L\u0130M, ADALET\u0130N TECELL\u0130 ETMES\u0130YLE, HUKUKA UYGUN HALDE TAHL\u0130YE ED\u0130LD\u0130\u2019<\/b><\/p>\n<p>Hastaneye kald\u0131r\u0131lan D.D&#8217;nin olay akabinde karakola giderek \u015fikayet\u00e7i oldu\u011funu bildiren Ayl\u0131, \u201cDaha sonra olay yarg\u0131ya intikal ediyor. Hastane taraf\u0131ndan d\u00fczenlenen rapor ile olay savc\u0131l\u0131\u011fa bildiriliyor. Savc\u0131l\u0131k soru\u015fturmay\u0131 geni\u015fletiyor. M\u00fcvekkilimizin tutukluluk talebiyle, savc\u0131l\u0131k taraf\u0131ndan Sulh Ceza Hakimli\u011fi\u2019ne sevk ediliyor. Maalesef kat\u0131ld\u0131\u011f\u0131m\u0131z duru\u015fmada, \u2018hukuka uygunluk\u2019 hallerinden, \u2018me\u015fru m\u00fcdafa\u2019 durumu g\u00f6zetilmeden ve \u2018daha az cezay\u0131 gerektiren haks\u0131z tahrik\u2019 kararlar\u0131 g\u00f6zetilmeden hukuka kar\u015f\u0131t bi\u00e7imde tutuklanm\u0131\u015ft\u0131r. M\u00fcvekkilim, Marmara Bayan Kapal\u0131 Ceza \u0130nfaz Kurumu\u2019na sevk ediliyor. Sal\u0131 g\u00fcn\u00fc yapt\u0131\u011f\u0131m\u0131z itiraz sonucunda; \u00e7ar\u015famba g\u00fcn\u00fc m\u00fcvekkilim, adaletin tecelli etmesiyle, hukuka uygun bi\u00e7imde tahliye ediliyor. Savc\u0131l\u0131k soru\u015fturmas\u0131 devam ediyor. M\u00fcvekkilimin rastgele bir ka\u00e7ma ve kan\u0131tlar\u0131 karartma ku\u015fkusu olmad\u0131\u011f\u0131ndan, olaya ait soru\u015fturma kapsam\u0131nda tekrar tutuklanaca\u011f\u0131n\u0131 d\u00fc\u015f\u00fcnm\u00fcyoruz. Umuyoruz ki adalet tekrar tecelli edecek\u201d diye konu\u015ftu.<\/p>\n<p>Savc\u0131l\u0131k soru\u015fturmas\u0131n\u0131n hala devam etti\u011fini belirten Ayl\u0131, \u201cSavc\u0131l\u0131\u011f\u0131n olay\u0131 iddianameye d\u00f6n\u00fc\u015ft\u00fcr\u00fcp, mahkemeye sevk etme ihtimali y\u00fcksek. Lakin biz mahkemenin de hukuka uygun bi\u00e7imde, legal m\u00fcdafaa halinin getirdi\u011fi, cezas\u0131zl\u0131k nedeninden ve haks\u0131z tahrik kararlar\u0131na dayanarak, bir ceza verilecekse de en alt hadden olmas\u0131n\u0131 bekliyoruz. \u00d6ncelikle nat\u00fcrel ki bu aile i\u00e7i \u015fiddet hadisesinin en b\u00fcy\u00fck ma\u011fduru m\u00fcvekkilimizin beraat etmesi, beraat etmeyecekse de hakk\u0131nda verilecek karar\u0131n en alt hadden olmas\u0131n\u0131 bekliyoruz. Bu stil yaralama olaylar\u0131nda \u015fayet silahla yaralama ger\u00e7ekle\u015ftiyse, her ne kadar \u015fikayet\u00e7i taraf \u015fikayetinden vazge\u00e7se de bir kamu davas\u0131na d\u00f6n\u00fc\u015fm\u00fc\u015f oluyor. Ama yarg\u0131, buradaki hukuka uygunluk hallerini de\u011ferlendirip, tekrar m\u00fcvekkil i\u00e7in beraat karar\u0131 verebilir. M\u00fcvekkilimiz \u015fu anda 7 ve 12 ya\u015f\u0131ndaki iki k\u0131z \u00e7ocuklar\u0131n\u0131n ba\u015f\u0131nda, onlara tekrar kavu\u015ftu. \u015eu anda kocas\u0131yla ya\u015fad\u0131\u011f\u0131 aile evindedir. M\u00fcvekkilin tutukluluk s\u00fcrecinde kay\u0131nvalidesi ve annesi \u00e7ocuklara bakm\u0131\u015ft\u0131r. Her ne kadar aile i\u00e7inde \u00f6nemli bir \u015fiddet olay\u0131 ya\u015fansa da \u015fu an birlikteler. Umuyorum ki ortalar\u0131nda rastgele bir sorun ve hengame tekrar ya\u015fanmayacakt\u0131r. \u00dclkemizde son y\u0131llarda artarak devam eden bayana \u015fiddet hadiseleri ve aile i\u00e7i \u015fiddet olaylar\u0131n\u0131n son bulmas\u0131n\u0131 temenni ediyorum\u201d s\u00f6zlerini kulland\u0131.<\/p>\n","protected":false},"excerpt":{"rendered":"<p>\u0130stanbul&#8217;da G.D., e\u015finin kendisini aldatt\u0131\u011f\u0131n\u0131 tez ederek D.D. ile tart\u0131\u015ft\u0131&#8230; Tart\u0131\u015fma arbedeye d\u00f6n\u00fc\u015ft\u00fc ve G.D., mutfakta eline ald\u0131\u011f\u0131 b\u0131\u00e7akla \u00e7\u0131kan arbedede D.D.&#8217;yi testisinden yaralad\u0131. D.D.&#8217;nin \u015fikayetiyle G.D. tutukland\u0131, lakin 5 g\u00fcn sonra \u00f6zg\u00fcr b\u0131rak\u0131ld\u0131.<\/p>\n","protected":false},"author":1,"featured_media":11966,"comment_status":"open","ping_status":"open","sticky":false,"template":"","format":"standard","meta":{"footnotes":""},"categories":[25],"tags":[2684,2685,171,1780,260],"class_list":["post-11965","post","type-post","status-publish","format-standard","has-post-thumbnail","hentry","category-gundem","tag-ediyor","tag-kayinvalidesi","tag-olay","tag-tarafindan","tag-tartisma"],"_links":{"self":[{"href":"https:\/\/ikimisli.tr\/index.php\/wp-json\/wp\/v2\/posts\/11965","targetHints":{"allow":["GET"]}}],"collection":[{"href":"https:\/\/ikimisli.tr\/index.php\/wp-json\/wp\/v2\/posts"}],"about":[{"href":"https:\/\/ikimisli.tr\/index.php\/wp-json\/wp\/v2\/types\/post"}],"author":[{"embeddable":true,"href":"https:\/\/ikimisli.tr\/index.php\/wp-json\/wp\/v2\/users\/1"}],"replies":[{"embeddable":true,"href":"https:\/\/ikimisli.tr\/index.php\/wp-json\/wp\/v2\/comments?post=11965"}],"version-history":[{"count":1,"href":"https:\/\/ikimisli.tr\/index.php\/wp-json\/wp\/v2\/posts\/11965\/revisions"}],"predecessor-version":[{"id":11967,"href":"https:\/\/ikimisli.tr\/index.php\/wp-json\/wp\/v2\/posts\/11965\/revisions\/11967"}],"wp:featuredmedia":[{"embeddable":true,"href":"https:\/\/ikimisli.tr\/index.php\/wp-json\/wp\/v2\/media\/11966"}],"wp:attachment":[{"href":"https:\/\/ikimisli.tr\/index.php\/wp-json\/wp\/v2\/media?parent=11965"}],"wp:term":[{"taxonomy":"category","embeddable":true,"href":"https:\/\/ikimisli.tr\/index.php\/wp-json\/wp\/v2\/categories?post=11965"},{"taxonomy":"post_tag","embeddable":true,"href":"https:\/\/ikimisli.tr\/index.php\/wp-json\/wp\/v2\/tags?post=11965"}],"curies":[{"name":"wp","href":"https:\/\/api.w.org\/{rel}","templated":true}]}}