{"id":11980,"date":"2025-02-18T04:36:07","date_gmt":"2025-02-18T04:36:07","guid":{"rendered":"https:\/\/ikimisli.tr\/?p=11980"},"modified":"2025-02-18T04:36:07","modified_gmt":"2025-02-18T04:36:07","slug":"2024-olcum-tarihinin-en-sicak-yili-oldu","status":"publish","type":"post","link":"https:\/\/ikimisli.tr\/index.php\/2025\/02\/18\/2024-olcum-tarihinin-en-sicak-yili-oldu\/","title":{"rendered":"2024, \u00f6l\u00e7\u00fcm tarihinin en s\u0131cak y\u0131l\u0131 oldu"},"content":{"rendered":"<p>Meteoroloji Genel M\u00fcd\u00fcrl\u00fc\u011f\u00fc&#8217;n\u00fcn, s\u0131cakl\u0131k ve ya\u011f\u0131\u015f raporlar\u0131nda 15,6 derecelik ortalama s\u0131cakl\u0131k ile son 53 y\u0131l\u0131n &#8216;en s\u0131cak y\u0131l\u0131&#8217; olarak tarihe ge\u00e7en 2024, t\u0131pk\u0131 vakitte d\u00fcnya i\u00e7in de son 75 y\u0131ll\u0131k \u00f6l\u00e7\u00fcm tarihinin en s\u0131cak y\u0131l\u0131 oldu. \u0130T\u00dc U\u00e7ak ve Uzay Bilimleri Fak\u00fcltesi Meteoroloji M\u00fchendisli\u011fi K\u0131sm\u0131&#8217;ndan Prof. Dr. Bar\u0131\u015f \u00d6nol, 2024 y\u0131l\u0131n\u0131n hem d\u00fcnya hem T\u00fcrkiye i\u00e7in \u00f6l\u00e7\u00fcm tarihinin en s\u0131cak y\u0131l\u0131 oldu\u011funu belirterek, &#8220;\u00dclkemizde ola\u011fanlar\u0131n 3 derece \u00fcst\u00fcnde alanlar mevcut. Renk paleti de\u011fi\u015fti. \u0130nsan kaynakl\u0131 iklim de\u011fi\u015fikli\u011fi ve iklimin do\u011fal de\u011fi\u015fkenli\u011fi farkl\u0131 hikayeler&#8221; dedi. Bar\u0131\u015f \u00d6nol, payla\u015ft\u0131\u011f\u0131 GHCN_CAMS bilgilerine nazaran 1991-2020 y\u0131ll\u0131k normallerinin 1,7 derece \u00fcst\u00fcnde olan 2024 y\u0131l\u0131n\u0131n Akdeniz ve G\u00f6ller B\u00f6lgesi&#8217;nde ise y\u0131ll\u0131k ola\u011fanlar\u0131n yakla\u015f\u0131k 3,5 derece \u00fcst\u00fcnde oldu\u011funu kaydetti. Prof. Dr. \u00d6nol, &#8220;\u0130klim de\u011fi\u015fikli\u011fi beklenenden \u00e7ok daha s\u00fcratli ilerliyor olabilir&#8221; diyerek uyard\u0131.<\/p>\n<p><strong>SADECE \u0130K\u0130 AY SICAKLIK OLA\u011eANIN ALTINA D\u00dc\u015eT\u00dc<\/strong><\/p>\n<p>2024 y\u0131l\u0131 aylara nazaran, uzun y\u0131llar normaline nazaran (1991-2020) ve 2023 y\u0131l\u0131na nazaran s\u0131cakl\u0131k farklar\u0131 a\u00e7\u0131s\u0131ndan bak\u0131ld\u0131\u011f\u0131nda, may\u0131s ve kas\u0131m ay\u0131 haricindeki t\u00fcm aylar normaline nazaran daha s\u0131cak ge\u00e7ti. S\u0131cakl\u0131k de\u011fi\u015fimleri \u015f\u00f6yle;<\/p>\n<p>Ocak ay\u0131nda normaline nazaran 2,8 derece art\u0131\u015fla 5,7 derece ger\u00e7ekle\u015fti. 2023&#8217;e nazaran 0,4 derece artt\u0131.<\/p>\n<p>\u015eubat ay\u0131nda normaline nazaran 3,5 derece art\u0131\u015fla 7,6 derece \u00f6l\u00e7\u00fcld\u00fc. 2023&#8217;e nazaran 4,2 derece artt\u0131.<\/p>\n<p>Mart ay\u0131nda normaline nazaran 1,5 derece art\u0131\u015fla 9,2 dereceye y\u00fckseldi. 2023&#8217;e nazaran 0,6 derece d\u00fc\u015ft\u00fc.<\/p>\n<p>Nisan ay\u0131nda normaline nazaran 4,3 derece art\u0131\u015fla 16,6 dereceye \u00e7\u0131kt\u0131. 2023&#8217;e nazaran de 4,3 derece artt\u0131.<\/p>\n<p>May\u0131s ay\u0131nda normaline nazaran 0,2 derecelik d\u00fc\u015f\u00fc\u015fle 16,9 derece oldu. 2023&#8217;e nazaran 0,5 derece artt\u0131.<\/p>\n<p>Haziran ay\u0131nda normaline nazaran 3,6 derecelik art\u0131\u015fla 25,4 dereceye \u00e7\u0131kt\u0131. 2023&#8217;e nazaran 4 derece artt\u0131.<\/p>\n<p>Temmuz ay\u0131nda normaline nazaran 1,7 derecelik art\u0131\u015fla 26,7 derece oldu. 2023&#8217;e nazaran 1 derece artt\u0131.<\/p>\n<p>A\u011fustos ay\u0131nda normaline nazaran 1,3 derece artarak 26,4 dereceye \u00e7\u0131kt\u0131. 2023&#8217;e 0,7 derece azald\u0131.<\/p>\n<p>Eyl\u00fcl ay\u0131nda normaline nazaran 1,3 derece artarak 22,2 dereceye \u00e7\u0131kt\u0131. 2023&#8217;e nazaran 0,2 derece azald\u0131.<\/p>\n<p>Ekim ay\u0131nda normaline nazaran 0,2 derece artarak 15,8 dereceye y\u00fckseldi. 2023&#8217;e nazaran 1,3 derece azald\u0131.<\/p>\n<p>Kas\u0131m ay\u0131nda normaline nazaran 0,1 derece d\u00fc\u015f\u00fc\u015fle 9,2 derece \u00f6l\u00e7\u00fcld\u00fc. 2023&#8217;e nazaran 3,3 derece d\u00fc\u015ft\u00fc.<\/p>\n<p>Aral\u0131k ay\u0131nda normaline nazaran 1,3 derece artarak 6,1 dereceye \u00e7\u0131kt\u0131. 2023&#8217;e nazaran 2,2 derece azald\u0131.<\/p>\n","protected":false},"excerpt":{"rendered":"<p>\u0130stanbul Teknik \u00dcniversitesi&#8217;nden (\u0130T\u00dc) atmosfer- iklim bilimci Prof. Dr. Bar\u0131\u015f \u00d6nol, T\u00fcrkiye&#8217;nin son 75 y\u0131ll\u0131k s\u0131cakl\u0131k de\u011fi\u015fimini g\u00f6steren meteorolojik haritalar\u0131n g\u00f6rsellerini payla\u015farak, 2024&#8217;\u00fcn d\u00fcnya ve T\u00fcrkiye i\u00e7in \u00f6l\u00e7\u00fcm tarihinin en s\u0131cak y\u0131l\u0131 oldu\u011funu a\u00e7\u0131klad\u0131.<\/p>\n","protected":false},"author":1,"featured_media":11981,"comment_status":"open","ping_status":"open","sticky":false,"template":"","format":"standard","meta":{"footnotes":""},"categories":[25],"tags":[2690,2691,1713,669,383],"class_list":["post-11980","post","type-post","status-publish","format-standard","has-post-thumbnail","hentry","category-gundem","tag-3-derece","tag-artisla","tag-derece","tag-sicaklik","tag-yili"],"_links":{"self":[{"href":"https:\/\/ikimisli.tr\/index.php\/wp-json\/wp\/v2\/posts\/11980","targetHints":{"allow":["GET"]}}],"collection":[{"href":"https:\/\/ikimisli.tr\/index.php\/wp-json\/wp\/v2\/posts"}],"about":[{"href":"https:\/\/ikimisli.tr\/index.php\/wp-json\/wp\/v2\/types\/post"}],"author":[{"embeddable":true,"href":"https:\/\/ikimisli.tr\/index.php\/wp-json\/wp\/v2\/users\/1"}],"replies":[{"embeddable":true,"href":"https:\/\/ikimisli.tr\/index.php\/wp-json\/wp\/v2\/comments?post=11980"}],"version-history":[{"count":1,"href":"https:\/\/ikimisli.tr\/index.php\/wp-json\/wp\/v2\/posts\/11980\/revisions"}],"predecessor-version":[{"id":11982,"href":"https:\/\/ikimisli.tr\/index.php\/wp-json\/wp\/v2\/posts\/11980\/revisions\/11982"}],"wp:featuredmedia":[{"embeddable":true,"href":"https:\/\/ikimisli.tr\/index.php\/wp-json\/wp\/v2\/media\/11981"}],"wp:attachment":[{"href":"https:\/\/ikimisli.tr\/index.php\/wp-json\/wp\/v2\/media?parent=11980"}],"wp:term":[{"taxonomy":"category","embeddable":true,"href":"https:\/\/ikimisli.tr\/index.php\/wp-json\/wp\/v2\/categories?post=11980"},{"taxonomy":"post_tag","embeddable":true,"href":"https:\/\/ikimisli.tr\/index.php\/wp-json\/wp\/v2\/tags?post=11980"}],"curies":[{"name":"wp","href":"https:\/\/api.w.org\/{rel}","templated":true}]}}