{"id":12079,"date":"2025-02-18T11:48:12","date_gmt":"2025-02-18T11:48:12","guid":{"rendered":"https:\/\/ikimisli.tr\/?p=12079"},"modified":"2025-02-18T11:48:12","modified_gmt":"2025-02-18T11:48:12","slug":"mecliste-netflix-temsilcileriyle-akpli-vekiller-arasinda-tartisma-cikti","status":"publish","type":"post","link":"https:\/\/ikimisli.tr\/index.php\/2025\/02\/18\/mecliste-netflix-temsilcileriyle-akpli-vekiller-arasinda-tartisma-cikti\/","title":{"rendered":"Meclis&#8217;te Netflix temsilcileriyle AKP&#8217;li vekiller aras\u0131nda tart\u0131\u015fma \u00e7\u0131kt\u0131"},"content":{"rendered":"<p>TBMM Dijital Mecralar Kurulu, AKP Hatay Milletvekili H\u00fcseyin Yayman ba\u015fkanl\u0131\u011f\u0131nda topland\u0131. Komitede, Netflix yetkilileri dinlendi. Netflix temsilcilerinin yapt\u0131\u011f\u0131 sunum s\u0131ras\u0131nda gergin dakikalar ya\u015fand\u0131.<\/p>\n<p>Netflix temsilcilerine y\u00f6neltilen LGBT propagandas\u0131 sorusu sonras\u0131nda tansiyon y\u00fckseldi.\u00a0 Dijital Mecralar Komisyonu Ba\u015fkan\u0131 H\u00fcseyin Yayman, Netflix Y\u00f6neticisi Pelin Mavili\u2019ye \u201cLGBT\u2019yi \u00f6zel olarak destekleyen bir yay\u0131n siyaseti tercihiniz var m\u0131? T\u00fcrk aile yap\u0131s\u0131na uygun olmayan dizileri \u00f6zel olarak bir yerden bir ama\u00e7la m\u0131 yay\u0131nl\u0131yorsunuz?\u201d diyerek bir soru y\u00f6neltti.<\/p>\n<p>\u201cBizim ekran\u0131m\u0131zda \u00e7ok \u00e7e\u015fitli \u015feyler g\u00f6r\u00fcyorsunuzdur bu herkesin kendini buldu\u011fu bir ekran olabilmek amac\u0131yla\u201d diye yan\u0131t vermesi Yayman\u2019\u0131 k\u0131zd\u0131rd\u0131.<\/p>\n<p>Yayman \u201cBen size a\u00e7\u0131k bir soru sordum. LGBT\u2019yle ilgili, cinsiyetsiz g\u00fczelle\u015ftirmeyle ilgili galiba atlad\u0131n\u0131z\u201d dedi. Mavili ise \u201cAtlamad\u0131m, \u00e7ok net s\u00f6yledim. LGBT de d\u00e2hil, rastgele bir bahiste bir lobi bask\u0131s\u0131 sebebiyle bir i\u00e7erik yapm\u0131\u015fl\u0131\u011f\u0131m\u0131z \u015fimdi olmad\u0131\u201d formunda konu\u015ftu.<\/p>\n<p>Mavili, &#8220;Herhangi bir mevzuda lobi bask\u0131s\u0131 ile i\u00e7erik \u00fcretti\u011fi olmad\u0131. Herkesin kendinden bir mod\u00fcl bulmas\u0131n\u0131 hedefliyoruz&#8221; cevab\u0131n\u0131 verdi.<\/p>\n<p><b>&#8220;LAFA TUR\u0130ST\u0130K C\u0130NS ATTIRMAYIN&#8221;<\/b><\/p>\n<p>Mavili, Netflix&#8217;in LGBT propagandas\u0131 yapt\u0131\u011f\u0131 taraf\u0131ndaki tenkitlere \u201cE\u011fer bir kere LGBT i\u00e7eren bir \u015fey varsa o vakit art\u0131 18 cinsellik etiketi var. Lakin biz bireylerin hayat stillerini, milletleraras\u0131 insan haklar\u0131 beyannamesiyle ilgili bahislerde ki\u015fisel etiketleme yapam\u0131yoruz. Yaln\u0131zca tema etiketlemesi yapabiliyoruz. \u2019\u015eiddet ya da cinsellik i\u00e7erir\u2019 diye husus \u00fczerinden etiketleme yapabiliyoruz lakin ferdi \u00f6zg\u00fcrl\u00fc\u011fe, ferd\u00ee tercih ya da hayat \u00fcslubu ile ilgili etiketleme yapam\u0131yoruz&#8221; kar\u015f\u0131l\u0131\u011f\u0131n\u0131 verdi.<\/p>\n<p>AKP&#8217;li Yayman, Mavili&#8217;ye &#8220;Lafa turistik t\u0131p att\u0131rmay\u0131n. A\u00e7\u0131k\u00e7a s\u00f6yleyin. LGBT konusunda bir bask\u0131 var m\u0131, propaganda yap\u0131l\u0131yor mu?&#8221; s\u00f6zleri ile reaksiyon g\u00f6sterdi.<\/p>\n<p>Gergin dakikalar\u0131n akabinde kurul devam etti.\u00a0<\/p>\n<p>\u00a0<\/p>\n","protected":false},"excerpt":{"rendered":"<p>TBMM Dijital Mecralar Komitesi, Netflix yetkililerini dinledi.  Netflix temsilcilerine LGBT sorusu y\u00f6neltildi, tansiyon y\u00fckseldi. AKP&#8217;li vekiller ile Netflix temsilcileri ortas\u0131nda kelaml\u0131 tart\u0131\u015fma ya\u015fand\u0131.<\/p>\n","protected":false},"author":1,"featured_media":12080,"comment_status":"open","ping_status":"open","sticky":false,"template":"","format":"standard","meta":{"footnotes":""},"categories":[25],"tags":[2052,2617,2608],"class_list":["post-12079","post","type-post","status-publish","format-standard","has-post-thumbnail","hentry","category-gundem","tag-lgbt","tag-netflix","tag-yayman"],"_links":{"self":[{"href":"https:\/\/ikimisli.tr\/index.php\/wp-json\/wp\/v2\/posts\/12079","targetHints":{"allow":["GET"]}}],"collection":[{"href":"https:\/\/ikimisli.tr\/index.php\/wp-json\/wp\/v2\/posts"}],"about":[{"href":"https:\/\/ikimisli.tr\/index.php\/wp-json\/wp\/v2\/types\/post"}],"author":[{"embeddable":true,"href":"https:\/\/ikimisli.tr\/index.php\/wp-json\/wp\/v2\/users\/1"}],"replies":[{"embeddable":true,"href":"https:\/\/ikimisli.tr\/index.php\/wp-json\/wp\/v2\/comments?post=12079"}],"version-history":[{"count":1,"href":"https:\/\/ikimisli.tr\/index.php\/wp-json\/wp\/v2\/posts\/12079\/revisions"}],"predecessor-version":[{"id":12081,"href":"https:\/\/ikimisli.tr\/index.php\/wp-json\/wp\/v2\/posts\/12079\/revisions\/12081"}],"wp:featuredmedia":[{"embeddable":true,"href":"https:\/\/ikimisli.tr\/index.php\/wp-json\/wp\/v2\/media\/12080"}],"wp:attachment":[{"href":"https:\/\/ikimisli.tr\/index.php\/wp-json\/wp\/v2\/media?parent=12079"}],"wp:term":[{"taxonomy":"category","embeddable":true,"href":"https:\/\/ikimisli.tr\/index.php\/wp-json\/wp\/v2\/categories?post=12079"},{"taxonomy":"post_tag","embeddable":true,"href":"https:\/\/ikimisli.tr\/index.php\/wp-json\/wp\/v2\/tags?post=12079"}],"curies":[{"name":"wp","href":"https:\/\/api.w.org\/{rel}","templated":true}]}}