{"id":12093,"date":"2025-02-18T12:36:07","date_gmt":"2025-02-18T12:36:07","guid":{"rendered":"https:\/\/ikimisli.tr\/?p=12093"},"modified":"2025-02-18T12:36:07","modified_gmt":"2025-02-18T12:36:07","slug":"rusya-ingiltere-ve-ukrayna-arasindaki-100-yillik-anlasmayi-degerlendirdi","status":"publish","type":"post","link":"https:\/\/ikimisli.tr\/index.php\/2025\/02\/18\/rusya-ingiltere-ve-ukrayna-arasindaki-100-yillik-anlasmayi-degerlendirdi\/","title":{"rendered":"Rusya, \u0130ngiltere ve Ukrayna aras\u0131ndaki 100 y\u0131ll\u0131k anla\u015fmay\u0131 de\u011ferlendirdi"},"content":{"rendered":"<div>\n<div>\n<div>\n<div>\n<p>Rusya, Cuma g\u00fcn\u00fc yapt\u0131\u011f\u0131 a\u00e7\u0131klamada, Londra ve Kiev ortas\u0131nda imzalanan 100 y\u0131ll\u0131k i\u015ftirak muahedesi \u00e7er\u00e7evesinde \u0130ngiltere&#8217;nin Ukrayna&#8217;da askeri varl\u0131k konu\u015fland\u0131rmas\u0131n\u0131n Moskova i\u00e7in tela\u015f kayna\u011f\u0131 olaca\u011f\u0131n\u0131 belirtti.<\/p>\n<p>Kremlin s\u00f6zc\u00fcs\u00fc Dmitry Peskov, anla\u015fman\u0131n Ukrayna Devlet Ba\u015fkan\u0131 Volodimir Zelenski ve \u0130ngiltere Ba\u015fbakan\u0131 Keir Starmer taraf\u0131ndan duyurulmas\u0131n\u0131n akabinde \u0130ngiltere&#8217;nin Ukrayna&#8217;da askeri \u00fcsler kurma m\u00fcmk\u00fcnl\u00fc\u011f\u00fc hakk\u0131nda sorular\u0131 yan\u0131tlad\u0131.<\/p>\n<p>Peskov, \u201c\u0130ngiltere bir NATO \u00fclkesi oldu\u011funa nazaran, askeri altyap\u0131s\u0131n\u0131n hudutlar\u0131m\u0131za yakla\u015fmas\u0131 katiyetle tela\u015f verici bir durum. Ne olaca\u011f\u0131n\u0131 daha detayl\u0131 halde incelemek gerekecek\u201d dedi.<\/p>\n<p>Zelenski, Per\u015fembe g\u00fcn\u00fc Kiev&#8217;de yap\u0131lan g\u00f6r\u00fc\u015fmelerde, sava\u015f\u0131n sona ermesi durumunda Ukrayna&#8217;ya Bat\u0131l\u0131 bar\u0131\u015f g\u00fcc\u00fc askerlerinin konu\u015fland\u0131r\u0131lmas\u0131 konusundaki iste\u011fini Starmer ile payla\u015ft\u0131\u011f\u0131n\u0131 s\u00f6yledi.<\/p>\n<p>Starmer ise Sky News\u2019e verdi\u011fi r\u00f6portajda, bu mevzuyu Zelenski ve \u00f6b\u00fcr m\u00fcttefiklerle ele ald\u0131\u011f\u0131n\u0131 belirtti. \u0130ngiltere\u2019nin bu s\u00fcre\u00e7te \u201crol\u00fcn\u00fc tam olarak oynayaca\u011f\u0131n\u0131\u201d vurgulad\u0131. Kremlin ise bu t\u0131p bir i\u015fbirli\u011fine olumsuz bak\u0131\u015f a\u00e7\u0131s\u0131n\u0131 s\u00fcrd\u00fcrd\u00fc\u011f\u00fcn\u00fc belirtti.<\/p>\n<p>Peskov ayr\u0131yeten, \u0130ngiltere&#8217;nin Azak Denizi&#8217;nde Ukrayna ile i\u015fbirli\u011fi yapma muhtemelli\u011fine &#8220;olumsuz&#8221; yakla\u015ft\u0131klar\u0131n\u0131 tabir etti. Azov Denizi&#8217;ni Rusya\u2019n\u0131n \u201ci\u00e7 denizi\u201d olarak nitelendiren Peskov, bu b\u00f6lgenin Rusya\u2019n\u0131n g\u00fcneybat\u0131 hudutlar\u0131, sava\u015f s\u0131ras\u0131nda ele ge\u00e7irdi\u011fi Ukrayna topraklar\u0131 ve 2014&#8217;te ilhak etti\u011fi K\u0131r\u0131m yar\u0131madas\u0131yla \u00e7evrili oldu\u011funa dikkat \u00e7ekti.<\/p>\n<\/p><\/div>\n<\/p><\/div>\n<\/p><\/div>\n<\/p><\/div>\n","protected":false},"excerpt":{"rendered":"<p>Rusya, \u0130ngiltere ve Ukrayna ortas\u0131ndaki 100 y\u0131ll\u0131k payda\u015fl\u0131k mutabakat\u0131 kapsam\u0131nda \u0130ngiltere&#8217;nin Ukrayna&#8217;daki askeri varl\u0131\u011f\u0131na ait tasalar\u0131n\u0131 lisana getirdi. Kremlin, \u0130ngiltere&#8217;nin NATO \u00fclkesi olarak b\u00f6lgedeki askeri altyap\u0131s\u0131n\u0131n hudutlar\u0131na yakla\u015fmas\u0131n\u0131 &#8220;endi\u015fe verici&#8221; olarak nitelendirdi.<\/p>\n","protected":false},"author":1,"featured_media":12094,"comment_status":"open","ping_status":"open","sticky":false,"template":"","format":"standard","meta":{"footnotes":""},"categories":[43],"tags":[1301,201],"class_list":["post-12093","post","type-post","status-publish","format-standard","has-post-thumbnail","hentry","category-dunya","tag-ingiltere","tag-ukrayna"],"_links":{"self":[{"href":"https:\/\/ikimisli.tr\/index.php\/wp-json\/wp\/v2\/posts\/12093","targetHints":{"allow":["GET"]}}],"collection":[{"href":"https:\/\/ikimisli.tr\/index.php\/wp-json\/wp\/v2\/posts"}],"about":[{"href":"https:\/\/ikimisli.tr\/index.php\/wp-json\/wp\/v2\/types\/post"}],"author":[{"embeddable":true,"href":"https:\/\/ikimisli.tr\/index.php\/wp-json\/wp\/v2\/users\/1"}],"replies":[{"embeddable":true,"href":"https:\/\/ikimisli.tr\/index.php\/wp-json\/wp\/v2\/comments?post=12093"}],"version-history":[{"count":1,"href":"https:\/\/ikimisli.tr\/index.php\/wp-json\/wp\/v2\/posts\/12093\/revisions"}],"predecessor-version":[{"id":12095,"href":"https:\/\/ikimisli.tr\/index.php\/wp-json\/wp\/v2\/posts\/12093\/revisions\/12095"}],"wp:featuredmedia":[{"embeddable":true,"href":"https:\/\/ikimisli.tr\/index.php\/wp-json\/wp\/v2\/media\/12094"}],"wp:attachment":[{"href":"https:\/\/ikimisli.tr\/index.php\/wp-json\/wp\/v2\/media?parent=12093"}],"wp:term":[{"taxonomy":"category","embeddable":true,"href":"https:\/\/ikimisli.tr\/index.php\/wp-json\/wp\/v2\/categories?post=12093"},{"taxonomy":"post_tag","embeddable":true,"href":"https:\/\/ikimisli.tr\/index.php\/wp-json\/wp\/v2\/tags?post=12093"}],"curies":[{"name":"wp","href":"https:\/\/api.w.org\/{rel}","templated":true}]}}