{"id":12144,"date":"2025-02-18T17:00:13","date_gmt":"2025-02-18T17:00:13","guid":{"rendered":"https:\/\/ikimisli.tr\/?p=12144"},"modified":"2025-02-18T17:00:13","modified_gmt":"2025-02-18T17:00:13","slug":"doktorlari-soke-eden-goruntu-dunyada-47nci-turkiyede-2nci-kisi-oldu","status":"publish","type":"post","link":"https:\/\/ikimisli.tr\/index.php\/2025\/02\/18\/doktorlari-soke-eden-goruntu-dunyada-47nci-turkiyede-2nci-kisi-oldu\/","title":{"rendered":"Doktorlar\u0131 \u015foke eden g\u00f6r\u00fcnt\u00fc: D\u00fcnyada 47&#8217;nci, T\u00fcrkiye&#8217;de 2&#8217;nci ki\u015fi oldu"},"content":{"rendered":"<p>Diyarbak\u0131r&#8217;\u0131n Ba\u011flar il\u00e7esinde ya\u015fayan Mehmet \u015e\u00fckr\u00fc Ak, 1999 y\u0131l\u0131nda burun ameliyat\u0131 i\u00e7in muayene oldu\u011fu hastanede, i\u00e7 organlar\u0131n\u0131n aksi yerde bulundu\u011funu \u00f6\u011frendi.<\/p>\n<p>Y\u0131llarca bu durumdan tela\u015f duymayan Ak, ge\u00e7en hafta kar\u0131n a\u011fr\u0131s\u0131 \u015fikayetiyle Gazi Ya\u015fargil E\u011fitim ve Ara\u015ft\u0131rma Hastanesi&#8217;ne ba\u015fvurdu.<\/p>\n<p>Burada yap\u0131lan tetkiklerde safra kanal\u0131nda ta\u015flar oldu\u011fu tespit edildi. Gastroenteroloji Uzman\u0131 Dr. Mustafa Zanyar Akkuzu ve tak\u0131m\u0131, Mehmet \u015e\u00fckr\u00fc Ak&#8217;\u0131n safra kanal\u0131ndaki ta\u015flar\u0131 ERCP s\u00fcreci ile \u00e7\u0131kartt\u0131. Operasyon sonucu kar\u0131n a\u011fr\u0131s\u0131 \u015fikayeti sona eren ve s\u0131hhatine kavu\u015fan Ak, 24 saat sonra taburcu edildi.<\/p>\n<p><img decoding=\"async\" src=\"https:\/\/ikimisli.tr\/wp-content\/uploads\/2025\/02\/doktorlari-soke-eden-goruntu-dunyada-47nci-turkiyede-2nci-kisi-oldu-0-SR488UKB.jpg\"\/><\/p>\n<p><b>&#8216;R\u00d6NTGENLERDE T\u00dcM ORGANLARI TERS&#8217;<\/b><\/p>\n<p>Dr. Mustafa Zanyar Akkuzu, &#8220;Hastam\u0131z kar\u0131n a\u011fr\u0131s\u0131yla acil servise ba\u015fvurmu\u015ftu. Tetkiklerde pankreas bezinde iltihap oldu\u011funu g\u00f6rd\u00fck. \u00c7ekti\u011fimiz r\u00f6ntgenlerde t\u00fcm organlar\u0131n\u0131n z\u0131t tarafta oldu\u011funu tespit ettik. Bu durum, olguyu de\u011fi\u015fik k\u0131l\u0131yordu. Pankreas iltihab\u0131n\u0131n nedeni safra kanal\u0131nda ve kesesinde ta\u015f olmas\u0131yd\u0131. Kanaldaki ta\u015f\u0131 almak bu t\u00fcrl\u00fc durumlarda g\u00fc\u00e7 oluyor. ERCP s\u00fcrecini rutin olarak hastanemizde uzun y\u0131llard\u0131r uyguluyoruz. Lakin organlar\u0131 ayk\u0131r\u0131 olan bir hastada daha evvel hi\u00e7 uygulanmam\u0131\u015ft\u0131&#8221; dedi.<\/p>\n<p><img decoding=\"async\" src=\"https:\/\/ikimisli.tr\/wp-content\/uploads\/2025\/02\/doktorlari-soke-eden-goruntu-dunyada-47nci-turkiyede-2nci-kisi-oldu-1-i3vCcil6.jpg\"\/><\/p>\n<p><b>D\u00dcNYADA 46 \u015eAHISTA YAPILMI\u015e, T\u00dcRK\u0130YE&#8217;DE 2<\/b><\/p>\n<p>Dr. Akkuzu, d\u00fcnyada organlar\u0131 kar\u015f\u0131t olan hastalarda ERCP s\u00fcrecinin yaln\u0131zca 46 bireyde uyguland\u0131\u011f\u0131n\u0131 hat\u0131rlatarak, &#8220;Bu s\u00fcre\u00e7 d\u00fcnyada yaln\u0131zca 46 bireyde yap\u0131lm\u0131\u015ft\u0131. Hastam\u0131z d\u00fcnyada ERCP s\u00fcreci ile ta\u015flar\u0131 al\u0131nan 47&#8217;nci, T\u00fcrkiye&#8217;de ise 2&#8217;nci ki\u015fi oldu. G\u00fc\u00e7 oldu\u011fu i\u00e7in birinci ba\u015fta hastam\u0131z\u0131 di\u011fer hastaneye g\u00f6ndermeyi bile d\u00fc\u015f\u00fcnd\u00fck. Fakat sonradan burada yapmaya karar verdik ve \u00e7ok ho\u015f sonu\u00e7 ald\u0131k. Safra kanal\u0131ndaki ta\u015f\u0131 \u00e7\u0131kard\u0131k. Hastam\u0131z\u0131n a\u011fr\u0131s\u0131 ge\u00e7ti ve toparland\u0131. Hastam\u0131z\u0131 sonraki g\u00fcn taburcu ettik&#8221; diye konu\u015ftu.<\/p>\n<p>Operasyonun ho\u015f ge\u00e7ti\u011fini ve durumunun d\u00fczg\u00fcn oldu\u011funu belirten Mehmet \u015e\u00fckr\u00fc Ak ise, &#8220;Organlar\u0131m\u0131n z\u0131t tarafta oldu\u011funu, burnumdan ameliyat olaca\u011f\u0131m vakit \u00f6\u011frendim. Ge\u00e7en hafta arkada\u015f\u0131m\u0131n i\u015f yerindeyken mide taraf\u0131nda sanc\u0131lar\u0131m oldu ve acile geldim. R\u00f6ntgenlerimi \u00e7ektikten sonra tabipler organlar\u0131m\u0131n aksi tarafta oldu\u011funu s\u00f6yleyip, safra kanal\u0131nda ta\u015flar\u0131n oldu\u011funu belirterek, yat\u0131\u015f\u0131m\u0131 yapt\u0131lar. ERCP s\u00fcreci ile ta\u015flar\u0131m\u0131 \u00e7\u0131kard\u0131lar. \u015eu an iyiyim&#8221; diye konu\u015ftu.<\/p>\n","protected":false},"excerpt":{"rendered":"<p>Diyarbak\u0131r&#8217;da ya\u015fayan 59 ya\u015f\u0131ndaki Mehmet \u015e\u00fckr\u00fc Ak, t\u00fcm i\u00e7 organlar\u0131n\u0131n z\u0131t oldu\u011funu bilmesine kar\u015f\u0131n y\u0131llarca bu durumdan tela\u015f etmedi. Fakat ge\u00e7en hafta kar\u0131n a\u011fr\u0131s\u0131 \u015fikayetiyle hastaneye ba\u015fvurdu\u011funda, safra kanal\u0131nda ta\u015flar oldu\u011fu tespit edildi. Operasyonu ger\u00e7ekle\u015ftiren doktor Akkuzu, d\u00fcnyada organlar\u0131 ayk\u0131r\u0131 olan hastalarda ERCP s\u00fcrecinin yaln\u0131zca 46 \u015fah\u0131sta uyguland\u0131\u011f\u0131n\u0131 belirterek, &#8220;Hastam\u0131z d\u00fcnyada ERCP s\u00fcreci ile ta\u015flar\u0131 al\u0131nan 47&#8217;nci, T\u00fcrkiye&#8217;de ise 2&#8217;nci ki\u015fi oldu&#8221; dedi.<\/p>\n","protected":false},"author":1,"featured_media":12145,"comment_status":"open","ping_status":"open","sticky":false,"template":"","format":"standard","meta":{"footnotes":""},"categories":[25],"tags":[2717,2715,2321,2716],"class_list":["post-12144","post","type-post","status-publish","format-standard","has-post-thumbnail","hentry","category-gundem","tag-hastamiz","tag-organlari","tag-taslar","tag-ters"],"_links":{"self":[{"href":"https:\/\/ikimisli.tr\/index.php\/wp-json\/wp\/v2\/posts\/12144","targetHints":{"allow":["GET"]}}],"collection":[{"href":"https:\/\/ikimisli.tr\/index.php\/wp-json\/wp\/v2\/posts"}],"about":[{"href":"https:\/\/ikimisli.tr\/index.php\/wp-json\/wp\/v2\/types\/post"}],"author":[{"embeddable":true,"href":"https:\/\/ikimisli.tr\/index.php\/wp-json\/wp\/v2\/users\/1"}],"replies":[{"embeddable":true,"href":"https:\/\/ikimisli.tr\/index.php\/wp-json\/wp\/v2\/comments?post=12144"}],"version-history":[{"count":1,"href":"https:\/\/ikimisli.tr\/index.php\/wp-json\/wp\/v2\/posts\/12144\/revisions"}],"predecessor-version":[{"id":12148,"href":"https:\/\/ikimisli.tr\/index.php\/wp-json\/wp\/v2\/posts\/12144\/revisions\/12148"}],"wp:featuredmedia":[{"embeddable":true,"href":"https:\/\/ikimisli.tr\/index.php\/wp-json\/wp\/v2\/media\/12145"}],"wp:attachment":[{"href":"https:\/\/ikimisli.tr\/index.php\/wp-json\/wp\/v2\/media?parent=12144"}],"wp:term":[{"taxonomy":"category","embeddable":true,"href":"https:\/\/ikimisli.tr\/index.php\/wp-json\/wp\/v2\/categories?post=12144"},{"taxonomy":"post_tag","embeddable":true,"href":"https:\/\/ikimisli.tr\/index.php\/wp-json\/wp\/v2\/tags?post=12144"}],"curies":[{"name":"wp","href":"https:\/\/api.w.org\/{rel}","templated":true}]}}