{"id":1218,"date":"2025-01-05T18:54:48","date_gmt":"2025-01-05T18:54:48","guid":{"rendered":"https:\/\/ikimisli.tr\/?p=1218"},"modified":"2025-01-05T18:54:48","modified_gmt":"2025-01-05T18:54:48","slug":"meloni-ve-trump-beraber-aksam-yemegi-yedi-sahane-bir-kadin","status":"publish","type":"post","link":"https:\/\/ikimisli.tr\/index.php\/2025\/01\/05\/meloni-ve-trump-beraber-aksam-yemegi-yedi-sahane-bir-kadin\/","title":{"rendered":"Meloni ve Trump, beraber ak\u015fam yeme\u011fi yedi: &#8216;\u015eahane bir kad\u0131n&#8217;"},"content":{"rendered":"<p>ABD Ba\u015fkan\u0131 se\u00e7ilen Donald Trump, Mar-a-Lago&#8217;daki malikanesini ziyaret eden \u0130talya Ba\u015fbakan\u0131 Giorgia Meloni ile birlikte ak\u015fam yeme\u011fi yedi.<\/p>\n<p>Meloni, Kas\u0131m ay\u0131nda se\u00e7im zaferinin akabinde Trump ile Mar-a-Lago&#8217;da bulu\u015fan ilk d\u00fcnya lideri olan Arjantin Ba\u015fkan\u0131 Javier Milei&#8217;den sonra \u00fcnl\u00fc malikaneye geldi.<\/p>\n<p><b>BERABER BELGESEL \u0130ZLED\u0130LER, YEMEK YED\u0130LER<\/b><\/p>\n<p>Kanada Ba\u015fbakan\u0131 Justin Trudeau ve Macaristan Ba\u015fbakan\u0131 Viktor Orb\u00e1n da Florida&#8217;ya gelerek se\u00e7ilmi\u015f liderle g\u00f6r\u00fc\u015fm\u00fc\u015ft\u00fc.<\/p>\n<p>Se\u00e7ilmi\u015f lider, belgeselin g\u00f6sterimini Meloni, d\u0131\u015fi\u015fleri idaresi i\u00e7in se\u00e7ti\u011fi Florida Senat\u00f6r\u00fc Marco Rubio, Trump&#8217;\u0131n ulusal g\u00fcvenlik dan\u0131\u015fman\u0131 olarak atad\u0131\u011f\u0131 Florida Temsilcisi Mike Waltz ve Hazine Bakanl\u0131\u011f\u0131 i\u00e7in se\u00e7ti\u011fi Scott Bessent ile birlikte izledi.<\/p>\n<p>Ak\u015fam saat 19.00 civar\u0131nda b\u00fcy\u00fck balo salonunda Meloni&#8217;yle bulu\u015fan Trump, yakla\u015f\u0131k iki saat sonra ak\u015fam yeme\u011finden d\u00f6nerek tekrar ortaya \u00e7\u0131kt\u0131.\u00a0<\/p>\n<p>Trump, kalabal\u0131\u011fa hitaben Meloni hakk\u0131nda &#8220;Bu \u00e7ok heyecan verici biri&#8221; dedi. &#8220;Burada \u015fahane bir bayanla, \u0130talya&#8217;n\u0131n ba\u015fbakan\u0131 ile birlikteyim. Sahiden Avrupa&#8217;da ve ba\u015fka yerlerde b\u00fcy\u00fck bir tesir yarat\u0131yor ve bu ak\u015fam yaln\u0131zca birlikte ak\u015fam yeme\u011fi yiyoruz,&#8221; diye ekledi.<\/p>\n<p>Trump, birtak\u0131m muhafazakar avukatlar\u0131n isimli sistemde kar\u015f\u0131la\u015ft\u0131\u011f\u0131 zorluklar\u0131 husus alan bir belgeselin g\u00f6sterimine kat\u0131ld\u0131.<\/p>\n<p><b>KONU \u0130RAN MIYDI?<\/b><\/p>\n<p>Meloni&#8217;nin ziyareti, \u0130talyan gazeteci Cecilia Sala&#8217;n\u0131n ge\u00e7en ay Tahran&#8217;da haber yaparken \u0130ran polisi taraf\u0131ndan g\u00f6zalt\u0131na al\u0131nmas\u0131n\u0131n akabinde ger\u00e7ekle\u015fti.<\/p>\n<p>Sala&#8217;n\u0131n durumu, \u0130talya ve \u0130ran ortas\u0131ndaki tansiyonu artt\u0131rd\u0131. \u0130ran, \u0130talyan makamlar\u0131ndan, ge\u00e7ti\u011fimiz aylarda Milan&#8217;da ABD buyru\u011fuyla tutuklanan bir \u0130ranl\u0131 i\u015f be\u015ferinin h\u00fcr b\u0131rak\u0131lmas\u0131n\u0131 talep ediyor.<\/p>\n<p>\u00a0<\/p>\n<p>\u00a0<\/p>\n","protected":false},"excerpt":{"rendered":"<p>Trump ve Meloni, Mar-a-Lago&#8217;da diplomasi masas\u0131nda bulu\u015ftu. \u0130talya Ba\u015fbakan\u0131&#8217;n\u0131n ziyareti, ABD-\u0130talya ilgilerinde s\u0131cak bildiriler verildi Trump, dost\u00e7a bir ak\u015fam yeme\u011fi ve belgesel g\u00f6sterimi s\u0131ras\u0131nda Meloni&#8217;yi \u00f6vg\u00fcyle kar\u015f\u0131lad\u0131. Lakin, Meloni\u2019nin Tahran\u2019daki tansiyon sonras\u0131 ger\u00e7ekle\u015ftirdi\u011fi ziyaretin perde ard\u0131nda \u0130ran&#8217;la ya\u015fanan kriz de\u011ferli bir yer tutuyor.<\/p>\n","protected":false},"author":1,"featured_media":1219,"comment_status":"open","ping_status":"open","sticky":false,"template":"","format":"standard","meta":{"footnotes":""},"categories":[43],"tags":[139,138,140,137,131],"class_list":["post-1218","post","type-post","status-publish","format-standard","has-post-thumbnail","hentry","category-dunya","tag-aksam","tag-iran","tag-italya","tag-meloni","tag-trump"],"_links":{"self":[{"href":"https:\/\/ikimisli.tr\/index.php\/wp-json\/wp\/v2\/posts\/1218","targetHints":{"allow":["GET"]}}],"collection":[{"href":"https:\/\/ikimisli.tr\/index.php\/wp-json\/wp\/v2\/posts"}],"about":[{"href":"https:\/\/ikimisli.tr\/index.php\/wp-json\/wp\/v2\/types\/post"}],"author":[{"embeddable":true,"href":"https:\/\/ikimisli.tr\/index.php\/wp-json\/wp\/v2\/users\/1"}],"replies":[{"embeddable":true,"href":"https:\/\/ikimisli.tr\/index.php\/wp-json\/wp\/v2\/comments?post=1218"}],"version-history":[{"count":1,"href":"https:\/\/ikimisli.tr\/index.php\/wp-json\/wp\/v2\/posts\/1218\/revisions"}],"predecessor-version":[{"id":1220,"href":"https:\/\/ikimisli.tr\/index.php\/wp-json\/wp\/v2\/posts\/1218\/revisions\/1220"}],"wp:featuredmedia":[{"embeddable":true,"href":"https:\/\/ikimisli.tr\/index.php\/wp-json\/wp\/v2\/media\/1219"}],"wp:attachment":[{"href":"https:\/\/ikimisli.tr\/index.php\/wp-json\/wp\/v2\/media?parent=1218"}],"wp:term":[{"taxonomy":"category","embeddable":true,"href":"https:\/\/ikimisli.tr\/index.php\/wp-json\/wp\/v2\/categories?post=1218"},{"taxonomy":"post_tag","embeddable":true,"href":"https:\/\/ikimisli.tr\/index.php\/wp-json\/wp\/v2\/tags?post=1218"}],"curies":[{"name":"wp","href":"https:\/\/api.w.org\/{rel}","templated":true}]}}