{"id":12425,"date":"2025-02-19T14:36:08","date_gmt":"2025-02-19T14:36:08","guid":{"rendered":"https:\/\/ikimisli.tr\/?p=12425"},"modified":"2025-02-19T14:36:08","modified_gmt":"2025-02-19T14:36:08","slug":"moda-devi-milyarder-medya-patronu-oluyor-basin-kazan-kaldiracak","status":"publish","type":"post","link":"https:\/\/ikimisli.tr\/index.php\/2025\/02\/19\/moda-devi-milyarder-medya-patronu-oluyor-basin-kazan-kaldiracak\/","title":{"rendered":"Moda Devi Milyarder Medya patronu oluyor! Bas\u0131n kazan kald\u0131racak"},"content":{"rendered":"<p>L\u00fcks kesiminin devi LVMH&#8217;nin CEO&#8217;su Bernard Arnault, Fransa&#8217;n\u0131n sayg\u0131n medya kurulu\u015flar\u0131ndan L&#8217;Opinion ve Agefi&#8217;yi b\u00fcnyesine katmak i\u00e7in harekete ge\u00e7ti. Bu stratejik sat\u0131n alma, Arnault&#8217;un s\u0131rf l\u00fcks kesimindeki hakimiyetini peki\u015ftirmekle kalmayacak, birebir vakitte medya alan\u0131ndaki g\u00fcc\u00fcn\u00fc de de\u011ferli \u00f6l\u00e7\u00fcde art\u0131racak.<\/p>\n<p>Medya d\u00fcnyas\u0131nda b\u00fcy\u00fck yank\u0131 uyand\u0131ran bu atakla birlikte, Arnault&#8217;un tesiri Fransa&#8217;daki ekonomik ve siyasi yap\u0131y\u0131 \u015fekillendiren k\u0131ymetli bir g\u00fc\u00e7 haline gelmesi bekleniyor. \u00d6te yandan, Amerikal\u0131 medya i\u015fvereni Rupert Murdoch&#8217;un sahibi oldu\u011fu Ken Fisher ve Dow Jones k\u00fcmesinin paylar\u0131n\u0131n de Arnault\u2019a sat\u0131laca\u011f\u0131na dair savlar ortaya \u00e7\u0131kt\u0131.<\/p>\n<p>Forbes&#8217;un &#8220;Ger\u00e7ek Vakitli Milyarderler Listesi&#8221;ne nazaran, 181 milyar dolarl\u0131k servetiyle d\u00fcnyan\u0131n en varl\u0131kl\u0131 5. \u015fahs\u0131 olan Bernard Arnault, bu yeni sat\u0131n almayla yaln\u0131zca ekonomik g\u00fcc\u00fcn\u00fc art\u0131rmakla kalmayacak, t\u0131pk\u0131 vakitte Fransa&#8217;daki medya ve politik ba\u011flant\u0131lar\u0131nda de daha g\u00fc\u00e7l\u00fc bir pozisyona gelmi\u015f olacak.<\/p>\n<p><img decoding=\"async\" src=\"https:\/\/ikimisli.tr\/wp-content\/uploads\/2025\/02\/moda-devi-milyarder-medya-patronu-oluyor-basin-kazan-kaldiracak-0-Lbl74xKC.jpg\"\/><\/p>\n<p><b>Y\u00dcZDE 50&#8217;DEN FAZLASI EL\u0130NE GE\u00c7\u0130YOR<\/b><\/p>\n<p>L&#8217;Opinion ve Agefi&#8217;nin sahibi olan Bey M\u00e9dias\u2019\u0131n sahibi Nicolas Beytout, daha evvel \u00c7ek milyarder Daniel Kretinsky ve Frans\u0131z nakliye devi CMA CGM&#8217;nin CEO\u2019su Rodolphe Saad\u00e9 ile de g\u00f6r\u00fc\u015fmeler yapm\u0131\u015ft\u0131. Fakat bu g\u00f6r\u00fc\u015fmelerden olumlu bir sonu\u00e7 \u00e7\u0131kmam\u0131\u015ft\u0131. Nihayetinde Arnault ile anla\u015fan Beytout, LVMH CEO&#8217;su ile bir ortaya gelerek muahedeyi sa\u011flad\u0131.<\/p>\n<p>Bu sat\u0131n alma ile birlikte, Bey M\u00e9dias&#8217;\u0131n %38&#8217;ine sahip olan Nicolas Beytout, Arnault\u2019a paylar\u0131n\u0131n bir k\u0131sm\u0131n\u0131 satacak ve b\u00f6ylelikle Arnault, L&#8217;Opinion ve L&#8217;Agefi&#8217;nin sermayesinin %50\u2019sinden fazlas\u0131n\u0131 denetim edecek.<\/p>\n<p><img decoding=\"async\" src=\"https:\/\/ikimisli.tr\/wp-content\/uploads\/2025\/02\/moda-devi-milyarder-medya-patronu-oluyor-basin-kazan-kaldiracak-1-GxRpCrP6.jpg\"\/><\/p>\n<p><b>MEDYA \u0130MPARATORLU\u011eU B\u00dcY\u00dcYECEK<\/b><\/p>\n<p>LVMH, zati Les Echos ve Le Parisien \u00fczere de\u011ferli Frans\u0131z gazetelerine sahip. Bu yeni sat\u0131n alma ile birlikte, Arnault\u2019un medya imparatorlu\u011fu daha da b\u00fcy\u00fcyecek. L&#8217;Opinion ve Agefi \u00fczere itibarl\u0131 yay\u0131n organlar\u0131n\u0131 b\u00fcnyesine katan Arnault, Fransa\u2019daki medya piyasas\u0131nda daha da g\u00fc\u00e7l\u00fc bir akt\u00f6r haline geliyor.<\/p>\n","protected":false},"excerpt":{"rendered":"<p>D\u00fcnyan\u0131n en g\u00fc\u00e7l\u00fc isimlerinin belirlendi\u011fi Ger\u00e7ek Vakitli Milyarderler Listesi&#8217;nde 5. s\u0131rada yer alan \u00fcnl\u00fc moda devi Bernard Arnault, Fransa&#8217;n\u0131n \u00f6nde gelen medya kurulu\u015fu L&#8217;Opinion ve Agefi&#8217;yi sat\u0131n al\u0131yor<\/p>\n","protected":false},"author":1,"featured_media":12426,"comment_status":"open","ping_status":"open","sticky":false,"template":"","format":"standard","meta":{"footnotes":""},"categories":[25],"tags":[2752,1626,2753],"class_list":["post-12425","post","type-post","status-publish","format-standard","has-post-thumbnail","hentry","category-gundem","tag-arnault","tag-bey","tag-medya"],"_links":{"self":[{"href":"https:\/\/ikimisli.tr\/index.php\/wp-json\/wp\/v2\/posts\/12425","targetHints":{"allow":["GET"]}}],"collection":[{"href":"https:\/\/ikimisli.tr\/index.php\/wp-json\/wp\/v2\/posts"}],"about":[{"href":"https:\/\/ikimisli.tr\/index.php\/wp-json\/wp\/v2\/types\/post"}],"author":[{"embeddable":true,"href":"https:\/\/ikimisli.tr\/index.php\/wp-json\/wp\/v2\/users\/1"}],"replies":[{"embeddable":true,"href":"https:\/\/ikimisli.tr\/index.php\/wp-json\/wp\/v2\/comments?post=12425"}],"version-history":[{"count":1,"href":"https:\/\/ikimisli.tr\/index.php\/wp-json\/wp\/v2\/posts\/12425\/revisions"}],"predecessor-version":[{"id":12429,"href":"https:\/\/ikimisli.tr\/index.php\/wp-json\/wp\/v2\/posts\/12425\/revisions\/12429"}],"wp:featuredmedia":[{"embeddable":true,"href":"https:\/\/ikimisli.tr\/index.php\/wp-json\/wp\/v2\/media\/12426"}],"wp:attachment":[{"href":"https:\/\/ikimisli.tr\/index.php\/wp-json\/wp\/v2\/media?parent=12425"}],"wp:term":[{"taxonomy":"category","embeddable":true,"href":"https:\/\/ikimisli.tr\/index.php\/wp-json\/wp\/v2\/categories?post=12425"},{"taxonomy":"post_tag","embeddable":true,"href":"https:\/\/ikimisli.tr\/index.php\/wp-json\/wp\/v2\/tags?post=12425"}],"curies":[{"name":"wp","href":"https:\/\/api.w.org\/{rel}","templated":true}]}}