{"id":12529,"date":"2025-02-19T21:00:10","date_gmt":"2025-02-19T21:00:10","guid":{"rendered":"https:\/\/ikimisli.tr\/?p=12529"},"modified":"2025-02-19T21:00:10","modified_gmt":"2025-02-19T21:00:10","slug":"recep-tayyip-erdogan-universitesinde-kriz-o-akademisyen-gorevden-uzaklastirildi","status":"publish","type":"post","link":"https:\/\/ikimisli.tr\/index.php\/2025\/02\/19\/recep-tayyip-erdogan-universitesinde-kriz-o-akademisyen-gorevden-uzaklastirildi\/","title":{"rendered":"Recep Tayyip Erdo\u011fan \u00dcniversitesi&#8217;nde kriz: O akademisyen g\u00f6revden uzakla\u015ft\u0131r\u0131ld\u0131"},"content":{"rendered":"<p>Rize&#8217;de, Recep Tayyip Erdo\u011fan \u00dcniversitesi&#8217;nde (RTE\u00dc) girdi\u011fi derste dini bedelleri a\u015fa\u011f\u0131lad\u0131\u011f\u0131 arg\u00fcman\u0131yla hakk\u0131nda idari soru\u015fturma ba\u015flat\u0131lan \u00f6\u011fretim \u00fcyesi Do\u00e7. Dr. H\u00fcseyin Tolu, g\u00f6revden uzakla\u015ft\u0131r\u0131ld\u0131.<\/p>\n<p>RTE\u00dc&#8217;de \u00f6\u011fretim \u00fcyesi Do\u00e7. Dr. H\u00fcseyin Tolu hakk\u0131nda, derste dini bedelleri a\u015fa\u011f\u0131lay\u0131c\u0131 s\u00f6zlerde bulundu\u011fu arg\u00fcman\u0131yla \u00fcniversite idaresi taraf\u0131ndan isimli ve idari soru\u015fturma ba\u015flat\u0131ld\u0131. Soru\u015fturma kapsam\u0131nda Tolu, vazifeden uzakla\u015ft\u0131r\u0131ld\u0131. RTE\u00dc Rekt\u00f6rl\u00fc\u011f\u00fc, soru\u015fturmaya ait yaz\u0131l\u0131 a\u00e7\u0131klamada bulundu.\u00a0<\/p>\n<p>\u00dcniversiteden bahse ait yap\u0131lan a\u00e7\u0131klamada \u015fu s\u00f6zler kullan\u0131ld\u0131:<\/p>\n<p>&#8211; \u00dcniversitemiz b\u00fcnyesinde vazife yapan bir \u00f6\u011fretim \u00fcyemizin, vazifesi ba\u015f\u0131nda dini pahalar\u0131 a\u015fa\u011f\u0131lay\u0131c\u0131 s\u00f6zlerde bulundu\u011funa dair bilgi ve dok\u00fcman\u0131n rekt\u00f6rl\u00fc\u011f\u00fcm\u00fcze iletilmesine m\u00fcteakip bahsi ge\u00e7en \u00f6\u011fretim \u00fcyesi hakk\u0131nda gerekli idari soru\u015fturma ba\u015flat\u0131lm\u0131\u015f olup, hem soru\u015fturma s\u00fcrecinin hem de ilgili fak\u00fcltedeki e\u011fitim \u00f6\u011fretim i\u015flerinin sa\u011fl\u0131kl\u0131 y\u00fcr\u00fct\u00fclebilmesi hedefiyle ilgili hakk\u0131nda misyondan uzakla\u015ft\u0131rma karar\u0131 verilmi\u015ftir. \u00dcniversitemiz b\u00fcnyesinde y\u00fcr\u00fct\u00fclmekte olan disiplin soru\u015fturmas\u0131n\u0131n yan\u0131 s\u0131ra olay\u0131n isimli makamlara sirayet eden taraf\u0131 ile ilgili s\u00fcre\u00e7 de hukuk servisimiz taraf\u0131ndan titizlikle takip edilmektedir.<\/p>\n","protected":false},"excerpt":{"rendered":"<p>Recep Tayyip Erdo\u011fan \u00dcniversitesi&#8217;nde (RTE\u00dc) girdi\u011fi derste dini k\u0131ymetleri a\u015fa\u011f\u0131lad\u0131\u011f\u0131 \u00f6ne s\u00fcr\u00fclen \u00f6\u011fretim \u00fcyesi Do\u00e7. Dr. H\u00fcseyin Tolu hakk\u0131nda soru\u015fturma ba\u015flat\u0131larak misyondan uzakla\u015ft\u0131r\u0131ld\u0131.<\/p>\n","protected":false},"author":1,"featured_media":12530,"comment_status":"open","ping_status":"open","sticky":false,"template":"","format":"standard","meta":{"footnotes":""},"categories":[25],"tags":[36,2769,99,576],"class_list":["post-12529","post","type-post","status-publish","format-standard","has-post-thumbnail","hentry","category-gundem","tag-gorev","tag-ogretim","tag-sorusturma","tag-universite"],"_links":{"self":[{"href":"https:\/\/ikimisli.tr\/index.php\/wp-json\/wp\/v2\/posts\/12529","targetHints":{"allow":["GET"]}}],"collection":[{"href":"https:\/\/ikimisli.tr\/index.php\/wp-json\/wp\/v2\/posts"}],"about":[{"href":"https:\/\/ikimisli.tr\/index.php\/wp-json\/wp\/v2\/types\/post"}],"author":[{"embeddable":true,"href":"https:\/\/ikimisli.tr\/index.php\/wp-json\/wp\/v2\/users\/1"}],"replies":[{"embeddable":true,"href":"https:\/\/ikimisli.tr\/index.php\/wp-json\/wp\/v2\/comments?post=12529"}],"version-history":[{"count":1,"href":"https:\/\/ikimisli.tr\/index.php\/wp-json\/wp\/v2\/posts\/12529\/revisions"}],"predecessor-version":[{"id":12531,"href":"https:\/\/ikimisli.tr\/index.php\/wp-json\/wp\/v2\/posts\/12529\/revisions\/12531"}],"wp:featuredmedia":[{"embeddable":true,"href":"https:\/\/ikimisli.tr\/index.php\/wp-json\/wp\/v2\/media\/12530"}],"wp:attachment":[{"href":"https:\/\/ikimisli.tr\/index.php\/wp-json\/wp\/v2\/media?parent=12529"}],"wp:term":[{"taxonomy":"category","embeddable":true,"href":"https:\/\/ikimisli.tr\/index.php\/wp-json\/wp\/v2\/categories?post=12529"},{"taxonomy":"post_tag","embeddable":true,"href":"https:\/\/ikimisli.tr\/index.php\/wp-json\/wp\/v2\/tags?post=12529"}],"curies":[{"name":"wp","href":"https:\/\/api.w.org\/{rel}","templated":true}]}}