{"id":1264,"date":"2025-01-05T22:42:47","date_gmt":"2025-01-05T22:42:47","guid":{"rendered":"https:\/\/ikimisli.tr\/?p=1264"},"modified":"2025-01-05T22:42:47","modified_gmt":"2025-01-05T22:42:47","slug":"eski-yunanistan-basbakani-kostas-simitis-hayatini-kaybetti","status":"publish","type":"post","link":"https:\/\/ikimisli.tr\/index.php\/2025\/01\/05\/eski-yunanistan-basbakani-kostas-simitis-hayatini-kaybetti\/","title":{"rendered":"Eski Yunanistan ba\u015fbakan\u0131 Kostas Simitis hayat\u0131n\u0131 kaybetti"},"content":{"rendered":"<p>Yunanistan eski Ba\u015fbakan\u0131 Kostas Simitis bu sabah saatlerinde ba\u015fken Atina yak\u0131nlar\u0131ndaki ya\u015fad\u0131\u011f\u0131 Korint kentindeki konutunda k\u00f6t\u00fcle\u015fti.<\/p>\n<p>1996- 2004 y\u0131llar\u0131 aras\u0131nda PASOK Genel Ba\u015fkan\u0131 olan ce 18 Ocak 1996 tarihinden 10 Mert 2004 tarihine kadar Yunanistan Ba\u015fbakan\u0131 olan Simitis \u00e7a\u011fr\u0131lan ambulans ile kald\u0131r\u0131ld\u0131\u011f\u0131 Corinth Hastanesi\u2019nde saat 07.50\u2019de \u00a0ya\u015fam\u0131n\u0131 yitirdi.<\/p>\n<p>PASOK Ba\u015fkan\u0131 Nikos Androulakis, Simitis\u2019in e\u015fi Dafni Simiti\u2019si arayarak taziyelerini iletti. Simitis\u2019in cenaze merasimi \u015fimdi a\u00e7\u0131klanmad\u0131.<br \/>\u00a0<\/p>\n<p><b>KOSTAS S\u0130M\u0130T\u0130S K\u0130MD\u0130R?<\/b><\/p>\n<p>1974&#8217;te Cunta&#8217;n\u0131n devrilmesinden sonra Panhelenik Sosyalist Hareket&#8217;in (PASOK) kurucular\u0131ndan biri oldu ve partisi iktidara geldi\u011finde \u00e7e\u015fitli bakanl\u0131k vazifelerinde bulundu.<\/p>\n<p>18 Ocak 1996&#8217;da PASOK Parlamento K\u00fcmesi&#8217;nin oylamas\u0131 sonras\u0131nda Andreas Papandreu&#8217;nun yerine Ba\u015fbakan oldu. Yunan iktisad\u0131n\u0131n ekonomik \u0131slahat\u0131 ve Yunan toplumunun &#8220;g\u00fc\u00e7l\u00fc&#8221; Avrupa ile toplumsal yak\u0131nla\u015fmas\u0131 ana maksad\u0131yla &#8220;modernle\u015ftirici&#8221; g\u00fc\u00e7 kutbunu temsil ediyor.<\/p>\n<p>30 Haziran 1996&#8217;da, Andreas Papandreou&#8217;nun vefat\u0131ndan birka\u00e7 g\u00fcn sonra Kostas Simitis, PASOK&#8217;un ba\u015fkan\u0131 se\u00e7ildi.<\/p>\n<p>Partinin 4. Kongresinde. Eyl\u00fcl 1996 ve Nisan 2000 se\u00e7imlerini kazand\u0131ktan sonra yine ba\u015fbakan se\u00e7ildi. Ba\u015fbakan olarak, Avrupa Birli\u011fi siyasetlerine uygun olarak ekonomik istikrar\u0131 hedefleyen, t\u0131pk\u0131 vakitte b\u00fcy\u00fck Yunan kamu kesiminin kademeli olarak \u00f6zelle\u015ftirilmesiyle birlikte \u00f6l\u00e7\u00fcl\u00fc bir d\u0131\u015f politikay\u0131 destekledi. PASOK ba\u015fkan\u0131 olarak, \u00fclkenin k\u00fcreselle\u015fme ba\u011flam\u0131nda Avrupa entegrasyonuna giden yolunu destekleyerek partinin telaffuzunu radikallikten ar\u0131nd\u0131rd\u0131.<\/p>\n","protected":false},"excerpt":{"rendered":"<p>18 Ocak 1996 tarihinden 10 Mert 2004 tarihine kadar Yunanistan Ba\u015fbakan\u0131 olan Kostas Simitis \u00e7a\u011fr\u0131lan ambulans ile kald\u0131r\u0131ld\u0131\u011f\u0131 Corinth Hastanesi\u2019nde saat 07.50\u2019de \u00a0ya\u015fam\u0131n\u0131 yitirdi.<\/p>\n","protected":false},"author":1,"featured_media":1265,"comment_status":"open","ping_status":"open","sticky":false,"template":"","format":"standard","meta":{"footnotes":""},"categories":[25],"tags":[169,168,166,167],"class_list":["post-1264","post","type-post","status-publish","format-standard","has-post-thumbnail","hentry","category-gundem","tag-169","tag-basbakan","tag-pasok","tag-yunan"],"_links":{"self":[{"href":"https:\/\/ikimisli.tr\/index.php\/wp-json\/wp\/v2\/posts\/1264","targetHints":{"allow":["GET"]}}],"collection":[{"href":"https:\/\/ikimisli.tr\/index.php\/wp-json\/wp\/v2\/posts"}],"about":[{"href":"https:\/\/ikimisli.tr\/index.php\/wp-json\/wp\/v2\/types\/post"}],"author":[{"embeddable":true,"href":"https:\/\/ikimisli.tr\/index.php\/wp-json\/wp\/v2\/users\/1"}],"replies":[{"embeddable":true,"href":"https:\/\/ikimisli.tr\/index.php\/wp-json\/wp\/v2\/comments?post=1264"}],"version-history":[{"count":1,"href":"https:\/\/ikimisli.tr\/index.php\/wp-json\/wp\/v2\/posts\/1264\/revisions"}],"predecessor-version":[{"id":1266,"href":"https:\/\/ikimisli.tr\/index.php\/wp-json\/wp\/v2\/posts\/1264\/revisions\/1266"}],"wp:featuredmedia":[{"embeddable":true,"href":"https:\/\/ikimisli.tr\/index.php\/wp-json\/wp\/v2\/media\/1265"}],"wp:attachment":[{"href":"https:\/\/ikimisli.tr\/index.php\/wp-json\/wp\/v2\/media?parent=1264"}],"wp:term":[{"taxonomy":"category","embeddable":true,"href":"https:\/\/ikimisli.tr\/index.php\/wp-json\/wp\/v2\/categories?post=1264"},{"taxonomy":"post_tag","embeddable":true,"href":"https:\/\/ikimisli.tr\/index.php\/wp-json\/wp\/v2\/tags?post=1264"}],"curies":[{"name":"wp","href":"https:\/\/api.w.org\/{rel}","templated":true}]}}