{"id":12641,"date":"2025-02-20T05:48:07","date_gmt":"2025-02-20T05:48:07","guid":{"rendered":"https:\/\/ikimisli.tr\/?p=12641"},"modified":"2025-02-20T05:48:07","modified_gmt":"2025-02-20T05:48:07","slug":"emekliye-fark-odemesi-icin-tarih-belli-oldu","status":"publish","type":"post","link":"https:\/\/ikimisli.tr\/index.php\/2025\/02\/20\/emekliye-fark-odemesi-icin-tarih-belli-oldu\/","title":{"rendered":"Emekliye fark \u00f6demesi i\u00e7in tarih belli oldu"},"content":{"rendered":"<p>En d\u00fc\u015f\u00fck emekli maa\u015f\u0131n\u0131n 14 bin 469 TL\u2019ye y\u00fckseltilmesiyle birlikte, evvelki maa\u015f\u0131 12 bin 500 TL olan emekliler ortas\u0131nda olu\u015fan 1.969 TL\u2019lik fark i\u00e7in SGK, ek \u00f6deme takvimi a\u00e7\u0131klayacak. Pekala, emekliler ne kadar maa\u015f alacak ve maa\u015f farklar\u0131 nas\u0131l hesaplanacak? \u0130\u015fte, 4A, 4B ve 4C emekli maa\u015flar\u0131 ile \u00f6deme tarihlerine dair t\u00fcm detaylar\u2026<\/p>\n<p>Ba\u011f-Kur (4B) ve SSK (4A) emeklilerinin maa\u015flar\u0131, son 6 aydaki enflasyon oran\u0131na nazaran y\u00fczde 15,75 art\u0131\u015f g\u00f6sterdi. Bu art\u0131\u015fla birlikte, en d\u00fc\u015f\u00fck emekli maa\u015f\u0131 12 bin 500 TL\u2019den 14 bin 469 TL\u2019ye \u00e7\u0131kar\u0131ld\u0131. Emekli maa\u015f\u0131 d\u00fczenlemesine ait g\u00f6zler T\u00fcrkiye B\u00fcy\u00fck Millet Meclisi\u2019ne \u00e7evrilmi\u015fti, fakat TBMM s\u00fcrpriz bir halde 28 Ocak\u2019a kadar tatile girdi. Bu ortada, SSK emeklileri art\u0131r\u0131ml\u0131 maa\u015flar\u0131n\u0131 almaya ba\u015flad\u0131.<\/p>\n<p><b>ZAMLI EMEKL\u0130 MAA\u015eLARI E-DEVLET&#8217;TE G\u00d6R\u00dcLEB\u0130L\u0130R\u00a0<\/b><\/p>\n<p>Emekliler, e-Devlet \u00fczerinden maa\u015f bilgilerini rahatl\u0131kla denetim edebilir. \u2018Emekli Ayl\u0131k \u00d6deme Bilgileri\u2019 k\u0131sm\u0131nda, k\u00f6k maa\u015f, ek \u00f6deme ve net maa\u015f bilgilerine ula\u015f\u0131labiliyor. \u015eayet emeklilerin hastane yahut eczane \u00fczere kesintileri varsa, bu fiyatlar da burada g\u00f6r\u00fclebiliyor. Lakin, bu hesaplamalar \u015fu anda 14.469 TL olan yeni taban maa\u015f\u0131 \u00fczerinden yap\u0131lmad\u0131. Yasa \u00e7\u0131kar \u00e7\u0131kmaz, maa\u015f bilgileri yine g\u00fcncellenecek.<\/p>\n<p><b>ZAMLI MAA\u015e \u00d6DEMELER\u0130 BA\u015eLADI\u00a0<\/b><\/p>\n<p>SSK emeklileri, art\u0131r\u0131ml\u0131 maa\u015flar\u0131n\u0131 d\u00fcn prestijiyle almaya ba\u015flad\u0131 ve \u00f6demeler 26 Ocak\u2019a kadar s\u00fcrecek. Ba\u011f-Kur emeklileri ise 25 Ocak\u2019ta yeni maa\u015flar\u0131n\u0131 hesaplar\u0131nda g\u00f6recekler. Fakat, bu ay 12 bin 500 TL maa\u015f alan emekliler, 1.969 TL\u2019lik fark \u00f6demesini \u015eubat ay\u0131nda alacaklar.<\/p>\n<p><b>TABAN MAA\u015eINI HAZ\u0130NEYE ETK\u0130S\u0130<\/b><\/p>\n<p>2024 y\u0131l\u0131 Aral\u0131k ay\u0131nda, 12 bin 500 TL\u2019nin alt\u0131nda maa\u015f alan 3,8 milyon emekli varken, 2025 y\u0131l\u0131 Ocak\u2019ta maa\u015f art\u0131\u015flar\u0131 sonras\u0131nda bu say\u0131 1,98 milyona d\u00fc\u015fecek. En d\u00fc\u015f\u00fck emekli maa\u015f\u0131n\u0131n 14.469 TL\u2019ye \u00e7\u0131kar\u0131lmas\u0131yla, bu maa\u015f\u0131 alacak ki\u015fi say\u0131s\u0131n\u0131n 3,87 milyona ula\u015fmas\u0131 bekleniyor. Bu art\u0131\u015f\u0131n y\u0131ll\u0131k maliyeti ise yakla\u015f\u0131k 47,7 milyar TL olarak kestirim ediliyor.<\/p>\n<p><b>SSK EMEKL\u0130 MAA\u015eI \u00d6DEME TAR\u0130HLER\u0130\u00a0<\/b><\/p>\n<p>Tahsis numaras\u0131n\u0131n sonu 1 olanlar: 21 Ocak<\/p>\n<p>Tahsis numaras\u0131n\u0131n sonu 3 olanlar: 20 Ocak<\/p>\n<p>Tahsis numaras\u0131n\u0131n sonu 5 olanlar: 19 Ocak<\/p>\n<p>Tahsis numaras\u0131n\u0131n sonu 7 olanlar: 18 Ocak<\/p>\n<p>Tahsis numaras\u0131n\u0131n sonu 9 olanlar: 17 Ocak<\/p>\n<p>Tahsis numaras\u0131n\u0131n sonu 0 olanlar: 26 Ocak<\/p>\n<p>Tahsis numaras\u0131n\u0131n sonu 2 olanlar: 25 Ocak<\/p>\n<p>Tahsis numaras\u0131n\u0131n sonu 4 olanlar: 24 Ocak<\/p>\n<p>Tahsis numaras\u0131n\u0131n sonu 6 olanlar: 23 Ocak<\/p>\n<p>Tahsis numaras\u0131n\u0131n sonu 8 olanlar: 22 Ocak<\/p>\n<p><b>BA\u011e-KUR EMEKL\u0130 MAA\u015eI \u00d6DEME TAR\u0130HLER\u0130\u00a0<\/b><\/p>\n<p>Tahsis numaras\u0131n\u0131n sonu 5, 7, 9 olanlar: 25 Ocak<\/p>\n<p>Tahsis numaras\u0131n\u0131n sonu 1, 3 olanlar: 26 Ocak<\/p>\n<p>Tahsis numaras\u0131n\u0131n sonu 4, 6, 8 olanlar: 27 Ocak<\/p>\n<p>Tahsis numaras\u0131n\u0131n sonu 0, 2 olanlar: 28 Ocak<\/p>\n<p><b>MEMUR EMEKL\u0130 MAA\u015e \u00d6DEMELER\u0130\u00a0<\/b><\/p>\n<p>Memur emeklileri, Ocak ay\u0131nda art\u0131r\u0131ml\u0131 maa\u015flar\u0131n\u0131 almad\u0131lar. Lakin, bu emeklilere Ocak ay\u0131n\u0131n son haftas\u0131nda y\u00fczde 11,54 oran\u0131nda bir art\u0131r\u0131m fark\u0131 \u00f6demesi yap\u0131lacak. Memurlar ise 15 Ocak\u2019ta art\u0131r\u0131ml\u0131 maa\u015flar\u0131n\u0131 ald\u0131lar ve ayr\u0131yeten 14 g\u00fcnl\u00fck farklar\u0131 da \u00f6denecek.<\/p>\n","protected":false},"excerpt":{"rendered":"<p>Emekli maa\u015flar\u0131na yap\u0131lan art\u0131r\u0131m, SSK ve Ba\u011f-Kur\u2019lular i\u00e7in y\u00fczde 15,75 oran\u0131nda ger\u00e7ekle\u015fmi\u015fti. SSK emeklilerine art\u0131r\u0131ml\u0131 maa\u015f \u00f6demeleri d\u00fcn ba\u015flad\u0131, Ba\u011f-Kur emeklilerinin maa\u015flar\u0131 ise 25 Ocak\u2019ta hesaplar\u0131na yat\u0131r\u0131lacak.<\/p>\n","protected":false},"author":1,"featured_media":12642,"comment_status":"open","ping_status":"open","sticky":false,"template":"","format":"standard","meta":{"footnotes":""},"categories":[24],"tags":[91,942,405,869,94],"class_list":["post-12641","post","type-post","status-publish","format-standard","has-post-thumbnail","hentry","category-ekonomi","tag-emekli","tag-emekli-maasi","tag-maas","tag-ocak","tag-odeme"],"_links":{"self":[{"href":"https:\/\/ikimisli.tr\/index.php\/wp-json\/wp\/v2\/posts\/12641","targetHints":{"allow":["GET"]}}],"collection":[{"href":"https:\/\/ikimisli.tr\/index.php\/wp-json\/wp\/v2\/posts"}],"about":[{"href":"https:\/\/ikimisli.tr\/index.php\/wp-json\/wp\/v2\/types\/post"}],"author":[{"embeddable":true,"href":"https:\/\/ikimisli.tr\/index.php\/wp-json\/wp\/v2\/users\/1"}],"replies":[{"embeddable":true,"href":"https:\/\/ikimisli.tr\/index.php\/wp-json\/wp\/v2\/comments?post=12641"}],"version-history":[{"count":1,"href":"https:\/\/ikimisli.tr\/index.php\/wp-json\/wp\/v2\/posts\/12641\/revisions"}],"predecessor-version":[{"id":12643,"href":"https:\/\/ikimisli.tr\/index.php\/wp-json\/wp\/v2\/posts\/12641\/revisions\/12643"}],"wp:featuredmedia":[{"embeddable":true,"href":"https:\/\/ikimisli.tr\/index.php\/wp-json\/wp\/v2\/media\/12642"}],"wp:attachment":[{"href":"https:\/\/ikimisli.tr\/index.php\/wp-json\/wp\/v2\/media?parent=12641"}],"wp:term":[{"taxonomy":"category","embeddable":true,"href":"https:\/\/ikimisli.tr\/index.php\/wp-json\/wp\/v2\/categories?post=12641"},{"taxonomy":"post_tag","embeddable":true,"href":"https:\/\/ikimisli.tr\/index.php\/wp-json\/wp\/v2\/tags?post=12641"}],"curies":[{"name":"wp","href":"https:\/\/api.w.org\/{rel}","templated":true}]}}