{"id":12914,"date":"2025-02-21T04:24:07","date_gmt":"2025-02-21T04:24:07","guid":{"rendered":"https:\/\/ikimisli.tr\/?p=12914"},"modified":"2025-02-21T04:24:07","modified_gmt":"2025-02-21T04:24:07","slug":"gozleri-kanatan-olumcul-virus-salgini-8-kisi-oldu-iste-belirtiler","status":"publish","type":"post","link":"https:\/\/ikimisli.tr\/index.php\/2025\/02\/21\/gozleri-kanatan-olumcul-virus-salgini-8-kisi-oldu-iste-belirtiler\/","title":{"rendered":"G\u00f6zleri kanatan \u00f6l\u00fcmc\u00fcl vir\u00fcs salg\u0131n\u0131: 8 ki\u015fi \u00f6ld\u00fc, i\u015fte belirtiler"},"content":{"rendered":"<p>Tanzanya&#8217;da vir\u00fcs\u00fcn varl\u0131\u011f\u0131n\u0131n yan\u0131 s\u0131ra, D\u00fcnya S\u0131hhat \u00d6rg\u00fct\u00fc (DS\u00d6), Marburg vir\u00fcs\u00fcn\u00fcn ba\u015fka Afrika \u00fclkelerinde de mevcut oldu\u011funa dair deliller bulundu\u011funu a\u00e7\u0131klad\u0131. Bu nedenle, DS\u00d6 gezginlere, s\u0131hhat durumlar\u0131 d\u00fczelene kadar bu b\u00f6lgeleri ziyaret etmekten ka\u00e7\u0131nmalar\u0131n\u0131 tavsiye ediyor. record&#8217;un haberine nazaran Marburg, y\u00fcksek mevt oran\u0131 ile en tehlikeli vir\u00fcslerden biri olarak biliniyor ve yay\u0131lma riski \u00f6nemli bir tehdit olu\u015fturuyor.<\/p>\n<p>DS\u00d6 yetkililerine nazaran, Marburg vir\u00fcs\u00fc, hastal\u0131\u011f\u0131 ta\u015f\u0131yan \u015fah\u0131slar\u0131n derisiyle direkt temas yoluyla bula\u015fabiliyor. Ayr\u0131yeten, enfekte hastalar\u0131n kan\u0131, salg\u0131lar\u0131, organlar\u0131 yahut \u00f6b\u00fcr organik s\u0131v\u0131lar\u0131n\u0131n mukoza zarlar\u0131na temas etmesiyle de vir\u00fcs yay\u0131labiliyor. S\u0131hhat uzmanlar\u0131, en \u00e7ok enfekte olan \u015fah\u0131slar\u0131n ekseriyetle bu hastalarla temasa ge\u00e7en \u015fah\u0131slar oldu\u011funu belirtiyor, zira birden fazla vakit hastal\u0131\u011f\u0131 ta\u015f\u0131d\u0131klar\u0131n\u0131 bilmeden bu bireylere yak\u0131n olurlar.<\/p>\n<div>\n<p>Hastal\u0131\u011f\u0131n birinci belirtileri, enfeksiyondan 2 ila 21 g\u00fcn sonra ortaya \u00e7\u0131kmaktad\u0131r. Ba\u015flang\u0131\u00e7ta hastalarda y\u00fcksek ate\u015f, \u015fiddetli ba\u015f a\u011fr\u0131s\u0131, genel rahats\u0131zl\u0131k ve yayg\u0131n kas a\u011fr\u0131lar\u0131 g\u00f6r\u00fcl\u00fcr. Fakat, \u00fc\u00e7\u00fcnc\u00fc g\u00fcnden sonra semptomlar daha da \u015fiddetlenir ve buna ishal, kar\u0131n a\u011fr\u0131s\u0131, kramp, mide bulant\u0131s\u0131 ve kusma \u00fczere belirtiler de eklenir. Bu durum, hastal\u0131\u011f\u0131n ilerleyi\u015finin daha agresif bir halde devam etti\u011fini g\u00f6sterir.<\/p>\n<\/p><\/div>\n<p>Hastal\u0131k ilerledik\u00e7e, hastalar\u0131n cildinde ka\u015f\u0131nt\u0131s\u0131z d\u00f6k\u00fcnt\u00fcler meydana gelir. Daha \u00f6nemli hadiselerde, hastal\u0131k bedende b\u00fcsb\u00fct\u00fcn yay\u0131ld\u0131\u011f\u0131nda, daha kayg\u0131 verici semptomlar\u0131n g\u00f6r\u00fclmesi de yayg\u0131n hale gelir. Bu belirtiler, durumun daha kritik bir etaba geldi\u011fini i\u015faret eder.<\/p>\n<p><b>10 g\u00fcn i\u00e7inde hayat\u0131n\u0131 kaybediyorlar<\/b><\/p>\n<p>D\u00fcnya S\u0131hhat \u00d6rg\u00fct\u00fc&#8217;ne nazaran, Marburg vir\u00fcs\u00fc ile enfekte olan hastalar\u0131n birden fazla, semptomlar\u0131n ba\u015flamas\u0131ndan sekiz ila dokuz g\u00fcn sonra hayat\u0131n\u0131 kaybetmektedir. Vefatlar ekseriyetle b\u00fcy\u00fck kan kay\u0131plar\u0131 nedeniyle ger\u00e7ekle\u015fmektedir. Ayr\u0131yeten, vir\u00fcs\u00fcn mevt oran\u0131n\u0131n %88 oldu\u011fu ve enfekte olan her on bireyden dokuzunun hastanelerde \u00f6mr\u00fcn\u00fc yitirdi\u011fi vurgulanmaktad\u0131r.<\/p>\n<p>Hastal\u0131\u011f\u0131n kesin bir tedavisi olmad\u0131\u011f\u0131 ve buna kar\u015f\u0131 bir a\u015f\u0131 bulunmad\u0131\u011f\u0131 belirtilmektedir. Enfekte hastalarla ilgilenen tabipler, sadece destekleyici tedavi uygulayabilmektedir, fakat bu ekseriyetle kan kayb\u0131n\u0131 durdurmak ve vefat riskini engellemek i\u00e7in k\u00e2fi olmamaktad\u0131r. Marburg&#8217;un \u00f6nlenmesinin tek yolu, vir\u00fcs tan\u0131s\u0131 konan bireylerin s\u0131v\u0131lar\u0131 ve salg\u0131lar\u0131yla temas etmekten ka\u00e7\u0131nmakt\u0131r.<\/p>\n","protected":false},"excerpt":{"rendered":"<p>D\u00fcnya S\u0131hhat \u00d6rg\u00fct\u00fc (WHO), Afrika k\u0131tas\u0131nda s\u00fcratle yay\u0131lan ve tehlikeli bir \u00f6l\u00fcmc\u00fcl vir\u00fcs olan Marburg salg\u0131n\u0131yla ilgili alarm verdi. WHO&#8217;nun a\u00e7\u0131klamas\u0131na nazaran, en \u00e7ok etkilenen \u00fclke Tanzanya oldu. Burada 9 olay kaydedildi ve bunlardan 8&#8217;inin hayat\u0131n\u0131 kaybetti\u011fi bildirildi. Salg\u0131n\u0131n, b\u00f6lgedeki s\u0131hhat sistemleri \u00fczerinde b\u00fcy\u00fck bir tehdit olu\u015fturdu\u011fu belirtiliyor.<\/p>\n","protected":false},"author":1,"featured_media":12915,"comment_status":"open","ping_status":"open","sticky":false,"template":"","format":"standard","meta":{"footnotes":""},"categories":[29],"tags":[2646,1341,356,2824,905],"class_list":["post-12914","post","type-post","status-publish","format-standard","has-post-thumbnail","hentry","category-saglik","tag-enfekte","tag-hastaligi","tag-kisiler","tag-marburg","tag-virus"],"_links":{"self":[{"href":"https:\/\/ikimisli.tr\/index.php\/wp-json\/wp\/v2\/posts\/12914","targetHints":{"allow":["GET"]}}],"collection":[{"href":"https:\/\/ikimisli.tr\/index.php\/wp-json\/wp\/v2\/posts"}],"about":[{"href":"https:\/\/ikimisli.tr\/index.php\/wp-json\/wp\/v2\/types\/post"}],"author":[{"embeddable":true,"href":"https:\/\/ikimisli.tr\/index.php\/wp-json\/wp\/v2\/users\/1"}],"replies":[{"embeddable":true,"href":"https:\/\/ikimisli.tr\/index.php\/wp-json\/wp\/v2\/comments?post=12914"}],"version-history":[{"count":1,"href":"https:\/\/ikimisli.tr\/index.php\/wp-json\/wp\/v2\/posts\/12914\/revisions"}],"predecessor-version":[{"id":12916,"href":"https:\/\/ikimisli.tr\/index.php\/wp-json\/wp\/v2\/posts\/12914\/revisions\/12916"}],"wp:featuredmedia":[{"embeddable":true,"href":"https:\/\/ikimisli.tr\/index.php\/wp-json\/wp\/v2\/media\/12915"}],"wp:attachment":[{"href":"https:\/\/ikimisli.tr\/index.php\/wp-json\/wp\/v2\/media?parent=12914"}],"wp:term":[{"taxonomy":"category","embeddable":true,"href":"https:\/\/ikimisli.tr\/index.php\/wp-json\/wp\/v2\/categories?post=12914"},{"taxonomy":"post_tag","embeddable":true,"href":"https:\/\/ikimisli.tr\/index.php\/wp-json\/wp\/v2\/tags?post=12914"}],"curies":[{"name":"wp","href":"https:\/\/api.w.org\/{rel}","templated":true}]}}