{"id":13012,"date":"2025-02-21T12:36:09","date_gmt":"2025-02-21T12:36:09","guid":{"rendered":"https:\/\/ikimisli.tr\/?p=13012"},"modified":"2025-02-21T12:36:09","modified_gmt":"2025-02-21T12:36:09","slug":"besiktasta-buyuk-bulusma-iki-norvecli-yillar-sonra-bir-arada","status":"publish","type":"post","link":"https:\/\/ikimisli.tr\/index.php\/2025\/02\/21\/besiktasta-buyuk-bulusma-iki-norvecli-yillar-sonra-bir-arada\/","title":{"rendered":"Be\u015fikta\u015f&#8217;ta b\u00fcy\u00fck bulu\u015fma! \u0130ki Norve\u00e7li y\u0131llar sonra bir arada"},"content":{"rendered":"<p>Be\u015fikta\u015f&#8217;\u0131n 1,5+1 y\u0131ll\u0131k kontrat imzaland\u0131\u011f\u0131n\u0131 a\u00e7\u0131klad\u0131\u011f\u0131 Norve\u00e7li teknik y\u00f6netici Ole Gunnar Solskjaer, imzan\u0131n akabinde Nevzat Demir Tesislerini gezdi<\/p>\n<p>Teknik Sorumlu Serdar Topraktepe, teknik grup, futbolcular ve tesislerde misyonlu \u00e7al\u0131\u015fanlarla tan\u0131\u015fan Solskjaer, kendisi \u00fczere Norve\u00e7li olan futbolcu Jonas Svensson\u2019la bir m\u00fchlet sohbet ettikten sonra BJK Nevzat Demir Tesisleri\u2019nde incelemelerde bulundu.<\/p>\n<p><img decoding=\"async\" src=\"https:\/\/ikimisli.tr\/wp-content\/uploads\/2025\/02\/besiktasta-buyuk-bulusma-iki-norvecli-yillar-sonra-bir-arada-0-FvX6OsuZ.jpg\"\/><\/p>\n<p><b>YILLAR SONRA B\u0130R ARADA<\/b><\/p>\n<p>Svensson ile Solskjaer&#8217;in bir ortaya gelmesi ise enteresan bir \u00f6yk\u00fcy\u00fc ortaya \u00e7\u0131kartt\u0131. \u0130ki ismin Solskjaer&#8217;in futbolcu oldu\u011fu periyotta \u00e7ekildi\u011fi foto\u011fraf\u0131 da yine g\u00fcndem oldu.<\/p>\n<p>S\u00f6z konusu foto\u011frafta Solskjaer, futbolculuk mesle\u011fini s\u00fcrd\u00fcr\u00fcrken Svensson ise futbolcu aday\u0131yd\u0131.<\/p>\n","protected":false},"excerpt":{"rendered":"<p>Be\u015fikta\u015f&#8217;\u0131n 1,5+1 y\u0131ll\u0131k kontrat imzaland\u0131\u011f\u0131n\u0131 a\u00e7\u0131klad\u0131\u011f\u0131 Norve\u00e7li teknik y\u00f6netici Ole Gunnar Solskj\u00e6r ve Jonas Svensson y\u0131llar sonra tekrar bir ortaya geldi.<\/p>\n","protected":false},"author":1,"featured_media":13013,"comment_status":"open","ping_status":"open","sticky":false,"template":"","format":"standard","meta":{"footnotes":""},"categories":[30],"tags":[2846],"class_list":["post-13012","post","type-post","status-publish","format-standard","has-post-thumbnail","hentry","category-spor","tag-futbolcu"],"_links":{"self":[{"href":"https:\/\/ikimisli.tr\/index.php\/wp-json\/wp\/v2\/posts\/13012","targetHints":{"allow":["GET"]}}],"collection":[{"href":"https:\/\/ikimisli.tr\/index.php\/wp-json\/wp\/v2\/posts"}],"about":[{"href":"https:\/\/ikimisli.tr\/index.php\/wp-json\/wp\/v2\/types\/post"}],"author":[{"embeddable":true,"href":"https:\/\/ikimisli.tr\/index.php\/wp-json\/wp\/v2\/users\/1"}],"replies":[{"embeddable":true,"href":"https:\/\/ikimisli.tr\/index.php\/wp-json\/wp\/v2\/comments?post=13012"}],"version-history":[{"count":1,"href":"https:\/\/ikimisli.tr\/index.php\/wp-json\/wp\/v2\/posts\/13012\/revisions"}],"predecessor-version":[{"id":13015,"href":"https:\/\/ikimisli.tr\/index.php\/wp-json\/wp\/v2\/posts\/13012\/revisions\/13015"}],"wp:featuredmedia":[{"embeddable":true,"href":"https:\/\/ikimisli.tr\/index.php\/wp-json\/wp\/v2\/media\/13013"}],"wp:attachment":[{"href":"https:\/\/ikimisli.tr\/index.php\/wp-json\/wp\/v2\/media?parent=13012"}],"wp:term":[{"taxonomy":"category","embeddable":true,"href":"https:\/\/ikimisli.tr\/index.php\/wp-json\/wp\/v2\/categories?post=13012"},{"taxonomy":"post_tag","embeddable":true,"href":"https:\/\/ikimisli.tr\/index.php\/wp-json\/wp\/v2\/tags?post=13012"}],"curies":[{"name":"wp","href":"https:\/\/api.w.org\/{rel}","templated":true}]}}