{"id":13087,"date":"2025-02-21T18:24:06","date_gmt":"2025-02-21T18:24:06","guid":{"rendered":"https:\/\/ikimisli.tr\/?p=13087"},"modified":"2025-02-21T18:24:06","modified_gmt":"2025-02-21T18:24:06","slug":"satan-da-alan-da-nedenini-bilmiyor-litresi-160-lira-birden-dustu","status":"publish","type":"post","link":"https:\/\/ikimisli.tr\/index.php\/2025\/02\/21\/satan-da-alan-da-nedenini-bilmiyor-litresi-160-lira-birden-dustu\/","title":{"rendered":"Satan da alan da nedenini bilmiyor: Litresi 160 lira birden d\u00fc\u015ft\u00fc"},"content":{"rendered":"<p>\u00a0Manisa&#8217;n\u0131n Soma il\u00e7esinde zeytinya\u011f\u0131 \u00fcretim d\u00f6neminin sonuna gelindi. Ya\u011f \u00fcreticisi \u015eerif Ali Uysal, &#8220;Sezon ba\u015f\u0131nda 240 lira olan zeytinya\u011f\u0131, d\u00f6nem ilerledik\u00e7e 220- 235 \u00fczere her ge\u00e7en g\u00fcn d\u00fc\u015ft\u00fc ve 150 lira d\u00fczeyine kadar indi. En son geldi\u011fi nokta \u015fu anda 140 lira. Ge\u00e7ti\u011fimiz d\u00f6nem 300 lira olan zeytinya\u011f\u0131 bu d\u00f6nem sonunda yar\u0131 yar\u0131ya d\u00fc\u015ferek 140 lira band\u0131na geldi. \u00dcreticiler ve bizlerin bu y\u0131ldan b\u00fcy\u00fck beklentilerimiz vard\u0131&#8221; dedi.<\/p>\n<p>Somal\u0131 zeytinya\u011f\u0131 \u00fcreticisi \u015eerif Ali Uysal, ge\u00e7en sene kilosu 300 lira olan zeytinya\u011f\u0131n\u0131n bu d\u00f6nem ya\u011f\u0131\u015flar\u0131n azl\u0131\u011f\u0131 ve rand\u0131man\u0131n d\u00fc\u015fmesi ile 140 liraya kadar d\u00fc\u015ft\u00fc\u011f\u00fcn\u00fc fakat maliyetlerin y\u00fckselmeye devam etti\u011fini belirtti. Uysal, \u015funlar\u0131 s\u00f6yledi:<\/p>\n<p><img decoding=\"async\" src=\"https:\/\/ikimisli.tr\/wp-content\/uploads\/2025\/02\/satan-da-alan-da-nedenini-bilmiyor-litresi-160-lira-birden-dustu-0-eRb6vIiQ.webp\"\/><\/p>\n<p>&#8220;2024- 2025 zeytin ve zeytinya\u011f\u0131 d\u00f6neminin sonuna geldik. D\u00f6nem ba\u015f\u0131nda 240 lira olan zeytinya\u011f\u0131, d\u00f6nem ilerledik\u00e7e 220- 235 \u00fczere her ge\u00e7en g\u00fcn d\u00fc\u015ft\u00fc ve 150 lira d\u00fczeyine kadar indi. En son geldi\u011fi nokta \u015fu anda 140 lira. Ge\u00e7ti\u011fimiz d\u00f6nem 300 lira olan zeytinya\u011f\u0131 bu d\u00f6nem sonunda yar\u0131 yar\u0131ya d\u00fc\u015ferek 140 lira band\u0131na geldi. \u00dcreticiler ve bizlerin bu y\u0131ldan b\u00fcy\u00fck beklentilerimiz vard\u0131. Bu sene \u00e7ok zeytin olaca\u011f\u0131n\u0131 s\u00f6ylemi\u015ftik ve sahiden de \u00e7ok zeytin oldu. B\u00fct\u00fcn a\u011fa\u00e7lar zeytin tuttu, T\u00fcrkiye&#8217;de ve d\u00fcnyada da durum b\u00f6yleydi. D\u00f6nem ba\u015f\u0131nda bu \u00e7ok uygundu, 1-2 ay bu t\u00fcrl\u00fc devam etti. Havalar d\u00fczg\u00fcn gitti, zeytinler g\u00fczelle\u015fmeye ba\u015flam\u0131\u015ft\u0131. Ya\u011fmur ya\u011fmay\u0131nca zeytinler gerilime girdi. Zeytinler suyu kendi v\u00fccuduna ald\u0131 ve kendini m\u00fcdafaaya ald\u0131. Bu t\u00fcrl\u00fc olunca zeytinler ufak kald\u0131 ve \u00e7ekirdek halinde kald\u0131. Ya\u011fmurlar geldi\u011finde ise zeytinlerin toplanmas\u0131n\u0131n y\u00fczde sekseni tamamlanm\u0131\u015ft\u0131. \u015eu anda ya\u011fmurlar devam ediyor.<\/p>\n<p><img decoding=\"async\" src=\"https:\/\/ikimisli.tr\/wp-content\/uploads\/2025\/02\/satan-da-alan-da-nedenini-bilmiyor-litresi-160-lira-birden-dustu-1-OnRxQGXY.webp\"\/><\/p>\n<p><strong>&#8220;\u00c7\u0130FT\u00c7\u0130M\u0130Z ZEYT\u0130NYA\u011eINA SAH\u0130P \u00c7IKMALI<\/strong><\/p>\n<p>\u00dcretilen zeytinya\u011flar\u0131n\u0131n fiyatlar\u0131 \u015fu anda \u00e7ok d\u00fc\u015f\u00fck, 140- 150 lira \u00fczere. Personel maliyetleri ise \u00e7ok y\u00fcksek. Ge\u00e7ti\u011fimiz y\u0131l bayan yevmiyesi 300- 350 lira iken bu sene bin lira d\u00fczeyine \u00e7\u0131kt\u0131. Erkeklerde bu say\u0131 bin 500 iki bin lira, makine kullananlar ise 2 bin 500 liraya ula\u015ft\u0131. Hasatlar yap\u0131ld\u0131 ancak maliyetler \u00e7ok y\u00fcksek. Mazot, g\u00fcbre ve personellik maliyetleri de y\u00fczde 50 azald\u0131. Ya\u011f 300 lirayd\u0131 \u015fu anda ya\u011f\u0131n maliyeti 140-150 lira fakat masraflar iki kat\u0131na \u00e7\u0131kt\u0131. Bu masraflar \u00e7ift\u00e7inin cebinden \u00e7\u0131kt\u0131. \u00c7ift\u00e7i \u015fu anda \u00e7ok g\u00fc\u00e7 durumda. Yapmas\u0131 gereken tek \u015fey ya\u011f\u0131n\u0131 satmamak. \u00c7ift\u00e7i ya\u011f\u0131n\u0131 muhafazal\u0131, zira bu ya\u011f\u0131n fiyat\u0131 eninde sonunda y\u00fckselecek. Bu sene zeytin a\u011fa\u00e7lar\u0131 \u00e7ok yoruldu. Bir taraftan \u00e7ok meyve verdi lakin ya\u011fmur ya\u011fmad\u0131\u011f\u0131 i\u00e7in a\u011fa\u00e7lar kendini m\u00fcdafaaya ald\u0131. Bu a\u011fa\u00e7lar\u0131n yorulmas\u0131 ya\u011fmurlarla ne kadar g\u00fczelle\u015fir bilemiyoruz. \u00d6n\u00fcm\u00fczdeki d\u00f6nem bu halde zeytin olmayaca\u011f\u0131n\u0131 varsay\u0131yoruz. Ben fiyatlar\u0131n eninde sonunda artaca\u011f\u0131n\u0131 d\u00fc\u015f\u00fcn\u00fcyorum. \u00c7ift\u00e7imiz zeytinya\u011f\u0131na sahip \u00e7\u0131kmal\u0131. \u00dcretilen kaliteli zeytinya\u011f\u0131n\u0131 muhafazal\u0131. Zeytinya\u011f\u0131nda depolama \u00e7ok k\u0131ymetli. Depolaman\u0131n krom nikel tanklarda yap\u0131lmas\u0131 gerekir. Zeytinya\u011f\u0131n\u0131n bulundu\u011fu ortamda muhakkak g\u00fcne\u015f almamas\u0131, s\u0131cakl\u0131\u011f\u0131n 18 dereceyi a\u015fmamas\u0131, pis kokular\u0131n olmad\u0131\u011f\u0131 bir ortamda depolanmas\u0131 gerekiyor. B\u00f6ylece zeytinya\u011f\u0131n\u0131n nefasetini koruyabiliriz.&#8221;<\/p>\n","protected":false},"excerpt":{"rendered":"<p>Manisa&#8217;n\u0131n Soma il\u00e7esinde zeytinya\u011f\u0131 \u00fcretim d\u00f6neminin sonuna gelindi. Ya\u011f \u00fcreticisi \u015eerif Ali Uysal, &#8220;Sezon ba\u015f\u0131nda 240 lira olan zeytinya\u011f\u0131, d\u00f6nem ilerledik\u00e7e 220- 235 \u00fczere her ge\u00e7en g\u00fcn d\u00fc\u015ft\u00fc ve 150 lira d\u00fczeyine kadar indi. En son geldi\u011fi nokta \u015fu anda 140 lira. Ge\u00e7ti\u011fimiz d\u00f6nem 300 lira olan zeytinya\u011f\u0131 bu d\u00f6nem sonunda yar\u0131 yar\u0131ya d\u00fc\u015ferek 140 lira band\u0131na geldi. \u00dcreticiler ve bizlerin bu y\u0131ldan b\u00fcy\u00fck beklentilerimiz vard\u0131&#8221; dedi.<\/p>\n","protected":false},"author":1,"featured_media":13088,"comment_status":"open","ping_status":"open","sticky":false,"template":"","format":"standard","meta":{"footnotes":""},"categories":[25],"tags":[174,485,1313,504,1388],"class_list":["post-13087","post","type-post","status-publish","format-standard","has-post-thumbnail","hentry","category-gundem","tag-lira","tag-sezon","tag-yag","tag-zeytin","tag-zeytinyagi"],"_links":{"self":[{"href":"https:\/\/ikimisli.tr\/index.php\/wp-json\/wp\/v2\/posts\/13087","targetHints":{"allow":["GET"]}}],"collection":[{"href":"https:\/\/ikimisli.tr\/index.php\/wp-json\/wp\/v2\/posts"}],"about":[{"href":"https:\/\/ikimisli.tr\/index.php\/wp-json\/wp\/v2\/types\/post"}],"author":[{"embeddable":true,"href":"https:\/\/ikimisli.tr\/index.php\/wp-json\/wp\/v2\/users\/1"}],"replies":[{"embeddable":true,"href":"https:\/\/ikimisli.tr\/index.php\/wp-json\/wp\/v2\/comments?post=13087"}],"version-history":[{"count":1,"href":"https:\/\/ikimisli.tr\/index.php\/wp-json\/wp\/v2\/posts\/13087\/revisions"}],"predecessor-version":[{"id":13091,"href":"https:\/\/ikimisli.tr\/index.php\/wp-json\/wp\/v2\/posts\/13087\/revisions\/13091"}],"wp:featuredmedia":[{"embeddable":true,"href":"https:\/\/ikimisli.tr\/index.php\/wp-json\/wp\/v2\/media\/13088"}],"wp:attachment":[{"href":"https:\/\/ikimisli.tr\/index.php\/wp-json\/wp\/v2\/media?parent=13087"}],"wp:term":[{"taxonomy":"category","embeddable":true,"href":"https:\/\/ikimisli.tr\/index.php\/wp-json\/wp\/v2\/categories?post=13087"},{"taxonomy":"post_tag","embeddable":true,"href":"https:\/\/ikimisli.tr\/index.php\/wp-json\/wp\/v2\/tags?post=13087"}],"curies":[{"name":"wp","href":"https:\/\/api.w.org\/{rel}","templated":true}]}}