{"id":13135,"date":"2025-02-21T22:48:07","date_gmt":"2025-02-21T22:48:07","guid":{"rendered":"https:\/\/ikimisli.tr\/?p=13135"},"modified":"2025-02-21T22:48:07","modified_gmt":"2025-02-21T22:48:07","slug":"besiktastan-samsunspor-baskani-yildirima-sert-tepki","status":"publish","type":"post","link":"https:\/\/ikimisli.tr\/index.php\/2025\/02\/21\/besiktastan-samsunspor-baskani-yildirima-sert-tepki\/","title":{"rendered":"Be\u015fikta\u015f&#8217;tan Samsunspor Ba\u015fkan\u0131 Y\u0131ld\u0131r\u0131m&#8217;a sert tepki!"},"content":{"rendered":"<p>Be\u015fikta\u015f&#8217;tan Reeder Samsunspor Ba\u015fkan\u0131 Y\u00fcksel Y\u0131ld\u0131r\u0131m&#8217;a yan\u0131t geldi.<\/p>\n<p>Siyah beyazl\u0131lardan yap\u0131lan a\u00e7\u0131klama \u015fu bi\u00e7imde: &#8220;Reeder Samsunspor Kul\u00fcb\u00fc Lideri R. Y\u00fcksel Y\u0131ld\u0131r\u0131m, bug\u00fcn bir televizyon kanal\u0131na verdi\u011fi r\u00f6portajda Kul\u00fcb\u00fcm\u00fcz hakk\u0131nda haddini a\u015fan tabirler kullanm\u0131\u015ft\u0131r. Birinci olarak belirtmek isteriz ki Reeder Samsunspor teknik y\u00f6neticisi Thomas Reis, hi\u00e7bir vakit g\u00fcndemimizde olmam\u0131\u015ft\u0131r. M\u00fcnasebetiyle Reis i\u00e7in ne kul\u00fcb\u00fcyle ne de kendisi ya da menajeriyle direkt ya da dolayl\u0131 rastgele bir g\u00f6r\u00fc\u015fme ger\u00e7ekle\u015ftirilmemi\u015ftir. Ma\u00e7 sonras\u0131ndaki bas\u0131n toplant\u0131s\u0131nda ilgili antren\u00f6r, kul\u00fcp liderini yalanlayarak bu hususta en ho\u015f kar\u015f\u0131l\u0131\u011f\u0131 vermi\u015ftir. \u00d6b\u00fcr bir grubun taraftar\u0131 olmas\u0131yla bilinen ve \u015fu anki Reeder Samsunspor Kul\u00fcb\u00fc Lideri s\u0131fat\u0131yla bug\u00fcn a\u011f\u0131rlad\u0131\u011f\u0131m\u0131z R. Y\u00fcksel Y\u0131ld\u0131r\u0131m, kadrosunun T\u00fcpra\u015f Stadyumu&#8217;nda kazand\u0131\u011f\u0131 bir puan\u0131n verdi\u011fi co\u015fkuyla haddini a\u015fan, terbiye sonlar\u0131n\u0131 zorlayan tabirler kullanm\u0131\u015ft\u0131r. Robert Y\u00fcksel Y\u0131ld\u0131r\u0131m&#8217;\u0131n kendi teknik y\u00f6neticisi taraf\u0131ndan yalanlanan a\u00e7\u0131klamalar\u0131n\u0131n takdirini kamuoyuna b\u0131rak\u0131yoruz.&#8221;<\/p>\n<p><b><strong>NE OLMU\u015eTU?<\/strong><\/b><\/p>\n<p>Samsunspor Ba\u015fkan\u0131 Y\u00fcksel Y\u0131ld\u0131r\u0131m bir televizyon program\u0131nda teknik y\u00f6neticileri Reis\u2019e Be\u015fikta\u015f\u2019\u0131n teklif yapt\u0131\u011f\u0131n\u0131 belirtmi\u015fti. Y\u0131ld\u0131r\u0131m, &#8220;Bizim hocaya da dolayl\u0131 bir teklif gelmi\u015f Be\u015fikta\u015f&#8217;tan. O denli duyduk, menajeri \u00fczerinden. Hocam\u0131z kabul etmedi\u011fini ve Samsun&#8217;da keyifli oldu\u011funu s\u00f6ylemi\u015f. Hoca, salak de\u011fil. Almanya&#8217;dan geliyor. Biliyor nas\u0131l bir gruba geldi\u011fini. Burada lider var. Be\u015fikta\u015f&#8217;\u0131n ne olaca\u011f\u0131 belirli de\u011fil. 4 ay sonra bir se\u00e7im daha var. Ni\u00e7in macera aras\u0131n? Burada bir proje var. Biz, ligin birinci 5&#8217;te bitirirsek, hocam\u0131z seneye Avrupa&#8217;da bir grup \u00e7al\u0131\u015ft\u0131r\u0131yor olacak. Tahtam\u0131z a\u00e7\u0131lacak. Erken imzalar atmay\u0131 d\u00fc\u015f\u00fcn\u00fcyoruz \u015fubatta tahta a\u00e7\u0131ld\u0131ktan sonra. Menajerlerine sormu\u015flar. Direkt hocam\u0131za de\u011fil, menajerine sorulmu\u015f&#8221; tabirlerini kulland\u0131.<\/p>\n","protected":false},"excerpt":{"rendered":"<p>Be\u015fikta\u015f Kul\u00fcb\u00fc, Samsunspor Lideri Y\u00fcksel Y\u0131ld\u0131r\u0131m\u2019\u0131 yalanlad\u0131. Siyah beyazl\u0131lardan yap\u0131lan a\u00e7\u0131klamada, \u201cY\u0131ld\u0131r\u0131m, kadrosunun T\u00fcpra\u015f Stadyumu&#8217;nda kazand\u0131\u011f\u0131 bir puan\u0131n verdi\u011fi co\u015fkuyla haddini a\u015fan, terbiye hudutlar\u0131n\u0131 zorlayan tabirler kullanm\u0131\u015ft\u0131r\u201d denildi<\/p>\n","protected":false},"author":1,"featured_media":13136,"comment_status":"open","ping_status":"open","sticky":false,"template":"","format":"standard","meta":{"footnotes":""},"categories":[30],"tags":[39,2620,2861],"class_list":["post-13135","post","type-post","status-publish","format-standard","has-post-thumbnail","hentry","category-spor","tag-baskani","tag-samsunspor","tag-yuksel-yildirim"],"_links":{"self":[{"href":"https:\/\/ikimisli.tr\/index.php\/wp-json\/wp\/v2\/posts\/13135","targetHints":{"allow":["GET"]}}],"collection":[{"href":"https:\/\/ikimisli.tr\/index.php\/wp-json\/wp\/v2\/posts"}],"about":[{"href":"https:\/\/ikimisli.tr\/index.php\/wp-json\/wp\/v2\/types\/post"}],"author":[{"embeddable":true,"href":"https:\/\/ikimisli.tr\/index.php\/wp-json\/wp\/v2\/users\/1"}],"replies":[{"embeddable":true,"href":"https:\/\/ikimisli.tr\/index.php\/wp-json\/wp\/v2\/comments?post=13135"}],"version-history":[{"count":1,"href":"https:\/\/ikimisli.tr\/index.php\/wp-json\/wp\/v2\/posts\/13135\/revisions"}],"predecessor-version":[{"id":13137,"href":"https:\/\/ikimisli.tr\/index.php\/wp-json\/wp\/v2\/posts\/13135\/revisions\/13137"}],"wp:featuredmedia":[{"embeddable":true,"href":"https:\/\/ikimisli.tr\/index.php\/wp-json\/wp\/v2\/media\/13136"}],"wp:attachment":[{"href":"https:\/\/ikimisli.tr\/index.php\/wp-json\/wp\/v2\/media?parent=13135"}],"wp:term":[{"taxonomy":"category","embeddable":true,"href":"https:\/\/ikimisli.tr\/index.php\/wp-json\/wp\/v2\/categories?post=13135"},{"taxonomy":"post_tag","embeddable":true,"href":"https:\/\/ikimisli.tr\/index.php\/wp-json\/wp\/v2\/tags?post=13135"}],"curies":[{"name":"wp","href":"https:\/\/api.w.org\/{rel}","templated":true}]}}