{"id":13224,"date":"2025-02-22T06:24:06","date_gmt":"2025-02-22T06:24:06","guid":{"rendered":"https:\/\/ikimisli.tr\/?p=13224"},"modified":"2025-02-22T06:24:06","modified_gmt":"2025-02-22T06:24:06","slug":"miras-kavgasi-sosyal-medyada-menzilde-sozde-seriat-heyeti-koyden-kovuldu-iddiasi","status":"publish","type":"post","link":"https:\/\/ikimisli.tr\/index.php\/2025\/02\/22\/miras-kavgasi-sosyal-medyada-menzilde-sozde-seriat-heyeti-koyden-kovuldu-iddiasi\/","title":{"rendered":"Miras kavgas\u0131 sosyal medyada&#8230; Menzil&#8217;de s\u00f6zde &#8216;\u015feriat heyeti&#8217; k\u00f6yden kovuldu iddias\u0131"},"content":{"rendered":"<p>Menzil cemaatinin Kahta\u2019ya ba\u011fl\u0131 Menzil k\u00f6y\u00fcnde ya\u015fanan ta\u015fl\u0131, sopal\u0131 miras arbedesi toplumsal medyada g\u00fcndem olmu\u015ftu.<\/p>\n<p>Cemaatin mevcut lideri Saki Elh\u00fcseyni ile \u00f6b\u00fcr karde\u015fler mal payla\u015f\u0131m\u0131nda uzla\u015famay\u0131nca 22 Ekim 2024\u2019te Menzil k\u00f6y\u00fcndeki mescitte yap\u0131lan toplant\u0131da kelamda \u201c\u015feriat mahkemesi\u201d kuruldu.<\/p>\n<p>Ancak kelamda \u015feriat mahkemesi de mal payla\u015f\u0131m\u0131nda tahlil getiremeyince tart\u0131\u015fma 13 Ocak\u2019ta karde\u015flerden Fettah Elh\u00fcseyni\u2019nin taraftarlar\u0131 olan \u201cSemerkand grubu\u201d ile mevcut \u00f6nderin taraftarlar\u0131 \u201cSerhendi grubu\u201d ortas\u0131nda ta\u015fl\u0131, sopal\u0131 hengameye d\u00f6n\u00fc\u015ft\u00fc.<\/p>\n<p><b>3 SEFER &#8216;MAHKEME&#8217; KURULMU\u015e<\/b><\/p>\n<p>Cumhuriyet&#8217;ten Aytun\u00e7 \u00dcrkmez&#8217;in haberine nazaran; kelam konusu kelamda \u015feriat mahkemesi \u00fc\u00e7 sefer kuruldu.<\/p>\n<p>Ancak mevcut \u00f6nderin istedi\u011fi sonu\u00e7 \u00e7\u0131kmamas\u0131ndan kaynakl\u0131 her seferinde tek tarafl\u0131 olarak feshedildi. Son feshedi\u015finin akabinde ise mevcut \u00f6nderin kelamda \u015feriat mahkemesi heyetini k\u00f6yden kovdu\u011fu da arg\u00fcman ediliyor.<\/p>\n<p>Bu geli\u015fmenin akabinde Saki Elh\u00fcseyni\u2019nin \u015feriat hukukundan vazge\u00e7erek \u201cMe\u015fru vas\u0131talarla haklar\u0131m\u0131z\u0131 korumal\u0131y\u0131z\u201d dedi\u011fi ve resmi hukukla tahlil bulmaya \u00e7al\u0131\u015ft\u0131\u011f\u0131 belirtiliyor.<\/p>\n<p>Buna ra\u011fmen \u00f6b\u00fcr karde\u015flerin cemaat i\u00e7inde a\u011fabeylerine y\u00f6nelik \u201cAllah\u2019\u0131n \u015feriat mahkemesinde arad\u0131\u011f\u0131n\u0131 bulamay\u0131p devletin \u0130slami olmayan laik ve demokratik mahkemelerine s\u0131\u011f\u0131nd\u0131 su\u00e7lamas\u0131nda\u201d bulunuyor.<\/p>\n<p><b>S\u0130LAHLI TEHD\u0130TLER<\/b><\/p>\n<p>Saki Elh\u00fcseyni\u2019nin taraftarlar\u0131 olan \u201cSerhendi grubu\u201dnun k\u00f6yde, rakip karde\u015flerin taraftarlar\u0131na tehditlerde bulundu\u011fu ve toplumsal medya hesaplar\u0131ndan silahl\u0131 foto\u011fraflarla \u201cSultan\u0131m\u0131z\u0131n yolundan d\u00f6nmeyiz\u201d diye payla\u015f\u0131mlar yapt\u0131\u011f\u0131 da sav ediliyor.<\/p>\n<p>Semerkand k\u00fcmesinin savlar\u0131na nazaran Saki Elh\u00fcseyni k\u00f6yde karde\u015flerine k\u00fcf\u00fcrlerle kar\u0131\u015f\u0131k tehditler savuruyor. Ayr\u0131yeten Saki Elh\u00fcseyni\u2019nin bilgisi dahilinde Serhendi k\u00fcmesinin denetiminde olan \u201cKral \u00c7\u0131plak\u201d isimli bir uydurma toplumsal medya hesab\u0131 \u00fczerinden de ba\u015fka karde\u015f ve ye\u011fenlere \u201cKorumayla gez, b\u0131\u00e7ak kemi\u011fe dayand\u0131, ac\u0131rsak, elimiz titrerse namerdiz\u201d kelamlar\u0131yla tehditlerde bulunuluyor.<\/p>\n<p>\u00d6te yandan Serhandi k\u00fcmesine ba\u011fl\u0131 m\u00fcritlerin de toplumsal medya hesaplar\u0131ndan; \u201cA\u011fam\u0131z, Sultan Saki\u2019nin emrindeyiz\u201d kelamlar\u0131yla silahl\u0131 payla\u015f\u0131mlar yapt\u0131\u011f\u0131 ileri s\u00fcr\u00fcl\u00fcyor.<\/p>\n","protected":false},"excerpt":{"rendered":"<p>Menzil cemaatinde ba\u015flayan ta\u015fl\u0131 sopal\u0131 hengamenin toplumsal medyaya ta\u015ft\u0131\u011f\u0131 \u00f6ne s\u00fcr\u00fcl\u00fcrken; k\u00f6yde 3 defa \u015feriat mahkemesi kuruldu\u011fu, mevcut \u00f6nderin kelamda \u015feriat mahkemesi heyetini de k\u00f6yden kovdu\u011fu arg\u00fcman edildi.<\/p>\n","protected":false},"author":1,"featured_media":13225,"comment_status":"open","ping_status":"open","sticky":false,"template":"","format":"standard","meta":{"footnotes":""},"categories":[25],"tags":[2568,2874,1080],"class_list":["post-13224","post","type-post","status-publish","format-standard","has-post-thumbnail","hentry","category-gundem","tag-kardesler","tag-saki-elhuseyni","tag-soz"],"_links":{"self":[{"href":"https:\/\/ikimisli.tr\/index.php\/wp-json\/wp\/v2\/posts\/13224","targetHints":{"allow":["GET"]}}],"collection":[{"href":"https:\/\/ikimisli.tr\/index.php\/wp-json\/wp\/v2\/posts"}],"about":[{"href":"https:\/\/ikimisli.tr\/index.php\/wp-json\/wp\/v2\/types\/post"}],"author":[{"embeddable":true,"href":"https:\/\/ikimisli.tr\/index.php\/wp-json\/wp\/v2\/users\/1"}],"replies":[{"embeddable":true,"href":"https:\/\/ikimisli.tr\/index.php\/wp-json\/wp\/v2\/comments?post=13224"}],"version-history":[{"count":1,"href":"https:\/\/ikimisli.tr\/index.php\/wp-json\/wp\/v2\/posts\/13224\/revisions"}],"predecessor-version":[{"id":13226,"href":"https:\/\/ikimisli.tr\/index.php\/wp-json\/wp\/v2\/posts\/13224\/revisions\/13226"}],"wp:featuredmedia":[{"embeddable":true,"href":"https:\/\/ikimisli.tr\/index.php\/wp-json\/wp\/v2\/media\/13225"}],"wp:attachment":[{"href":"https:\/\/ikimisli.tr\/index.php\/wp-json\/wp\/v2\/media?parent=13224"}],"wp:term":[{"taxonomy":"category","embeddable":true,"href":"https:\/\/ikimisli.tr\/index.php\/wp-json\/wp\/v2\/categories?post=13224"},{"taxonomy":"post_tag","embeddable":true,"href":"https:\/\/ikimisli.tr\/index.php\/wp-json\/wp\/v2\/tags?post=13224"}],"curies":[{"name":"wp","href":"https:\/\/api.w.org\/{rel}","templated":true}]}}