{"id":13378,"date":"2025-02-22T20:12:15","date_gmt":"2025-02-22T20:12:15","guid":{"rendered":"https:\/\/ikimisli.tr\/?p=13378"},"modified":"2025-02-22T20:12:15","modified_gmt":"2025-02-22T20:12:15","slug":"bakanlik-acikladi-odemeler-hesaplara-yatmaya-basladi","status":"publish","type":"post","link":"https:\/\/ikimisli.tr\/index.php\/2025\/02\/22\/bakanlik-acikladi-odemeler-hesaplara-yatmaya-basladi\/","title":{"rendered":"Bakanl\u0131k a\u00e7\u0131klad\u0131: \u00d6demeler hesaplara yatmaya ba\u015flad\u0131"},"content":{"rendered":"<p>G\u00f6kta\u015f, yapt\u0131\u011f\u0131 yaz\u0131l\u0131 a\u00e7\u0131klamada, Tertipli Do\u011fal Gaz T\u00fcketim Dayana\u011f\u0131n\u0131n 2022&#8217;den itibaren uyguland\u0131\u011f\u0131n\u0131 an\u0131msatt\u0131.<\/p>\n<p>Destekten yararlanmak isteyen gereksinim sahiplerinin m\u00fcracaatlar\u0131n\u0131, e-Devlet \u00fczerinden Bakanl\u0131k\u00e7a sunulan &#8220;Sosyal Yard\u0131m M\u00fcracaat Hizmeti&#8221; ekran\u0131ndan yapabilece\u011fini aktaran G\u00f6kta\u015f, m\u00fcracaatlar\u0131n Toplumsal Yard\u0131mla\u015fma ve Dayan\u0131\u015fma Vak\u0131flar\u0131nca (SYDV) titizlikle incelendi\u011fini, verilen onay\u0131n akabinde \u00f6demelerin yap\u0131ld\u0131\u011f\u0131n\u0131 kaydetti.<\/p>\n<p>G\u00f6kta\u015f, Do\u011fal Gaz T\u00fcketim Takviyesinin ayl\u0131k 188 lira ile 438 lira ortas\u0131nda oldu\u011funu, vilayetten ile de\u011fi\u015fkenlik g\u00f6steren mebla\u011flar \u00fczerinden hesapland\u0131\u011f\u0131n\u0131 belirterek, &#8220;D\u00fczenli Do\u011fal Gaz T\u00fcketim Dayanak Program\u0131&#8217;nda yeni y\u0131l\u0131n birinci \u00f6demeleri ba\u015flad\u0131. Bu kapsamda 529 bin 162 hak sahibine toplam 303,1 milyon lira \u00f6deme yapaca\u011f\u0131z. \u00d6te yandan 2024 y\u0131l\u0131nda 705 bin 315 hak sahibine toplam 1,4 milyar lira \u00f6deme yapt\u0131k. Takviyeden yararlanacak olan vatanda\u015flar\u0131m\u0131z, mesken tipi aboneliklerine ait ikamet adreslerine ili\u015fkin faturalar\u0131n\u0131, PTT \u00f6deme noktalar\u0131nda ibraz etmek suretiyle takviyeden yararlanabilecek.&#8221; s\u00f6zlerini kulland\u0131.<\/p>\n<p>D\u00fczenli Do\u011fal Gaz T\u00fcketim Dayana\u011f\u0131ndan yararlanmak i\u00e7in T\u00fcrk vatanda\u015f\u0131 olmak, do\u011fal gaz arz\u0131 sa\u011flanan il\u00e7e\/beldede ikamet etmek, e-Devlet kap\u0131s\u0131 \u00fczerinden dayanak program\u0131na ba\u015fvurmak, ikamet adresinde \u00f6n \u00f6demeli ya da fatural\u0131 sayaca ba\u011fl\u0131 bir do\u011fal gaz aboneli\u011fi bulunmas\u0131, ikamet adreslerine ili\u015fkin mesken \u00e7e\u015fidi aboneliklerine ait do\u011fal gaz faturas\u0131n\u0131n olmas\u0131, ki\u015fi hakk\u0131nda ilgili SYDV&#8217;nin hak sahipli\u011fi karar\u0131 vermesi gerekiyor.<\/p>\n","protected":false},"excerpt":{"rendered":"<p>Aile ve Sosyal Hizmetler Bakan\u0131 Mahinur \u00d6zdemir G\u00f6kta\u015f, Nizaml\u0131 Do\u011fal Gaz T\u00fcketim Takviye Program\u0131&#8217;nda yeni y\u0131l\u0131n birinci \u00f6demesinin ba\u015flad\u0131\u011f\u0131n\u0131, bu kapsamda 529 bin 162 hak sahibine toplam 303,1 milyon lira \u00f6deme yapacaklar\u0131n\u0131 bildirdi.<\/p>\n","protected":false},"author":1,"featured_media":13379,"comment_status":"open","ping_status":"open","sticky":false,"template":"","format":"standard","meta":{"footnotes":""},"categories":[24],"tags":[234,1107,94],"class_list":["post-13378","post","type-post","status-publish","format-standard","has-post-thumbnail","hentry","category-ekonomi","tag-destek","tag-dogal-gaz","tag-odeme"],"_links":{"self":[{"href":"https:\/\/ikimisli.tr\/index.php\/wp-json\/wp\/v2\/posts\/13378","targetHints":{"allow":["GET"]}}],"collection":[{"href":"https:\/\/ikimisli.tr\/index.php\/wp-json\/wp\/v2\/posts"}],"about":[{"href":"https:\/\/ikimisli.tr\/index.php\/wp-json\/wp\/v2\/types\/post"}],"author":[{"embeddable":true,"href":"https:\/\/ikimisli.tr\/index.php\/wp-json\/wp\/v2\/users\/1"}],"replies":[{"embeddable":true,"href":"https:\/\/ikimisli.tr\/index.php\/wp-json\/wp\/v2\/comments?post=13378"}],"version-history":[{"count":1,"href":"https:\/\/ikimisli.tr\/index.php\/wp-json\/wp\/v2\/posts\/13378\/revisions"}],"predecessor-version":[{"id":13380,"href":"https:\/\/ikimisli.tr\/index.php\/wp-json\/wp\/v2\/posts\/13378\/revisions\/13380"}],"wp:featuredmedia":[{"embeddable":true,"href":"https:\/\/ikimisli.tr\/index.php\/wp-json\/wp\/v2\/media\/13379"}],"wp:attachment":[{"href":"https:\/\/ikimisli.tr\/index.php\/wp-json\/wp\/v2\/media?parent=13378"}],"wp:term":[{"taxonomy":"category","embeddable":true,"href":"https:\/\/ikimisli.tr\/index.php\/wp-json\/wp\/v2\/categories?post=13378"},{"taxonomy":"post_tag","embeddable":true,"href":"https:\/\/ikimisli.tr\/index.php\/wp-json\/wp\/v2\/tags?post=13378"}],"curies":[{"name":"wp","href":"https:\/\/api.w.org\/{rel}","templated":true}]}}