{"id":13472,"date":"2025-02-23T04:36:06","date_gmt":"2025-02-23T04:36:06","guid":{"rendered":"https:\/\/ikimisli.tr\/?p=13472"},"modified":"2025-02-23T04:36:06","modified_gmt":"2025-02-23T04:36:06","slug":"12-yil-once-islenen-cinayet-narin-yontemiyle-cozuldu-oglu-kardesi-ve-yegeni-kasten-oldurme-sucundan-tutuklandi","status":"publish","type":"post","link":"https:\/\/ikimisli.tr\/index.php\/2025\/02\/23\/12-yil-once-islenen-cinayet-narin-yontemiyle-cozuldu-oglu-kardesi-ve-yegeni-kasten-oldurme-sucundan-tutuklandi\/","title":{"rendered":"12 y\u0131l \u00f6nce i\u015flenen cinayet &#8216;Narin&#8217; y\u00f6ntemiyle \u00e7\u00f6z\u00fcld\u00fc: O\u011flu, karde\u015fi ve ye\u011feni &#8216;kasten \u00f6ld\u00fcrme&#8217; su\u00e7undan tutukland\u0131"},"content":{"rendered":"<p>Diyarbak\u0131r&#8217;\u0131n Silvan il\u00e7esinde 12 y\u0131l evvel ya\u015fanan cinayet &#8216;Narin G\u00fcran&#8217; cinayetinde kullan\u0131lan teknikle \u00e7\u00f6z\u00fcld\u00fc.<\/p>\n<p>Ye\u015filbah\u00e7e Mahallesi&#8217;ndeki konutundan 8 Mart 2013&#8217;te \u00e7\u0131kt\u0131ktan sonra bir daha kendisinden haber al\u0131namayan Arif M. (57) i\u00e7in yak\u0131nlar\u0131 kay\u0131p ihbar\u0131nda bulundu. \u0130hbar \u00fczerine Arif M&#8217;nin bulunmas\u0131 i\u00e7in gruplarca arama \u00e7al\u0131\u015fmas\u0131 ba\u015flat\u0131ld\u0131.<\/p>\n<p><b>DERE YATA\u011eINDAK\u0130 TOPRA\u011eA G\u00d6M\u00dcL\u00dc BULUNDU<\/b><\/p>\n<p>\u00c7al\u0131\u015fmalar s\u00fcrerken Arif M&#8217;nin cans\u0131z v\u00fccudu bir \u00e7oban taraf\u0131ndan 10 Mart 2013&#8217;te Bismil il\u00e7esinin Alibey Mahallesi&#8217;ndeki dere yata\u011f\u0131nda topra\u011fa g\u00f6m\u00fcl\u00fc bulundu.<\/p>\n<p>\u00dczerinde pijama ile bulunan Arif M&#8217;nin yap\u0131lan otopside ate\u015fli silahla \u00f6ld\u00fcr\u00fcld\u00fc\u011f\u00fc belirlendi.<\/p>\n<p>Bismil Cumhuriyet Ba\u015fsavc\u0131l\u0131\u011f\u0131nca Arif M&#8217;nin vefat\u0131na ait soru\u015fturma ba\u015flat\u0131ld\u0131.<\/p>\n<p>Soru\u015fturma kapsam\u0131nda jandarma tak\u0131mlar\u0131nca olayla ili\u015fkisi oldu\u011fu bedellendirilen 3 ku\u015fkulu g\u00f6zalt\u0131na al\u0131nd\u0131.<\/p>\n<p>\u015e\u00fcpheliler jandarmadaki s\u00fcre\u00e7lerin akabinde sevk edildikleri adliyede savc\u0131l\u0131ktaki sorgular\u0131n\u0131n akabinde \u00f6zg\u00fcr b\u0131rak\u0131ld\u0131.<\/p>\n<p>\u015e\u00fcpheliler hakk\u0131nda kovu\u015fturmaya yer olmad\u0131\u011f\u0131na karar verildi.<\/p>\n<p><b>NAR\u0130N G\u00dcRAN C\u0130NAYET\u0130NDE KULLANILAN METOT AKILLARA GELD\u0130<\/b><\/p>\n<p>Soru\u015fturma s\u00fcrerken 2021&#8217;de cinayetin ayd\u0131nlat\u0131lmas\u0131 i\u00e7in Vilayet Jandarma Komutanl\u0131\u011f\u0131 Asayi\u015f \u015eube M\u00fcd\u00fcrl\u00fc\u011f\u00fc Jandarma Hata Ara\u015ft\u0131rma Timi (JASAT) koordinesinde Jandarma Olay Yeri, Ka\u00e7ak\u00e7\u0131l\u0131k ve Organize Kabahatlerle U\u011fra\u015f ve Asayi\u015f \u015eube M\u00fcd\u00fcrl\u00fc\u011f\u00fcnde misyonlu i\u015f\u00e7iden olu\u015fan bir grup olu\u015fturuldu.<\/p>\n<p>Ekip \u00e7al\u0131\u015fmalar\u0131n\u0131 s\u00fcrd\u00fcr\u00fcrken, 21 A\u011fustos 2024&#8217;te merkez Ba\u011flar il\u00e7esinin Tav\u015fantepe Mahallesi&#8217;nde kaybolan ve 8 Eyl\u00fcl&#8217;de E\u011fertutmaz Deresi&#8217;nde cans\u0131z v\u00fccuduna ula\u015f\u0131lan 8 ya\u015f\u0131ndaki Narin G\u00fcran&#8217;\u0131n \u00f6ld\u00fcr\u00fclmesiyle ilgili soru\u015fturmada kullan\u0131lan daralt\u0131lm\u0131\u015f baz \u00e7al\u0131\u015fmas\u0131 g\u00fcndeme geldi.<\/p>\n<p>Jandarma gruplar\u0131, Arif M&#8217;nin faillerinin tespit edilerek yakalanmas\u0131 hedefiyle daralt\u0131lm\u0131\u015f baz \u00e7al\u0131\u015fmas\u0131 yap\u0131lmas\u0131 talebinde bulundu.<\/p>\n<p>Bilirki\u015fi taraf\u0131ndan haz\u0131rlanan daralt\u0131lm\u0131\u015f baz \u00e7al\u0131\u015fmas\u0131na ait rapor tamamlanarak, soru\u015fturma evrak\u0131na eklendi.<\/p>\n<p><b>O\u011eLU KARDE\u015e\u0130 VE YE\u011eEN\u0130N\u0130N TELEFONU CESED\u0130N BULUNDU\u011eU YERDE BAZ VERD\u0130<\/b><\/p>\n<p>Raporda, \u015fu tespitlere yer verildi:<\/p>\n<p>&#8220;8 Mart 2013&#8217;te Arif M&#8217;nin saat 12.13&#8217;te telefonu kapanmadan evvel en son birtak\u0131m\u0131n kendi ikameti yahut civar\u0131 oldu\u011fu, B.M&#8217;nin (o\u011flu) birebir g\u00fcn saat 13.21&#8217;de, M.M&#8217;nin (karde\u015fi) ikameti ve civar\u0131nda oldu\u011fu, bu s\u0131rada M.M&#8217;nin kendi ikametinde oldu\u011fu, saat 17.00&#8217;ye kadar bazlar\u0131n\u0131n uyumlu oldu\u011fu ve birlikte olduklar\u0131 belirlendi. 10 Mart 2013&#8217;te saat 07.22 ile 07.52 \u00fczere B.M. ve M.M&#8217;nin telefonu ile M.E.M&#8217;nin (ye\u011feni) kulland\u0131\u011f\u0131 cep telefonunun cesedin bulundu\u011fu yer ve civar\u0131nda birlikte baz verdi\u011fi tespit edilmi\u015ftir. F.Z&#8217;nin kulland\u0131\u011f\u0131 cep telefonunun cesedin bulundu\u011fu b\u00f6lgeye yak\u0131n baz verdi\u011fi k\u0131ymetlendirilmektedir.&#8221;<\/p>\n<p><b>3 K\u0130\u015e\u0130 TUTUKLANDI<\/b><\/p>\n<p>Jandarma tak\u0131mlar\u0131nca bu tespit \u00fczerine 3 Aral\u0131k 2024&#8217;te ger\u00e7ekle\u015ftirilen operasyonda Arif M&#8217;nin o\u011flu B.M. (31), karde\u015fi M.M. (55) ve ye\u011feni M.E.M. (43) ile F.Z. (46) ve H.M. (66) g\u00f6zalt\u0131na al\u0131nd\u0131.<\/p>\n<p>\u015e\u00fcpheliler jandarmadaki s\u00fcre\u00e7lerin akabinde adliyeye sevk edildi.<\/p>\n<p>\u015e\u00fcphelilerden F.Z. ve H.M, savc\u0131l\u0131ktaki sorgular\u0131n\u0131n akabinde h\u00fcr b\u0131rak\u0131ld\u0131.<\/p>\n<p>Zanl\u0131lardan B.M, M.M. ile M.E.M. \u00e7\u0131kar\u0131ld\u0131klar\u0131 n\u00f6bet\u00e7i sulh ceza hakimli\u011fince &#8220;kasten \u00f6ld\u00fcrme&#8221; hatas\u0131ndan tutukland\u0131.<\/p>\n","protected":false},"excerpt":{"rendered":"<p>Diyarbak\u0131r&#8217;da jandarma tak\u0131mlar\u0131 12 y\u0131l evvel i\u015flenen cinayeti, Narin G\u00fcran cinayeti soru\u015fturmas\u0131nda da g\u00fcndeme gelen daralt\u0131lm\u0131\u015f baz \u00e7al\u0131\u015fmas\u0131 ile ayd\u0131nlatt\u0131. Failin o\u011flu, karde\u015fi ve ye\u011feni &#8220;kasten \u00f6ld\u00fcrme&#8221; hatas\u0131ndan tutukland\u0131.<\/p>\n","protected":false},"author":1,"featured_media":13473,"comment_status":"open","ping_status":"open","sticky":false,"template":"","format":"standard","meta":{"footnotes":""},"categories":[25],"tags":[2918,2919,287,1730,410],"class_list":["post-13472","post","type-post","status-publish","format-standard","has-post-thumbnail","hentry","category-gundem","tag-baz","tag-bulundu","tag-ekip","tag-jandarma","tag-supheli"],"_links":{"self":[{"href":"https:\/\/ikimisli.tr\/index.php\/wp-json\/wp\/v2\/posts\/13472","targetHints":{"allow":["GET"]}}],"collection":[{"href":"https:\/\/ikimisli.tr\/index.php\/wp-json\/wp\/v2\/posts"}],"about":[{"href":"https:\/\/ikimisli.tr\/index.php\/wp-json\/wp\/v2\/types\/post"}],"author":[{"embeddable":true,"href":"https:\/\/ikimisli.tr\/index.php\/wp-json\/wp\/v2\/users\/1"}],"replies":[{"embeddable":true,"href":"https:\/\/ikimisli.tr\/index.php\/wp-json\/wp\/v2\/comments?post=13472"}],"version-history":[{"count":1,"href":"https:\/\/ikimisli.tr\/index.php\/wp-json\/wp\/v2\/posts\/13472\/revisions"}],"predecessor-version":[{"id":13474,"href":"https:\/\/ikimisli.tr\/index.php\/wp-json\/wp\/v2\/posts\/13472\/revisions\/13474"}],"wp:featuredmedia":[{"embeddable":true,"href":"https:\/\/ikimisli.tr\/index.php\/wp-json\/wp\/v2\/media\/13473"}],"wp:attachment":[{"href":"https:\/\/ikimisli.tr\/index.php\/wp-json\/wp\/v2\/media?parent=13472"}],"wp:term":[{"taxonomy":"category","embeddable":true,"href":"https:\/\/ikimisli.tr\/index.php\/wp-json\/wp\/v2\/categories?post=13472"},{"taxonomy":"post_tag","embeddable":true,"href":"https:\/\/ikimisli.tr\/index.php\/wp-json\/wp\/v2\/tags?post=13472"}],"curies":[{"name":"wp","href":"https:\/\/api.w.org\/{rel}","templated":true}]}}