{"id":13515,"date":"2025-02-23T07:36:10","date_gmt":"2025-02-23T07:36:10","guid":{"rendered":"https:\/\/ikimisli.tr\/?p=13515"},"modified":"2025-02-23T07:36:10","modified_gmt":"2025-02-23T07:36:10","slug":"instagramda-tepki-ceken-guncelleme-profiller-buyuk-oranda-degisti","status":"publish","type":"post","link":"https:\/\/ikimisli.tr\/index.php\/2025\/02\/23\/instagramda-tepki-ceken-guncelleme-profiller-buyuk-oranda-degisti\/","title":{"rendered":"Instagram&#8217;da tepki \u00e7eken g\u00fcncelleme: Profiller b\u00fcy\u00fck oranda de\u011fi\u015fti"},"content":{"rendered":"<p>Instagram&#8217;da toplumsal medya kullan\u0131c\u0131lar\u0131n\u0131n dikkatinden ka\u00e7mayan yeni \u00f6zellik yans\u0131lara neden oldu.\u00a0<\/p>\n<p>Instagram, A\u011fustos 2024&#8217;te muhakkak kullan\u0131c\u0131lar \u00fczerinde dikd\u00f6rtgen \u00a0\u0131zgaray\u0131 test etmeye ba\u015flam\u0131\u015ft\u0131. Lakin, bu de\u011fi\u015fikli\u011fin temelleri \u00e7ok daha evvel at\u0131ld\u0131. \u00dc\u00e7 y\u0131l evvel X platformunda haberi duyuran Alessandro Paluzzi\u2019ye nazaran, bu yenilik 2022\u2019den beri g\u00fcndemdeydi.<\/p>\n<p><img decoding=\"async\" src=\"https:\/\/ikimisli.tr\/wp-content\/uploads\/2025\/02\/instagramda-tepki-ceken-guncelleme-profiller-buyuk-oranda-degisti-0-QqKNNzSh.jpg\"\/><\/p>\n<p><b>DE\u011e\u0130\u015e\u0130KL\u0130\u011e\u0130N NEDEN\u0130N\u0130 A\u00c7IKLADILAR<\/b><\/p>\n<p>Instagram Ba\u015fkan\u0131 Adam Mosseri, de\u011fi\u015fikli\u011fin nedenini \u015fu s\u00f6zlerle a\u00e7\u0131klad\u0131:<\/p>\n<p>&#8220;Kare, Instagram\u2019a yaln\u0131zca kare foto\u011fraflar y\u00fckleyebildi\u011fimiz g\u00fcnlerden kalma bir \u00f6zellikti. Bug\u00fcn Instagram\u2019a y\u00fcklenenlerin b\u00fcy\u00fck \u00e7o\u011funlu\u011fu dikey. Bunlar\u0131 kare olarak k\u0131rpmak epey zorlay\u0131c\u0131. &#8221; dedi.<\/p>\n<p><img decoding=\"async\" src=\"https:\/\/ikimisli.tr\/wp-content\/uploads\/2025\/02\/instagramda-tepki-ceken-guncelleme-profiller-buyuk-oranda-degisti-1-ZVkaIxP5.jpg\"\/><\/p>\n<p>De\u011fi\u015fikli\u011fin birinci evrede can s\u0131k\u0131c\u0131 olabilece\u011fini kabul eden Instagram i\u015fvereni, bunun uzun vadede daha uygun olaca\u011f\u0131n\u0131 belirtti.<\/p>\n<p>Instagram\u2019\u0131n bu g\u00fcncellemesi, toplumsal medya kullan\u0131c\u0131lar\u0131 taraf\u0131ndan reaksiyon \u00e7ekti.\u00a0<\/p>\n<p>Bir\u00e7ok kullan\u0131c\u0131, yeni d\u00fczenlemeye al\u0131\u015fmaya \u00e7al\u0131\u015f\u0131rken zorluk ya\u015farken dijital grafik dizaync\u0131s\u0131 olan bir kullan\u0131c\u0131 \u00a0&#8220;Dijital grafik dizaync\u0131s\u0131 olarak, \u0131zgara y\u00f6nelimini bozan Instagram g\u00fcncellemesi kadar rahats\u0131z oldu\u011fum bir \u015fey olmam\u0131\u015ft\u0131. Y\u0131llar\u0131m\u0131, Instagram i\u00e7in kusursuz bi\u00e7imde s\u0131\u011facak 1080\u00d71080 grafikler yapmaya harcad\u0131m,&#8221; halinde bir payla\u015f\u0131mda bulundu.\u00a0<\/p>\n","protected":false},"excerpt":{"rendered":"<p>Instagram, uzun vakittir kulland\u0131\u011f\u0131 profil format\u0131n\u0131 de\u011fi\u015ftirdi.Bir vakitler kusursuzca d\u00fczenlenmi\u015f kare \u0131zgaralar art\u0131k ge\u00e7mi\u015fte kald\u0131 ve yerine dikey profiller yerle\u015fti.<\/p>\n","protected":false},"author":1,"featured_media":13516,"comment_status":"open","ping_status":"open","sticky":false,"template":"","format":"standard","meta":{"footnotes":""},"categories":[31],"tags":[2927,1432],"class_list":["post-13515","post","type-post","status-publish","format-standard","has-post-thumbnail","hentry","category-teknoloji","tag-instagram","tag-kullanici"],"_links":{"self":[{"href":"https:\/\/ikimisli.tr\/index.php\/wp-json\/wp\/v2\/posts\/13515","targetHints":{"allow":["GET"]}}],"collection":[{"href":"https:\/\/ikimisli.tr\/index.php\/wp-json\/wp\/v2\/posts"}],"about":[{"href":"https:\/\/ikimisli.tr\/index.php\/wp-json\/wp\/v2\/types\/post"}],"author":[{"embeddable":true,"href":"https:\/\/ikimisli.tr\/index.php\/wp-json\/wp\/v2\/users\/1"}],"replies":[{"embeddable":true,"href":"https:\/\/ikimisli.tr\/index.php\/wp-json\/wp\/v2\/comments?post=13515"}],"version-history":[{"count":1,"href":"https:\/\/ikimisli.tr\/index.php\/wp-json\/wp\/v2\/posts\/13515\/revisions"}],"predecessor-version":[{"id":13519,"href":"https:\/\/ikimisli.tr\/index.php\/wp-json\/wp\/v2\/posts\/13515\/revisions\/13519"}],"wp:featuredmedia":[{"embeddable":true,"href":"https:\/\/ikimisli.tr\/index.php\/wp-json\/wp\/v2\/media\/13516"}],"wp:attachment":[{"href":"https:\/\/ikimisli.tr\/index.php\/wp-json\/wp\/v2\/media?parent=13515"}],"wp:term":[{"taxonomy":"category","embeddable":true,"href":"https:\/\/ikimisli.tr\/index.php\/wp-json\/wp\/v2\/categories?post=13515"},{"taxonomy":"post_tag","embeddable":true,"href":"https:\/\/ikimisli.tr\/index.php\/wp-json\/wp\/v2\/tags?post=13515"}],"curies":[{"name":"wp","href":"https:\/\/api.w.org\/{rel}","templated":true}]}}