{"id":13768,"date":"2025-02-24T00:00:10","date_gmt":"2025-02-24T00:00:10","guid":{"rendered":"https:\/\/ikimisli.tr\/?p=13768"},"modified":"2025-02-24T00:00:10","modified_gmt":"2025-02-24T00:00:10","slug":"kirmizi-bultenle-aranan-iki-kisi-turkiyeye-getirildi","status":"publish","type":"post","link":"https:\/\/ikimisli.tr\/index.php\/2025\/02\/24\/kirmizi-bultenle-aranan-iki-kisi-turkiyeye-getirildi\/","title":{"rendered":"K\u0131rm\u0131z\u0131 b\u00fcltenle aranan iki ki\u015fi T\u00fcrkiye&#8217;ye getirildi"},"content":{"rendered":"<p>\u0130\u00e7i\u015fleri Bakan\u0131 Ali Yerlikaya, &#8220;K\u0131rm\u0131z\u0131 B\u00fcltenle aranan organize hata \u00f6rg\u00fct\u00fc eleba\u015f\u0131 Ercan Y\u0131lmaz ve K\u0131rm\u0131z\u0131 B\u00fcltenle aranan \u00f6rg\u00fct \u00fcyesi \u0130brahim Kaymak Ermenistan ile ba\u015flat\u0131lan g\u00f6r\u00fc\u015fmeler sonucu Kahraman T\u00fcrk Polisimiz taraf\u0131ndan T\u00fcrkiye\u2019ye getirildi.&#8221; s\u00f6z\u00fcn\u00fc kulland\u0131.<\/p>\n<p>Yerlikaya, &#8220;15 y\u0131ld\u0131r, 43 yakalama buyru\u011fu ile ulusal d\u00fczeyde; 14 y\u0131ld\u0131r da \u0130nterpol taraf\u0131ndan k\u0131rm\u0131z\u0131 b\u00fcltenle memleketler aras\u0131 d\u00fczeyde aranan; Bar\u0131\u015f Boyun c\u00fcr\u00fcm \u00f6rg\u00fct\u00fc ile kontakl\u0131 olan kabahat \u00f6rg\u00fct\u00fc eleba\u015f\u0131 Ercan Y\u0131lmaz; 6 y\u0131ld\u0131r, 10 yakalama buyru\u011fu ile ulusal d\u00fczeyde; 1 y\u0131ld\u0131r da \u0130nterpol taraf\u0131ndan K\u0131rm\u0131z\u0131 B\u00fcltenle memleketler aras\u0131 d\u00fczeyde aranan, c\u00fcr\u00fcm \u00f6rg\u00fct\u00fc \u00fcyesi \u0130brahim Kaymak yakaland\u0131. Adalet Bakanl\u0131\u011f\u0131 ve D\u0131\u015fi\u015fleri Bakanl\u0131\u011f\u0131, \u0130nterpol-Europol Daire Ba\u015fkanl\u0131\u011f\u0131, Ka\u00e7ak\u00e7\u0131l\u0131k ve Organize C\u00fcr\u00fcmlerle Gayret Ba\u015fkanl\u0131\u011f\u0131, \u0130stihbarat Ba\u015fkanl\u0131\u011f\u0131 ve Ordu \u0130l Emniyet M\u00fcd\u00fcrl\u00fc\u011f\u00fc ile birlikte y\u00fcr\u00fct\u00fclen \u00e7al\u0131\u015fmalar sonucunda; Ermenistan\u2019da \u00fclkemize iadeleri maksad\u0131yla tutuklanmalar\u0131 sa\u011flanm\u0131\u015ft\u0131r.&#8221; bilgilerini payla\u015ft\u0131.<\/p>\n<p>Yerlikaya \u015funlar\u0131 kaydetti:<\/p>\n<p>K\u0131rm\u0131z\u0131 B\u00fcltenle aranan her iki \u015fahs\u0131n da \u00fclkemize iadesine y\u00f6nelik \u00e7al\u0131\u015fmalar\u0131 b\u00fcy\u00fck bir titizlikle y\u00fcr\u00fcten Adalet ve D\u0131\u015fi\u015fleri Bakanl\u0131klar\u0131m\u0131za, \u0130nterpol-Europol Daire Ba\u015fkanl\u0131\u011f\u0131m\u0131za, Ka\u00e7ak\u00e7\u0131l\u0131k ve Organize Hatalarla U\u011fra\u015f ile \u0130stihbarat Ba\u015fkanl\u0131klar\u0131m\u0131za, Ordu \u0130l Emniyet M\u00fcd\u00fcrl\u00fc\u011f\u00fcm\u00fcz ile sergiledikleri i\u015f birli\u011fi i\u00e7in Ermenistan Adalet Bakan Yard\u0131mc\u0131s\u0131 Say\u0131n Tigran Dadunts\u2019a te\u015fekk\u00fcr ediyoruz.<\/p>\n<p>Organize c\u00fcr\u00fcm \u00f6rg\u00fctleriyle u\u011fra\u015f\u0131m\u0131z\u0131 yaln\u0131zca hudutlar\u0131m\u0131zda de\u011fil, hudut \u00f6tesinde de s\u00fcrd\u00fcr\u00fcyoruz; s\u00fcrd\u00fcrmeye devam edece\u011fiz. C\u00fcr\u00fcmde kibirlenen kent e\u015fk\u0131yalar\u0131n\u0131 bir bir yakalamaya devam edece\u011fiz.<\/p>\n","protected":false},"excerpt":{"rendered":"<p>\u0130\u00e7i\u015fleri Bakan\u0131 Ali Yerlikaya, k\u0131rm\u0131z\u0131 b\u00fcltenle aranan iki ki\u015finin T\u00fcrkiye&#8217;ye getirildi\u011fini duyurdu.<\/p>\n","protected":false},"author":1,"featured_media":13769,"comment_status":"open","ping_status":"open","sticky":false,"template":"","format":"standard","meta":{"footnotes":""},"categories":[25],"tags":[2964,262,418,97],"class_list":["post-13768","post","type-post","status-publish","format-standard","has-post-thumbnail","hentry","category-gundem","tag-aranan","tag-bakan","tag-orgut","tag-suc"],"_links":{"self":[{"href":"https:\/\/ikimisli.tr\/index.php\/wp-json\/wp\/v2\/posts\/13768","targetHints":{"allow":["GET"]}}],"collection":[{"href":"https:\/\/ikimisli.tr\/index.php\/wp-json\/wp\/v2\/posts"}],"about":[{"href":"https:\/\/ikimisli.tr\/index.php\/wp-json\/wp\/v2\/types\/post"}],"author":[{"embeddable":true,"href":"https:\/\/ikimisli.tr\/index.php\/wp-json\/wp\/v2\/users\/1"}],"replies":[{"embeddable":true,"href":"https:\/\/ikimisli.tr\/index.php\/wp-json\/wp\/v2\/comments?post=13768"}],"version-history":[{"count":1,"href":"https:\/\/ikimisli.tr\/index.php\/wp-json\/wp\/v2\/posts\/13768\/revisions"}],"predecessor-version":[{"id":13770,"href":"https:\/\/ikimisli.tr\/index.php\/wp-json\/wp\/v2\/posts\/13768\/revisions\/13770"}],"wp:featuredmedia":[{"embeddable":true,"href":"https:\/\/ikimisli.tr\/index.php\/wp-json\/wp\/v2\/media\/13769"}],"wp:attachment":[{"href":"https:\/\/ikimisli.tr\/index.php\/wp-json\/wp\/v2\/media?parent=13768"}],"wp:term":[{"taxonomy":"category","embeddable":true,"href":"https:\/\/ikimisli.tr\/index.php\/wp-json\/wp\/v2\/categories?post=13768"},{"taxonomy":"post_tag","embeddable":true,"href":"https:\/\/ikimisli.tr\/index.php\/wp-json\/wp\/v2\/tags?post=13768"}],"curies":[{"name":"wp","href":"https:\/\/api.w.org\/{rel}","templated":true}]}}