{"id":1387,"date":"2025-01-06T07:18:52","date_gmt":"2025-01-06T07:18:52","guid":{"rendered":"https:\/\/ikimisli.tr\/?p=1387"},"modified":"2025-01-06T07:18:52","modified_gmt":"2025-01-06T07:18:52","slug":"5-ocak-kurtulus-ve-ozgurluk-parkinin-temeli-atildi","status":"publish","type":"post","link":"https:\/\/ikimisli.tr\/index.php\/2025\/01\/06\/5-ocak-kurtulus-ve-ozgurluk-parkinin-temeli-atildi\/","title":{"rendered":"5 Ocak Kurtulu\u015f ve \u00d6zg\u00fcrl\u00fck Park\u0131\u2019n\u0131n temeli at\u0131ld\u0131"},"content":{"rendered":"<p>\u00a0<\/p>\n<p>Seyhan il\u00e7esinde ger\u00e7ekle\u015ftirilen a\u00e7\u0131l\u0131\u015fa Adana B\u00fcy\u00fck\u015fehir Belediye Ba\u015fkan\u0131 Zeydan Karalar, Seyhan Belediye Lideri Oya Tekin, Y\u00fcre\u011fir Belediye Ba\u015fkan\u0131 Ali Demir\u00e7al\u0131, Karata\u015f Belediye Lideri Ali Bedrettin Karata\u015f, Adana Milletvekilleri M\u00fczeyyen \u015eevkin, Bilal Bilici, Orhan S\u00fcmer ve Ayhan Barut, politikler, muhtarlar ile b\u00f6lge sakinleri kat\u0131ld\u0131.<\/p>\n<p><img decoding=\"async\" src=\"https:\/\/ikimisli.tr\/wp-content\/uploads\/2025\/01\/5-ocak-kurtulus-ve-ozgurluk-parkinin-temeli-atildi-0-p5dtvpOe.png\"\/><\/p>\n<p>Programda birinci kelam\u0131 alan 2000 Evler Mahallesi Muhtar\u0131 Tolga Y\u0131ld\u0131r\u0131m, mahalleye hizmetlerinden dolay\u0131 Lider Zeydan Karalar\u2019a te\u015fekk\u00fcr etti.<\/p>\n<p>CHP Adana Milletvekiilleri M\u00fczeyyen \u015eevkin, Ayhan Barut ve Bilal Bilici de temel atma merasiminde halka hitap ederek, his ve fikirlerini payla\u015ft\u0131.<\/p>\n<p>Ba\u015fkan Zeydan Karalar, halk\u0131n kendisine verdi\u011fi b\u00fcy\u00fck dayanaktan \u00f6t\u00fcr\u00fc te\u015fekk\u00fcrlerini ileterek ba\u015flad\u0131\u011f\u0131 konu\u015fmas\u0131nda, bu inan\u00e7 ve inanca lay\u0131k olabilmek i\u00e7in gece g\u00fcnd\u00fcz \u00e7al\u0131\u015fmaya devam ettiklerini s\u00f6yledi.<\/p>\n<p><b>ALAN VE \u00d6ZELL\u0130K OLARAK NAD\u0130DE B\u0130R PARK<\/b><\/p>\n<p>Temelini att\u0131klar\u0131 5 Ocak Kurtulu\u015f ve \u00d6zg\u00fcrl\u00fck Park\u0131\u2019n\u0131n Adana\u2019n\u0131n en m\u00fckemmel parklar\u0131ndan biri olaca\u011f\u0131n\u0131 belirten Lider Zeydan Karalar, 38 bin metrekarelik alan\u0131yla Adana\u2019n\u0131n kurtulu\u015f ve \u00f6zg\u00fcrl\u00fck ruhunu ya\u015fatacak parkta; 21 bin 500 metrekare ye\u015fil alan, ulusal u\u011fra\u015f kahramanlar\u0131m\u0131z\u0131 onurland\u0131ran an\u0131t duvar\u0131yla \u00f6zel bir meydan, \u00e7ocuklar i\u00e7in oyun alanlar\u0131, kaykay pistleri, y\u00fcr\u00fcy\u00fc\u015f yolu, bisiklet yollar\u0131, masa tenisi ve satran\u00e7 masalar\u0131, ya\u011fmur bah\u00e7eleri ve s\u00fcrd\u00fcrebilir sulama sistemleri \u00fczere bir\u00e7ok \u00f6zelli\u011fin yer alaca\u011f\u0131n\u0131 a\u00e7\u0131klad\u0131.<\/p>\n<p><img decoding=\"async\" src=\"https:\/\/ikimisli.tr\/wp-content\/uploads\/2025\/01\/5-ocak-kurtulus-ve-ozgurluk-parkinin-temeli-atildi-1-YQmqMDla.png\"\/><\/p>\n<p>Ba\u015fkan Zeydan Karalar, yap\u0131lacak park\u0131n, Merkez Park ve Atat\u00fcrk Park\u0131\u2019ya birlikte kentin en b\u00fcy\u00fck ve en ho\u015f parklar\u0131ndan olaca\u011f\u0131n\u0131 bildirdi. Adana\u2019n\u0131n kurtulu\u015funu temsil eden 5 Ocak Kurtulu\u015f ve \u00d6zg\u00fcrl\u00fck Park\u0131\u2019n\u0131n ismiyle de \u00e7ok \u00f6zel oldu\u011funu s\u00f6z eden Lider Zeydan Karalar, Kurtulu\u015f M\u00fccadelesi\u2019nde Adana\u2019n\u0131n yeri ve k\u0131ymetini anlatt\u0131. Lider Zeydan Karalar, b\u00f6lgeye semt pazar\u0131 yap\u0131laca\u011f\u0131n\u0131 da a\u00e7\u0131klad\u0131.<\/p>\n<p><b>SGK BORCU BASKISI ADALETS\u0130Z VE HALKA H\u0130ZMET\u0130 ENGELLEME \u00c7ABASI<\/b><\/p>\n<p>Belediyelerin SGK bor\u00e7lar\u0131yla ilgili probleme da de\u011finen Lider Zeydan Karalar, o kadar belediyenin i\u00e7inde yaln\u0131zca 6 CHP\u2019li belediyeye uygulanmak istenen SGK borcu tahsilinin adaletli olmad\u0131\u011f\u0131n\u0131, bask\u0131 ve engelleme eforu oldu\u011funu kaydetti. Lider Zeydan Karalar ne olursa olsun halka hizmete aral\u0131ks\u0131z devam edeceklerini s\u00f6yledi.<\/p>\n<p>Ba\u015fkan Zeydan Karalar konu\u015fmas\u0131n\u0131 Hasan H\u00fcseyin Korkmazgil\u2019in Ac\u0131y\u0131 Bal Eyledik \u015fiirini okuyarak bitirdi.<\/p>\n","protected":false},"excerpt":{"rendered":"<p>Adana B\u00fcy\u00fck\u015fehir Belediye Ba\u015fkan\u0131 Zeydan Karalar bir yandan Adana\u2019n\u0131n as\u0131rl\u0131k meselelerini tarihe kar\u0131\u015ft\u0131r\u0131rken, bir yandan da toplumsal belediyecili\u011fin en ho\u015f \u00f6rneklerini vermeye devam ediyor. B\u00fcy\u00fck\u015fehir\u2019deki ikinci periyoduna devasa hizmetlerle ba\u015flayan Lider Zeydan Karalar, 5 Ocak Kurtulu\u015f ve \u00d6zg\u00fcrl\u00fck Park\u0131\u2019n\u0131n temelini atarak \u00e7ok de\u011ferli bir hizmetin daha ba\u015flang\u0131c\u0131n\u0131 yapt\u0131.<\/p>\n","protected":false},"author":1,"featured_media":1388,"comment_status":"open","ping_status":"open","sticky":false,"template":"","format":"standard","meta":{"footnotes":""},"categories":[25],"tags":[236,32,40,237,181],"class_list":["post-1387","post","type-post","status-publish","format-standard","has-post-thumbnail","hentry","category-gundem","tag-adana","tag-baskan","tag-belediye","tag-kurtulus","tag-park"],"_links":{"self":[{"href":"https:\/\/ikimisli.tr\/index.php\/wp-json\/wp\/v2\/posts\/1387","targetHints":{"allow":["GET"]}}],"collection":[{"href":"https:\/\/ikimisli.tr\/index.php\/wp-json\/wp\/v2\/posts"}],"about":[{"href":"https:\/\/ikimisli.tr\/index.php\/wp-json\/wp\/v2\/types\/post"}],"author":[{"embeddable":true,"href":"https:\/\/ikimisli.tr\/index.php\/wp-json\/wp\/v2\/users\/1"}],"replies":[{"embeddable":true,"href":"https:\/\/ikimisli.tr\/index.php\/wp-json\/wp\/v2\/comments?post=1387"}],"version-history":[{"count":1,"href":"https:\/\/ikimisli.tr\/index.php\/wp-json\/wp\/v2\/posts\/1387\/revisions"}],"predecessor-version":[{"id":1391,"href":"https:\/\/ikimisli.tr\/index.php\/wp-json\/wp\/v2\/posts\/1387\/revisions\/1391"}],"wp:featuredmedia":[{"embeddable":true,"href":"https:\/\/ikimisli.tr\/index.php\/wp-json\/wp\/v2\/media\/1388"}],"wp:attachment":[{"href":"https:\/\/ikimisli.tr\/index.php\/wp-json\/wp\/v2\/media?parent=1387"}],"wp:term":[{"taxonomy":"category","embeddable":true,"href":"https:\/\/ikimisli.tr\/index.php\/wp-json\/wp\/v2\/categories?post=1387"},{"taxonomy":"post_tag","embeddable":true,"href":"https:\/\/ikimisli.tr\/index.php\/wp-json\/wp\/v2\/tags?post=1387"}],"curies":[{"name":"wp","href":"https:\/\/api.w.org\/{rel}","templated":true}]}}