{"id":13939,"date":"2025-02-24T12:36:06","date_gmt":"2025-02-24T12:36:06","guid":{"rendered":"https:\/\/ikimisli.tr\/?p=13939"},"modified":"2025-02-24T12:36:06","modified_gmt":"2025-02-24T12:36:06","slug":"sergen-yalcin-ates-puskurdu-yemin-olsun-rezil-rusva-ederim","status":"publish","type":"post","link":"https:\/\/ikimisli.tr\/index.php\/2025\/02\/24\/sergen-yalcin-ates-puskurdu-yemin-olsun-rezil-rusva-ederim\/","title":{"rendered":"Sergen Yal\u00e7\u0131n ate\u015f p\u00fcsk\u00fcrd\u00fc: Yemin olsun rezil r\u00fcsva ederim!"},"content":{"rendered":"<p>Be\u015fikta\u015f&#8217;\u0131n teklifini ailesel sebeplerden dolay\u0131 reddeden Sergen Yal\u00e7\u0131n toplumsal medyada kendisiyle ilgili yaz\u0131lanlara adeta ate\u015f p\u00fcsk\u00fcrd\u00fc. Ekol TV\u2019de yay\u0131nlanan 10 Numara program\u0131nda konu\u015fan Sergen Yal\u00e7\u0131n hakk\u0131ndaki tezlere yan\u0131t verdi. Yal\u00e7\u0131n, Samsunspor Ba\u015fkan\u0131 Y\u00fcksel Y\u0131ld\u0131r\u0131m&#8217;\u0131 ve bir televizyon program\u0131nda kendisi hakk\u0131nda savlarda bulunan T\u00fcmer Metin&#8217;e, &#8220;Aile olarak peri\u015fan olmu\u015f durumday\u0131z. K\u00e2fi karde\u015fim, k\u00e2fi. B\u0131kmad\u0131n\u0131z m\u0131?&#8221; diyerek reaksiyon g\u00f6sterdi.<\/p>\n<p><b>&#8217;28 AYDIR HASTANELERDE U\u011eRA\u015eIYORUM&#8217;<\/b><\/p>\n<p>Kendisi hakk\u0131nda medyada ve toplumsal medyada yaz\u0131lanlara reaksiyon g\u00f6steren Sergen Yal\u00e7\u0131n, \u201cArt\u0131k bunlardan b\u0131kt\u0131m. Kimin benle ilgili ne k\u0131ssas\u0131 varsa anlats\u0131n karde\u015fim! Ne anlatacaksa anlats\u0131n. Bu mevzu da bitsin. Palavra yanl\u0131\u015f \u00f6yk\u00fclerinizi, uydurdu\u011funuz \u00f6yk\u00fclerinizi anlat\u0131n, bitsin, ben de kurtulay\u0131m. 28 ayd\u0131r hastanelerde u\u011fra\u015f\u0131yorum. Karde\u015fim d\u00fcn yeniden hastaneye yatt\u0131. Aile olarak peri\u015fan olmu\u015f durumday\u0131z. K\u00e2fi karde\u015fim, k\u00e2fi. B\u0131kmad\u0131n\u0131z m\u0131? Benimle u\u011fra\u015fmay\u0131 b\u0131raks\u0131nlar\u201d ifadelerini kulland\u0131.<\/p>\n<p>Samsunspor Ba\u015fkan\u0131 Y\u00fcksel Y\u0131ld\u0131r\u0131m\u2019\u0131n kendisi hakk\u0131nda s\u00f6yledi\u011fi; &#8221;Sergen Yal\u00e7\u0131n neden Be\u015fikta\u015f&#8217;a gelmedi? Sergen Yal\u00e7\u0131n \u00e7ok ak\u0131ll\u0131 bir hoca. O denli bir kaosa girmek istemiyor\u201d kelamlar\u0131na reaksiyon g\u00f6sterdi.<\/p>\n<p><b>&#8220;SEN SAMSUNSPOR \u0130LE \u0130LG\u0130L\u0130 NE KONU\u015eACAKSAN KONU\u015e&#8221;<\/b><\/p>\n<p>Sergen Yal\u00e7\u0131n, \u201cSen benim neler ya\u015fad\u0131\u011f\u0131m\u0131 biliyor musun? Neler \u00e7ekti\u011fimizi biliyor musun? Neye nazaran bu konu\u015fmalar\u0131 yap\u0131yorsun? Sen Samsunspor Ba\u015fkan\u0131\u2019s\u0131n. \u00c7\u0131k Samsunspor ilgili ne konu\u015facaksan konu\u015f. Sana ne Sergen \u00e7al\u0131\u015fm\u0131\u015f \u00e7al\u0131\u015fmam\u0131\u015f, konutta oturmu\u015f. Kimi ne ilgilendirir? \u0130\u015finize bak\u0131n. Size ne Sergen\u2019den! \u0130\u015f hayat\u0131m\u0131n sorgulanmas\u0131na \u00e7ok \u00fcz\u00fcl\u00fcyorum. Y\u0131llarca Anadolu\u2019da ve b\u00fcy\u00fck grupta \u00e7al\u0131\u015ft\u0131k. O kadar ba\u015far\u0131l\u0131 olduk ki \u00e7al\u0131\u015ft\u0131\u011f\u0131m\u0131z yerlerde\u2026 Size tavsiyem \u015fu: Benimle ilgili konu\u015fanlar gidin, Anadolu\u2019da o kadrolar\u0131 nereden ald\u0131\u011f\u0131ma, hangi konumdan ald\u0131\u011f\u0131ma, hangi duruma getirdi\u011fime bak\u0131n! Ondan sonra i\u015f hayat\u0131m\u0131 sorgulay\u0131n, o \u00f6yk\u00fclerinizi Youtube televizyonlar\u0131nda anlat\u0131n\u201d dedi.<\/p>\n<p><b>&#8216;ONU REZ\u0130L R\u00dcSVA EDER\u0130M&#8217;<\/b><\/p>\n<p>Eski ekip arkada\u015f\u0131 T\u00fcmer Metin&#8217;i de gaye alan Yal\u00e7\u0131n, &#8221;T\u00fcmer\u2019e bir \u015fey demeyece\u011fim Allah bildi\u011fi \u00fczere yaps\u0131n. Di\u011fer bir i\u015finiz yok mu? Komik de\u011fil bunlar, Kimse g\u00fclm\u00fcyor bunlara. Bir daha televizyonda benim hakk\u0131mda palavra yanl\u0131\u015f k\u0131ssa anlatan olursa, onu bu yay\u0131nda sana yemin olsun rezil r\u00fcsva ederim. \u00c7ok a\u011f\u0131r konu\u015furum, alt\u0131ndan kalkamazs\u0131n\u0131z&#8221; tabirlerini kulland\u0131.<\/p>\n","protected":false},"excerpt":{"rendered":"<p>Be\u015fikta\u015f&#8217;\u0131n efsanesi Sergen Yal\u00e7\u0131n kendisi hakk\u0131nda konu\u015fanlara canl\u0131 yay\u0131nda ate\u015f p\u00fcsk\u00fcrd\u00fc. Aile olarak peri\u015fan olduklar\u0131n\u0131 ve 28 ayd\u0131r karde\u015finin tedavisi i\u00e7in hastanelerde u\u011fra\u015ft\u0131\u011f\u0131n\u0131 belirten Yal\u00e7\u0131n, &#8221;Bir daha televizyonda benim hakk\u0131mda palavra yanl\u0131\u015f \u00f6yk\u00fc anlatan olursa rezil r\u00fcsva ederim&#8221; dedi.<\/p>\n","protected":false},"author":1,"featured_media":13940,"comment_status":"open","ping_status":"open","sticky":false,"template":"","format":"standard","meta":{"footnotes":""},"categories":[30],"tags":[2983,2620,2982],"class_list":["post-13939","post","type-post","status-publish","format-standard","has-post-thumbnail","hentry","category-spor","tag-hikaye","tag-samsunspor","tag-sergen-yalcin"],"_links":{"self":[{"href":"https:\/\/ikimisli.tr\/index.php\/wp-json\/wp\/v2\/posts\/13939","targetHints":{"allow":["GET"]}}],"collection":[{"href":"https:\/\/ikimisli.tr\/index.php\/wp-json\/wp\/v2\/posts"}],"about":[{"href":"https:\/\/ikimisli.tr\/index.php\/wp-json\/wp\/v2\/types\/post"}],"author":[{"embeddable":true,"href":"https:\/\/ikimisli.tr\/index.php\/wp-json\/wp\/v2\/users\/1"}],"replies":[{"embeddable":true,"href":"https:\/\/ikimisli.tr\/index.php\/wp-json\/wp\/v2\/comments?post=13939"}],"version-history":[{"count":1,"href":"https:\/\/ikimisli.tr\/index.php\/wp-json\/wp\/v2\/posts\/13939\/revisions"}],"predecessor-version":[{"id":13941,"href":"https:\/\/ikimisli.tr\/index.php\/wp-json\/wp\/v2\/posts\/13939\/revisions\/13941"}],"wp:featuredmedia":[{"embeddable":true,"href":"https:\/\/ikimisli.tr\/index.php\/wp-json\/wp\/v2\/media\/13940"}],"wp:attachment":[{"href":"https:\/\/ikimisli.tr\/index.php\/wp-json\/wp\/v2\/media?parent=13939"}],"wp:term":[{"taxonomy":"category","embeddable":true,"href":"https:\/\/ikimisli.tr\/index.php\/wp-json\/wp\/v2\/categories?post=13939"},{"taxonomy":"post_tag","embeddable":true,"href":"https:\/\/ikimisli.tr\/index.php\/wp-json\/wp\/v2\/tags?post=13939"}],"curies":[{"name":"wp","href":"https:\/\/api.w.org\/{rel}","templated":true}]}}