{"id":13988,"date":"2025-02-24T15:12:13","date_gmt":"2025-02-24T15:12:13","guid":{"rendered":"https:\/\/ikimisli.tr\/?p=13988"},"modified":"2025-02-24T15:12:13","modified_gmt":"2025-02-24T15:12:13","slug":"korkusuz-sozcu-muhabirlerine-destek","status":"publish","type":"post","link":"https:\/\/ikimisli.tr\/index.php\/2025\/02\/24\/korkusuz-sozcu-muhabirlerine-destek\/","title":{"rendered":"Korkusuz S\u00d6ZC\u00dc muhabirlerine destek"},"content":{"rendered":"<p><img decoding=\"async\" src=\"https:\/\/ikimisli.tr\/wp-content\/uploads\/2025\/02\/korkusuz-sozcu-muhabirlerine-destek-0-24sILnGl.jpg\"\/><\/p>\n<p><b>BURASI BODRUM<\/b><\/p>\n<p>Mu\u011fla Bodrum\u2019da imaline bir ay evvel ba\u015flanan K\u0131y\u0131 G\u00fcvenlik Liman\u0131 projesine kar\u015f\u0131 halk d\u00fcn alana indi. Turgutreis Platformu taraf\u0131ndan d\u00fczenlenen \u201cYa hayat, ya liman\u201d hareketine kat\u0131lanlar in\u015faata reaksiyon g\u00f6sterdi. \u0130\u015f insan\u0131 Mehmet Cengiz\u2019in projelerine kar\u015f\u0131 halk\u0131n etraf gayretini haberle\u015ftirdi\u011fi i\u00e7in manevi tazminat davas\u0131yla kar\u015f\u0131 kar\u015f\u0131ya kalan muhabirlerimize takviye verdi. Halk aksiyona S\u00d6ZC\u00dc Gazetesi\u2019yle geldi.<\/p>\n<p><img decoding=\"async\" src=\"https:\/\/ikimisli.tr\/wp-content\/uploads\/2025\/02\/korkusuz-sozcu-muhabirlerine-destek-1-cBl2kbbx.jpg\"\/><\/p>\n<p><span><em>Bodrumlular, harekete ellerinde S\u00d6ZC\u00dc Gazetesi\u2019yle geldi. Jandarma \u015fantiye \u00f6n\u00fcnde a\u011f\u0131r g\u00fcvenlik tedbiri ald\u0131. Aksiyon s\u0131ras\u0131nda i\u015f makinelerinin \u00e7al\u0131\u015fmas\u0131 durduruldu.\u00a0<\/em><\/span><\/p>\n<p><strong>RANT VURGUSU<\/strong><\/p>\n<p>Liman in\u015faat\u0131n\u0131n kim taraf\u0131ndan yap\u0131ld\u0131\u011f\u0131n\u0131n h\u00e2l\u00e2 bilinmedi\u011fini belirten avukat Ziya Levent Do\u011fu\u00e7, \u201cBurada vicdans\u0131zl\u0131k, hayata d\u00fc\u015fmanl\u0131k denize d\u00f6k\u00fcl\u00fcyor. Deniz art\u0131k eskisi \u00fczere mavi de\u011fil. Bize diyorlar ki \u2018Art\u0131k burada g\u00fcnbat\u0131m\u0131n\u0131 de\u011fil Turgutreis\u2019in bat\u0131\u015f\u0131n\u0131 seyredeceksiniz. Buna seyirci kalmayaca\u011f\u0131z. Liman mazeret, rant \u015fahane. Korkmayaca\u011f\u0131z, y\u0131lmayaca\u011f\u0131z, dayatmaya itaat etmeyece\u011fiz\u201d tabirlerini kulland\u0131.<\/p>\n<p>Bodrum Yurtta\u015f \u0130nsiyatifi S\u00f6zc\u00fcs\u00fc Ayhan Karahan, \u201cBu dava S\u00d6ZC\u00dc\u2019ye de\u011fil Bodrum\u2019a a\u00e7\u0131lm\u0131\u015ft\u0131r. Memleketin, topra\u011f\u0131na havas\u0131na suyuna sahip \u00e7\u0131kan onurlu gazetecilerine a\u00e7\u0131lm\u0131\u015ft\u0131r. S\u00d6ZC\u00dc\u2019y\u00fc susturarak halk\u0131 susturmak istiyorlar. Bunlar\u0131 yazan gazeteciler asla boyun e\u011fmeyecek ve yaln\u0131z y\u00fcr\u00fcmeyecekler. Ya\u015far Anter ve arkada\u015flar\u0131n\u0131n yan\u0131nday\u0131z\u201d dedi.<\/p>\n<p>Eyleme kat\u0131lan Duran \u00d6zt\u00fcrk, \u201cGer\u00e7ek gazetecileri selaml\u0131yoruz\u201d diye konu\u015ftu.<\/p>\n<p><b><strong>BURASI KAZ DA\u011eLARI<\/strong><\/b><\/p>\n<p><b><span>Cengiz\u2019in madenine kar\u015f\u0131 direnen k\u00f6yl\u00fclerden haks\u0131zl\u0131\u011fa itiraz: Topra\u011f\u0131m\u0131z\u0131 vermeyiz<\/span><\/b><\/p>\n<p><span><em><img decoding=\"async\" src=\"https:\/\/ikimisli.tr\/wp-content\/uploads\/2025\/02\/korkusuz-sozcu-muhabirlerine-destek-2-rjDnyVNg.jpg\"\/><br \/><\/em><\/span><\/p>\n<p><span><em>\u00c7anakkaleliler, S\u00d6ZC\u00dc Gazetesi\u2019yle dayan\u0131\u015fma bildirisi verdi, #S\u00f6zc\u00fcn\u00fcnYan\u0131nday\u0131z kampanyas\u0131 ba\u015flatt\u0131. Halk, \u201cCengiz\u2019in prestijini zedeleyen tek ki\u015fi Cengiz\u2019in kendisidir\u201d dedi.<\/em><\/span><\/p>\n<p><strong>Hac\u0131bekirler K\u00f6y\u00fc\u2019nde ya\u015fayanlar, \u201cGer\u00e7e\u011fi haber yapan S\u00d6ZC\u00dc\u2019n\u00fcn yan\u0131nday\u0131z\u201d deyip ekledi: Topra\u011f\u0131m\u0131z\u0131, suyumuzu savunaca\u011f\u0131z<\/strong><\/p>\n<p>\u00c7anakkale Hac\u0131bekirler K\u00f6y\u00fc\u2019nde ya\u015fayanlar, maden i\u00e7in topraklar\u0131n\u0131n kamula\u015ft\u0131r\u0131lmas\u0131 karar\u0131na kar\u015f\u0131 direni\u015fe devam ediyor. Mehmet Cengiz\u2019in \u015firketi Truva Bak\u0131r Madencilik A.\u015e. taraf\u0131ndan i\u015fletilen Halila\u011fa Bak\u0131r Madeni i\u00e7in al\u0131nan \u201ckamula\u015ft\u0131rma\u201d karar\u0131na kar\u015f\u0131 y\u00f6re halk hukuk u\u011fra\u015f\u0131 ba\u015flatt\u0131. Cengiz, bunu haberle\u015ftiren muhabirimiz Bahar Kur\u015fun\u2019a 500 bin TL\u2019lik tazminat davas\u0131 a\u00e7t\u0131.<\/p>\n<p><strong>\u2018TAHAMM\u00dcL\u00dc YOK\u2019<\/strong><\/p>\n<p>Kaz Da\u011flar\u0131 Ekoloji Platformu, Cengiz\u2019in a\u00e7t\u0131\u011f\u0131 davaya\u00a0 \u201cGer\u00e7ekleri duymaya tahamm\u00fcl\u00fc yok. Kaz Da\u011flar\u0131\u2019ndaki tek ger\u00e7ek Cengiz\u2019in katliam\u0131, hukuksuzluklar, haks\u0131zl\u0131klard\u0131r\u201d a\u00e7\u0131klamas\u0131 yapt\u0131. Topra\u011f\u0131n\u0131, suyunu, havas\u0131n\u0131 korumak i\u00e7in direnen y\u00f6re halk\u0131 ise \u201cGer\u00e7ekleri haber yapan S\u00d6ZC\u00dc\u2019n\u00fcn yan\u0131nday\u0131z\u201d bildirisi verdi, u\u011fra\u015ftan vazge\u00e7meyeceklerini s\u00f6yledi. Hac\u0131bekirler K\u00f6y\u00fc\u2019nden G\u00fclferi \u0130nan\u00e7, \u201cTopraklar\u0131m\u0131z\u0131 kamula\u015ft\u0131rmak istiyorlar. Fakat topra\u011f\u0131m\u0131z vermek istemiyoruz. Hayvanc\u0131l\u0131kla, tar\u0131mla u\u011fra\u015f\u0131yoruz. \u2018Al\u0131m g\u00fcc\u00fc t\u00fckendi\u2019 diyorlar. Biz hayvanc\u0131l\u0131k, tar\u0131m yapmazsak ne yiyip i\u00e7ecekler? Bu hayat pahal\u0131l\u0131\u011f\u0131nda a\u00e7 susuz s\u00fcr\u00fcnecek miyiz? Biz neden k\u00f6y\u00fcm\u00fczden kopal\u0131m? Bir ki\u015fi g\u00fc\u00e7l\u00fc olacak diye biz k\u00f6y\u00fcm\u00fczden kopmak istemiyoruz\u201d dedi. \u0130nan\u00e7 \u015funlar\u0131 s\u00f6yledi:<\/p>\n<p><strong>\u2018ZEH\u0130R \u0130STEM\u0130YORUZ\u2019<\/strong><\/p>\n<p>\u201cHerkes duysun, bir kar\u0131\u015f topra\u011f\u0131m\u0131z\u0131 vermek istemiyoruz. Dedelerimiz, ninelerimiz u\u011fra\u015f etmi\u015f, bu topraklar\u0131 bize b\u0131rakm\u0131\u015f. Biz bu topraklar\u0131n ekme\u011fiyle b\u00fcy\u00fcd\u00fck. Savunmak zorunday\u0131z. Cengiz de topra\u011f\u0131m\u0131z\u0131 al\u0131yorsa tar\u0131m yaps\u0131n. Biz maden istemiyoruz. Zehir istemiyoruz. Cengiz midir, Ali midir, Veli midir, oras\u0131n\u0131 bilmeyiz. Bir \u015firket geldi, ormanlar\u0131m\u0131z\u0131 kesti, biz yok olmak istemiyoruz. Biz k\u00f6y\u00fcm\u00fczde ya\u015fay\u0131p k\u00f6y\u00fcm\u00fczde \u00f6lmek istiyoruz.\u201d<\/p>\n<p><b>BURASI ANKARA<\/b><\/p>\n<p><b><span>\u0130Y\u0130 Partili \u00c7\u00f6mez, Cengiz\u2019le ilgili tezler i\u00e7in yarg\u0131ya seslendi: Mahkemeye <\/span><span>\u00e7a\u011f\u0131r\u0131n kan\u0131tlayay\u0131m<\/span><\/b><\/p>\n<p>\u0130Y\u0130 Parti K\u00fcme Ba\u015fkanvekili Turhan \u00c7\u00f6mez, Meclis tutanaklar\u0131na ge\u00e7en a\u00e7\u0131klamalar\u0131 nedeniyle Mehmet Cengiz taraf\u0131ndan muhabirimiz Deniz Ayhan\u2019a 500 bin TL\u2019lik tazminat dava a\u00e7\u0131lmas\u0131na reaksiyon g\u00f6sterdi. \u00c7\u00f6mez, Lefko\u015fa B\u00fcy\u00fckel\u00e7isi Yasin Ekrem Serim ve Cengiz Holding ile ilgili savlar\u0131n\u0131 s\u00fcrd\u00fcrd\u00fc ve \u015f\u00f6yle dedi:<\/p>\n<p>\u201cHaberin b\u00fct\u00fcn ayr\u0131nt\u0131lar\u0131n\u0131 Meclis\u2019te hayk\u0131rd\u0131m. Bilgi ve evraklar var. Cengiz \u0130n\u015faat, AKP periyodunda 240 milyar dolar ihale alm\u0131\u015f. 128 defa vergi indirimi yap\u0131lm\u0131\u015f 5 firmadan biri. Cengiz \u0130n\u015faat\u2019\u0131n \u0130ngiltere\u2019deki \u015firketinin muhasebe s\u00fcre\u00e7lerini yapan firman\u0131n adresi Serim\u2019in \u015firket adresiyle birebir. Bu \u015firketin paralar\u0131, Serim\u2019in \u015firketi \u00fczerinden Londra\u2019ya transfer edilmi\u015ftir. S\u00f6yledi\u011fim her c\u00fcmlenin gerisindeyim. Davet yap\u0131yorum. \u0130spatlar\u0131 sunmaya haz\u0131r\u0131m. Beni de mahkemeye davet edin. S\u00d6ZC\u00dc\u2019y\u00fc bu haberden \u00f6t\u00fcr\u00fc kutluyorum.\u201d<\/p>\n<p><img decoding=\"async\" src=\"https:\/\/ikimisli.tr\/wp-content\/uploads\/2025\/02\/korkusuz-sozcu-muhabirlerine-destek-3-av1NHSxO.jpg\"\/><\/p>\n<p><em>\u00c7\u00f6mez, S\u00d6ZC\u00dc\u2019y\u00fc g\u00f6sterip \u201cT\u00fcrkiye\u2019nin cesaretli, \u00f6zg\u00fcr, ba\u011f\u0131ms\u0131z ve iktidar\u0131n hegemonyas\u0131nda olmayan medyaya gereksinimi var\u201d dedi.\u00a0<\/em><\/p>\n<p><b><span>Kazda\u011f\u0131 Platformu: 4 bin ruhsat denetlenmeli<\/span><\/b><\/p>\n<p><strong>\u00c7anakkalelilerin<\/strong>, Mehmet Cengiz\u2019e ili\u015fkin Truva Bak\u0131r Madencilik A.\u015e.\u2019nin Halila\u011fa\u2019daki bak\u0131r madenine kar\u015f\u0131 u\u011fra\u015f\u0131 devam ediyor. Kazda\u011f\u0131 Do\u011fal ve K\u00fclt\u00fcrel Varl\u0131klar\u0131 M\u00fcdafaa Derne\u011fi\u2019nin, madene kar\u015f\u0131 a\u00e7t\u0131\u011f\u0131 davada mahkeme y\u00fcr\u00fctmeyi durdurma karar\u0131 vermi\u015fti. Alt\u0131n Madencileri Derne\u011fi Ba\u015fkan\u0131 Hasan Y\u00fccel, y\u00f6re halk\u0131n\u0131n sevin\u00e7le kar\u015f\u0131lad\u0131\u011f\u0131 karar\u0131 ele\u015ftirdi.<\/p>\n<p><strong>AC\u0130L KONTROL \u00c7A\u011eRISI<\/strong><\/p>\n<p>Y\u00fccel\u2019in kelamlar\u0131na reaksiyon geldi. Kazda\u011flar\u0131 Ekoloji Platformu, Kazda\u011f\u0131 Muhafaza Derne\u011fi, Kazda\u011flar\u0131 Karde\u015fli\u011fi, \u015fu a\u00e7\u0131klamay\u0131 yapt\u0131: \u201cY\u00fccel\u2019in \u2018Bu karar emsal te\u015fkil ederse yakla\u015f\u0131k 4 bin madenin kap\u0131s\u0131na kilit vurulabilir\u2019 demesi, bizi 4 bin maden m\u00fcsaade ve ruhsatlar\u0131nda usuls\u00fczl\u00fck oldu\u011fu konusunda endi\u015felendirdi. T\u00fcm madencilik m\u00fcsaade ve ruhsatlar\u0131 hemen denetlenmeli. Halila\u011fa\u2019da madencilik faaliyetleri durdurulmal\u0131. Hukuksuz ald\u0131\u011f\u0131n m\u00fcsaadeler iptal edilecek, 1 milyon a\u011fac\u0131m\u0131z\u0131 katletti\u011finle kalacaks\u0131n Cengiz! Sana bu madeni a\u00e7t\u0131rtmayaca\u011f\u0131z.\u201d<\/p>\n","protected":false},"excerpt":{"rendered":"<p>Mehmet Cengiz\u2019in projelerine kar\u015f\u0131 direnenlerin sesini duyuran muhabirlerimize halk sahip \u00e7\u0131kt\u0131. Bodrumlular, \u201cS\u00d6ZC\u00dc\u2019y\u00fc ve bizi susturamazlar, y\u0131lmayaca\u011f\u0131z\u201d dedi.<\/p>\n","protected":false},"author":1,"featured_media":13989,"comment_status":"open","ping_status":"open","sticky":false,"template":"","format":"standard","meta":{"footnotes":""},"categories":[25],"tags":[2469,635,2989,1129,2862],"class_list":["post-13988","post","type-post","status-publish","format-standard","has-post-thumbnail","hentry","category-gundem","tag-cengiz","tag-halk","tag-kaz","tag-maden","tag-sozcu"],"_links":{"self":[{"href":"https:\/\/ikimisli.tr\/index.php\/wp-json\/wp\/v2\/posts\/13988","targetHints":{"allow":["GET"]}}],"collection":[{"href":"https:\/\/ikimisli.tr\/index.php\/wp-json\/wp\/v2\/posts"}],"about":[{"href":"https:\/\/ikimisli.tr\/index.php\/wp-json\/wp\/v2\/types\/post"}],"author":[{"embeddable":true,"href":"https:\/\/ikimisli.tr\/index.php\/wp-json\/wp\/v2\/users\/1"}],"replies":[{"embeddable":true,"href":"https:\/\/ikimisli.tr\/index.php\/wp-json\/wp\/v2\/comments?post=13988"}],"version-history":[{"count":1,"href":"https:\/\/ikimisli.tr\/index.php\/wp-json\/wp\/v2\/posts\/13988\/revisions"}],"predecessor-version":[{"id":13994,"href":"https:\/\/ikimisli.tr\/index.php\/wp-json\/wp\/v2\/posts\/13988\/revisions\/13994"}],"wp:featuredmedia":[{"embeddable":true,"href":"https:\/\/ikimisli.tr\/index.php\/wp-json\/wp\/v2\/media\/13989"}],"wp:attachment":[{"href":"https:\/\/ikimisli.tr\/index.php\/wp-json\/wp\/v2\/media?parent=13988"}],"wp:term":[{"taxonomy":"category","embeddable":true,"href":"https:\/\/ikimisli.tr\/index.php\/wp-json\/wp\/v2\/categories?post=13988"},{"taxonomy":"post_tag","embeddable":true,"href":"https:\/\/ikimisli.tr\/index.php\/wp-json\/wp\/v2\/tags?post=13988"}],"curies":[{"name":"wp","href":"https:\/\/api.w.org\/{rel}","templated":true}]}}