{"id":14195,"date":"2025-02-25T03:12:07","date_gmt":"2025-02-25T03:12:07","guid":{"rendered":"https:\/\/ikimisli.tr\/?p=14195"},"modified":"2025-02-25T03:12:07","modified_gmt":"2025-02-25T03:12:07","slug":"dunyanin-rengindeki-rahatsiz-edici-degisim-o-artik-mavi-gezegen-degil-iste-yeni-rengi","status":"publish","type":"post","link":"https:\/\/ikimisli.tr\/index.php\/2025\/02\/25\/dunyanin-rengindeki-rahatsiz-edici-degisim-o-artik-mavi-gezegen-degil-iste-yeni-rengi\/","title":{"rendered":"D\u00fcnyan\u0131n rengindeki rahats\u0131z edici de\u011fi\u015fim: O art\u0131k mavi gezegen de\u011fil! \u0130\u015fte yeni rengi"},"content":{"rendered":"<p>Bitki \u00f6rt\u00fcs\u00fcndeki art\u0131\u015f ve \u00f6trofikasyonun tesiriyle D\u00fcnya&#8217;n\u0131n okyanuslar\u0131n\u0131n rengindeki de\u011fi\u015fim, bilim insanlar\u0131n\u0131 gezegenin do\u011fal istikrar\u0131na muhtemel sonu\u00e7lar konusunda uyar\u0131yor.<\/p>\n<p>2000 y\u0131l\u0131ndan bu yana, D\u00fcnya&#8217;daki buzsuz topraklar\u0131n %85&#8217;inden fazlas\u0131 bitki \u00f6rt\u00fcs\u00fcyle kaplan\u0131rken, okyanuslar\u0131n %56&#8217;s\u0131 da ye\u015fillik belirtileri g\u00f6steriyor. Bu olgunun \u00fc\u00e7 ana nedeni ortas\u0131nda artan karbondioksit d\u00fczeyleri, y\u00fcksek s\u0131cakl\u0131klar ve \u00e7ok g\u00fcbre kullan\u0131m\u0131 yer al\u0131yor.<\/p>\n<div>\n<p>Karbondioksit, bitki b\u00fcy\u00fcmesini te\u015fvik etse de, bu durum ekosistem dengesizliklerine ve \u00f6trofikasyona yol a\u00e7abiliyor. S\u0131cakl\u0131k art\u0131\u015f\u0131 ise bitki \u00f6rt\u00fcs\u00fcn\u00fcn yay\u0131lmas\u0131n\u0131 h\u0131zland\u0131r\u0131rken, \u00e7ok g\u00fcbre kullan\u0131m\u0131 su kaynaklar\u0131n\u0131 kirleterek okyanuslarda ye\u015fillik olu\u015fumunu art\u0131r\u0131yor. Bu fakt\u00f6rlerin birle\u015fimi, do\u011fal istikrar\u0131n bozulmas\u0131na ve \u00e7evresel tehditlerin artmas\u0131na neden olabiliyor.<\/p>\n<\/p><\/div>\n<p><b>1. Karbondioksit art\u0131\u015f\u0131<\/b><\/p>\n<p>Atmosferdeki karbondioksit d\u00fczeyleri, 1880&#8217;den bu yana %50 oran\u0131nda art\u0131\u015f g\u00f6sterdi. Bu art\u0131\u015f, bitkiler i\u00e7in bir t\u0131p g\u00fcbre tesiri yaratarak onlar\u0131n karbonu daha verimli bir bi\u00e7imde emmesini sa\u011fl\u0131yor ve bu da bitkilerin daha s\u00fcratli b\u00fcy\u00fcmelerine imkan tan\u0131yor. Fakat, bu durum k\u0131sa vadede bitki \u00f6rt\u00fcs\u00fcn\u00fcn artmas\u0131na yol a\u00e7sa da, uzun vadede ekosistemlerde dengesizliklere ve \u00e7evresel tehditlere neden olabilir. Bilim insanlar\u0131, artan karbondioksit d\u00fczeylerinin, biyolojik \u00e7e\u015fitlili\u011fi ve do\u011fal dengeyi olumsuz tarafta etkileyebilece\u011fi konusunda uyar\u0131yor.<\/p>\n<p><b>2. \u0130klim de\u011fi\u015fikli\u011fi<\/b><\/p>\n<p>K\u00fcresel s\u0131cakl\u0131klar\u0131n 1,5 derece artmas\u0131, ya\u011f\u0131\u015flardaki hafif bir art\u0131\u015fla birle\u015ferek bitki \u00f6rt\u00fcs\u00fcn\u00fcn geli\u015fimini destekliyor. Bu s\u0131cakl\u0131k ve iklim de\u011fi\u015fiklikleri, bitkilerin yeni \u015fartlara ahenk sa\u011flamas\u0131n\u0131 kolayla\u015ft\u0131rarak, daha evvel geli\u015femedi\u011fi alanlarda kolonile\u015fmelerine imkan tan\u0131yor. Bitkiler, de\u011fi\u015fen iklim \u015fartlar\u0131na adaptasyon g\u00f6stererek, yeni b\u00f6lgelerde yay\u0131lmaya ba\u015fl\u0131yor. Fakat, bu s\u00fcre\u00e7 t\u0131pk\u0131 vakitte ekosistemlerin istikrar\u0131n\u0131 bozarak, biyolojik \u00e7e\u015fitlili\u011fi ve do\u011fal \u00f6m\u00fcr alanlar\u0131n\u0131 tehdit edebilir.<\/p>\n<p><b>3. G\u00fcbre kullan\u0131m\u0131<\/b><\/p>\n<p>Ge\u00e7ti\u011fimiz y\u00fczy\u0131lda tar\u0131m, b\u00fcy\u00fck \u00f6l\u00e7\u00fcde kimyasal g\u00fcbrelerin a\u011f\u0131r kullan\u0131m\u0131na dayan\u0131yordu. Bu uygulama, tar\u0131m verimlili\u011fini art\u0131rarak hasatlar\u0131 iyile\u015ftirse de, bir yandan besin hususlar\u0131n\u0131n \u0131rmaklara ve okyanuslara s\u0131zmas\u0131na yol a\u00e7arak \u00f6trofikasyonun ve \u00e7ok alg b\u00fcy\u00fcmesinin \u00f6n\u00fcn\u00fc a\u00e7t\u0131. Kimyasal g\u00fcbrelerin su kaynaklar\u0131na kar\u0131\u015fmas\u0131, su kirlili\u011fine ve ekosistemlerdeki dengesizliklere neden olarak, bilhassa sucul hayat\u0131 tehdit eden \u00e7evresel problemleri beraberinde getirdi. Bu durum, tar\u0131m\u0131n etraf \u00fczerindeki uzun vadeli tesirlerini g\u00f6zler \u00f6n\u00fcne seriyor<\/p>\n<p><b>\u00d6trofikasyon: Ye\u015filli\u011fin karanl\u0131k taraf\u0131<\/b><\/p>\n<p>\u00d6trofikasyon, sudaki fazla besin hususlar\u0131n\u0131n, alg \u00fczere organizmalar\u0131n denetimsiz bir formda b\u00fcy\u00fcmesini te\u015fvik etti\u011fi bir s\u00fcre\u00e7tir. Bu olay, yaln\u0131zca su ekosistemlerini de\u011fil, birebir vakitte su kalitesini de olumsuz istikamette tesirler. Besin unsurlar\u0131n\u0131n fazla birikmesi, alglerin \u00e7ok \u00e7o\u011falmas\u0131na yol a\u00e7arak suyun oksijen d\u00fczeylerini d\u00fc\u015f\u00fcr\u00fcr. Bu durum, okyanuslarda &#8220;\u00f6l\u00fc b\u00f6lgeler&#8221; ismi verilen, deniz hayat\u0131n\u0131n hayatta kalamayaca\u011f\u0131 alanlar\u0131n olu\u015fmas\u0131na neden olur. Bu meyyit b\u00f6lgeler, deniz ekosistemlerini tahrip ederek, biyolojik \u00e7e\u015fitlili\u011fin azalmas\u0131na yol a\u00e7ar.<\/p>\n<p><b>Ye\u015fillendirmenin uzun vadedeki tesiri \u00e7evresel meseleleri \u015fiddetlendirebilir<\/b><\/p>\n<p>Ye\u015fillendirme, k\u0131sa vadede \u00e7evresel yararlar sa\u011fl\u0131yor \u00fczere g\u00f6r\u00fcnse de, bilim insanlar\u0131 bunun uzun vadeli olumsuz tesirleri konusunda uyar\u0131yor. Bu s\u00fcre\u00e7, ekosistemleri istikrars\u0131zla\u015ft\u0131rabilir, do\u011fal d\u00f6ng\u00fcleri de\u011fi\u015ftirebilir ve global \u0131s\u0131nma \u00fczere \u00e7evresel problemleri daha da \u015fiddetlendirebilir. Artan bitki \u00f6rt\u00fcs\u00fc, karbon emilimini art\u0131rarak lokal seviyede iyile\u015fmelere yol a\u00e7sa da, bu de\u011fi\u015fiklikler ekosistem istikrarlar\u0131n\u0131 bozarak, etraf \u00fczerindeki bask\u0131lar\u0131 daha karma\u015f\u0131k hale getirebilir. Uzmanlar, bu t\u0131p m\u00fcdahalelerin dikkatli bir halde y\u00f6netilmesi gerekti\u011fini vurguluyor.<\/p>\n<p>D\u00fcnyan\u0131n renk d\u00f6n\u00fc\u015f\u00fcm\u00fc, \u00e7evresel de\u011fi\u015fikliklerin her vakit olumlu sonu\u00e7lar do\u011furmad\u0131\u011f\u0131n\u0131 g\u00f6steren k\u0131ymetli bir hat\u0131rlat\u0131c\u0131d\u0131r. Bu de\u011fi\u015fimlerin geli\u015fimini dikkatle izlemek ve ger\u00e7ek tedbirleri almak, muhtemel olumsuz tesirlerini gelecekte en aza indirmek i\u00e7in kritik bir de\u011fer ta\u015f\u0131r. Bilim insanlar\u0131, bu t\u0131p de\u011fi\u015fikliklerin ekosistemler \u00fczerinde yaratabilece\u011fi tahribatlar\u0131 anlamak ve bunlara kar\u015f\u0131 \u00f6nleyici ad\u0131mlar atmak gerekti\u011fini vurguluyor. S\u0131rf mevcut meselelere odaklanmak yerine, uzun vadeli tesirler de g\u00f6z \u00f6n\u00fcnde bulundurulmal\u0131d\u0131r.<\/p>\n","protected":false},"excerpt":{"rendered":"<p>Yak\u0131n vakitte yap\u0131lan bir ara\u015ft\u0131rma, D\u00fcnya&#8217;n\u0131n &#8220;Mavi Gezegen&#8221; olarak bilinen okyanuslar\u0131n\u0131n, iklim de\u011fi\u015fikli\u011fi nedeniyle tasa verici bir bi\u00e7imde ye\u015file d\u00f6nd\u00fc\u011f\u00fcn\u00fc ortaya koydu.<\/p>\n","protected":false},"author":1,"featured_media":14196,"comment_status":"open","ping_status":"open","sticky":false,"template":"","format":"standard","meta":{"footnotes":""},"categories":[31],"tags":[2004,3011,2033,1342,500],"class_list":["post-14195","post","type-post","status-publish","format-standard","has-post-thumbnail","hentry","category-teknoloji","tag-bitki","tag-cevresel","tag-ekosistem","tag-gubre","tag-yol"],"_links":{"self":[{"href":"https:\/\/ikimisli.tr\/index.php\/wp-json\/wp\/v2\/posts\/14195","targetHints":{"allow":["GET"]}}],"collection":[{"href":"https:\/\/ikimisli.tr\/index.php\/wp-json\/wp\/v2\/posts"}],"about":[{"href":"https:\/\/ikimisli.tr\/index.php\/wp-json\/wp\/v2\/types\/post"}],"author":[{"embeddable":true,"href":"https:\/\/ikimisli.tr\/index.php\/wp-json\/wp\/v2\/users\/1"}],"replies":[{"embeddable":true,"href":"https:\/\/ikimisli.tr\/index.php\/wp-json\/wp\/v2\/comments?post=14195"}],"version-history":[{"count":1,"href":"https:\/\/ikimisli.tr\/index.php\/wp-json\/wp\/v2\/posts\/14195\/revisions"}],"predecessor-version":[{"id":14197,"href":"https:\/\/ikimisli.tr\/index.php\/wp-json\/wp\/v2\/posts\/14195\/revisions\/14197"}],"wp:featuredmedia":[{"embeddable":true,"href":"https:\/\/ikimisli.tr\/index.php\/wp-json\/wp\/v2\/media\/14196"}],"wp:attachment":[{"href":"https:\/\/ikimisli.tr\/index.php\/wp-json\/wp\/v2\/media?parent=14195"}],"wp:term":[{"taxonomy":"category","embeddable":true,"href":"https:\/\/ikimisli.tr\/index.php\/wp-json\/wp\/v2\/categories?post=14195"},{"taxonomy":"post_tag","embeddable":true,"href":"https:\/\/ikimisli.tr\/index.php\/wp-json\/wp\/v2\/tags?post=14195"}],"curies":[{"name":"wp","href":"https:\/\/api.w.org\/{rel}","templated":true}]}}