{"id":14469,"date":"2025-02-25T21:48:05","date_gmt":"2025-02-25T21:48:05","guid":{"rendered":"https:\/\/ikimisli.tr\/?p=14469"},"modified":"2025-02-25T21:48:05","modified_gmt":"2025-02-25T21:48:05","slug":"bakan-uraloglu-acikladi-yerli-uretim-sarti-getirildi","status":"publish","type":"post","link":"https:\/\/ikimisli.tr\/index.php\/2025\/02\/25\/bakan-uraloglu-acikladi-yerli-uretim-sarti-getirildi\/","title":{"rendered":"Bakan Uralo\u011flu a\u00e7\u0131klad\u0131: &#8216;Yerli \u00fcretim \u015fart\u0131&#8217; getirildi"},"content":{"rendered":"<p>Bakan Uralo\u011flu, yaz\u0131l\u0131 a\u00e7\u0131klamas\u0131nda, payla\u015f\u0131ml\u0131 elektrikli skuter kullan\u0131m\u0131 s\u0131ras\u0131nda ya\u015fanan teredd\u00fctler, meseleler ve bunlar\u0131n etrafa olumsuz tesirlerini en aza indirmek hedefiyle mevzuyla ilgili y\u00f6netmeli\u011fin 2021&#8217;de y\u00fcr\u00fcrl\u00fc\u011fe girdi\u011fini bildirdi.<\/p>\n<p>Uralo\u011flu, &#8220;Kullan\u0131lan eserlerin belli bir standartta olmas\u0131 ismine i\u015fletmecilerce hizmete sunulan elektrikli skuterlerin y\u00fczde 30&#8217;u yerli \u00fcretim yap\u0131lan yerlerden temin edilecek.&#8221; s\u00f6z\u00fcn\u00fc kulland\u0131.<\/p>\n<p>Ortaya \u00e7\u0131kan muhta\u00e7l\u0131klar nedeniyle y\u00fcr\u00fcrl\u00fckte bulunan y\u00f6netmelikte de\u011ferli de\u011fi\u015fiklikler yap\u0131laca\u011f\u0131n\u0131 kaydeden Uralo\u011flu, d\u00fczenlemenin elektrikli skuterlerin suratlar\u0131n\u0131n otomatik olarak d\u00fc\u015f\u00fcr\u00fclmesinden yerlilik kural\u0131na kadar geni\u015f bir bahis yelpazesini kapsad\u0131\u011f\u0131n\u0131 aktard\u0131.<\/p>\n<p>Uralo\u011flu, kelam konusu d\u00fczenlemenin b\u00f6l\u00fcme y\u00f6nelik m\u00fc\u015fahedeler ve muhta\u00e7l\u0131klar\u0131 g\u00f6z \u00f6n\u00fcne alarak haz\u0131rland\u0131\u011f\u0131na i\u015faret ederek, \u015fu de\u011ferlendirmede bulundu:<\/p>\n<p>&#8220;Yapaca\u011f\u0131m\u0131z d\u00fczenlemeyle i\u015fletmelere, Ula\u015ft\u0131rma ve Altyap\u0131 Bakanl\u0131\u011f\u0131na ili\u015fkin nakliyat bilgi taban\u0131na kaydedilen elektrikli skuter faaliyetlerinden elde edilen kullan\u0131m datalar\u0131n\u0131 kolluk kuvvetleri ve belediyeler ile payla\u015fma mecburili\u011fi getirece\u011fiz. Bu sayede kontrolleri s\u0131kla\u015ft\u0131rarak s\u00fcr\u00fc\u015f g\u00fcvenli\u011fini art\u0131raca\u011f\u0131z.&#8221;<\/p>\n<p><b>&#8220;YASAKLI B\u00d6LGELERE G\u0130R\u0130\u015e\u0130N \u00d6N\u00dc ENGELELNECEK&#8221;<\/b><\/p>\n<p>Y\u00f6netmelik de\u011fi\u015fikli\u011fi kapsam\u0131nda trafik tertibi ve g\u00fcvenli\u011fini sa\u011flaman\u0131n yan\u0131 s\u0131ra s\u00fcrat limitlerine uyulmas\u0131 ismine da de\u011ferli de\u011fi\u015fiklikler yapacaklar\u0131na dikkati \u00e7eken Uralo\u011flu, \u015funlar\u0131 kaydetti:<\/p>\n<p>&#8220;Elektrikli skuterlerin yasakl\u0131 b\u00f6lgelere giri\u015finin \u00f6n\u00fcne ge\u00e7ece\u011fiz. Bilhassa s\u00fcrat hududunun y\u00fcksek oldu\u011fu yollara giren elektrikli skuterler tespit edilecek ve i\u015fletmeciler taraf\u0131ndan kullan\u0131c\u0131lara ikaz gidecek. \u0130\u015fletmeciler girmesi yasak olan b\u00f6lgelere giren elektrikli skuterlerin suratlar\u0131n\u0131 otomatik olarak d\u00fc\u015f\u00fcrecek. S\u00fcrat limitleriyle ilgili gerekli \u00f6nlemleri almayan i\u015fletmecilere 6 bin 923 lira idari para cezas\u0131 verilecek.<\/p>\n<p>Elektrikli skuter i\u015fletmelerinin davet merkezlerine ve ta\u015f\u0131nabilir uygulamalar\u0131na iletilen \u015fikayetlerin en k\u0131sa m\u00fcddette \u00e7\u00f6z\u00fclmesi sa\u011flanacak. Kullan\u0131c\u0131lara g\u00fcvenlik y\u00fck\u00fcml\u00fcl\u00fckleriyle ilgili bilgi verilecek. \u0130\u015fletmeler \u015farj d\u00fczeyi durumunu, gidilebilecek iddias\u0131 uzakl\u0131klar\u0131 ve anl\u0131k fiyat bilgisini anl\u0131k olarak bildirecek. Kullan\u0131c\u0131ya y\u00f6nlendirme maksad\u0131yla harita hizmeti sunulacak.&#8221;<\/p>\n<p>Uralo\u011flu, d\u00fczenleme sonras\u0131 elektrikli skuterlerin devrilme yahut kazalar\u0131n\u0131n i\u015fletmeci firmalarca kay\u0131t alt\u0131na al\u0131naca\u011f\u0131n\u0131n, kaza ve \u015fikayet bilgilerinin ayl\u0131k d\u00f6nemlerle Bakanl\u0131k data taban\u0131na kaydedilece\u011finin alt\u0131n\u0131 \u00e7izdi.<\/p>\n<p><b>&#8220;Y\u00dcZDE 30&#8217;A UYMAYANLARIN FAAL\u0130YET M\u00dcSAADES\u0130 DURDURULACAK&#8221;<\/b><\/p>\n<p>Hizmette bulunan elektrikli skuterlerin en az y\u00fczde 20 \u015farj d\u00fczeyine sahip olmas\u0131n\u0131n zarur\u00ee olaca\u011f\u0131na i\u015faret eden Uralo\u011flu, teredd\u00fctlerin giderilmesi maksad\u0131yla belediyeler taraf\u0131ndan verilen elektrikli skuter m\u00fcsaadelerine ait kararlarda, varsa park ve \u015farj istasyonlar\u0131n\u0131n da belirtilece\u011fini kaydetti.<\/p>\n<p>Uralo\u011flu, &#8220;Kullan\u0131lan eserlerin belli bir standartta olmas\u0131 ismine i\u015fletmecilerce hizmete sunulan elektrikli skuterlerin y\u00fczde 30&#8217;u yerli \u00fcretim yap\u0131lan yerlerden temin edilecek. Y\u00fczde 30 yerlilik ko\u015fuluna uymayan firmalar\u0131n faaliyetleri durdurulacak.&#8221; tabirine yer verdi.<\/p>\n","protected":false},"excerpt":{"rendered":"<p>Ula\u015ft\u0131rma ve Altyap\u0131 Bakan\u0131 Abdulkadir Uralo\u011flu, Elektrikli Skuter Y\u00f6netmeli\u011fi&#8217;nde d\u00fczenleme yap\u0131laca\u011f\u0131n\u0131 belirtti.<\/p>\n","protected":false},"author":1,"featured_media":14470,"comment_status":"open","ping_status":"open","sticky":false,"template":"","format":"standard","meta":{"footnotes":""},"categories":[24],"tags":[3054,1062,3053,186,1001],"class_list":["post-14469","post","type-post","status-publish","format-standard","has-post-thumbnail","hentry","category-ekonomi","tag-elektrikli-skuter","tag-hiz","tag-isletmeciler","tag-uraloglu","tag-veri"],"_links":{"self":[{"href":"https:\/\/ikimisli.tr\/index.php\/wp-json\/wp\/v2\/posts\/14469","targetHints":{"allow":["GET"]}}],"collection":[{"href":"https:\/\/ikimisli.tr\/index.php\/wp-json\/wp\/v2\/posts"}],"about":[{"href":"https:\/\/ikimisli.tr\/index.php\/wp-json\/wp\/v2\/types\/post"}],"author":[{"embeddable":true,"href":"https:\/\/ikimisli.tr\/index.php\/wp-json\/wp\/v2\/users\/1"}],"replies":[{"embeddable":true,"href":"https:\/\/ikimisli.tr\/index.php\/wp-json\/wp\/v2\/comments?post=14469"}],"version-history":[{"count":1,"href":"https:\/\/ikimisli.tr\/index.php\/wp-json\/wp\/v2\/posts\/14469\/revisions"}],"predecessor-version":[{"id":14471,"href":"https:\/\/ikimisli.tr\/index.php\/wp-json\/wp\/v2\/posts\/14469\/revisions\/14471"}],"wp:featuredmedia":[{"embeddable":true,"href":"https:\/\/ikimisli.tr\/index.php\/wp-json\/wp\/v2\/media\/14470"}],"wp:attachment":[{"href":"https:\/\/ikimisli.tr\/index.php\/wp-json\/wp\/v2\/media?parent=14469"}],"wp:term":[{"taxonomy":"category","embeddable":true,"href":"https:\/\/ikimisli.tr\/index.php\/wp-json\/wp\/v2\/categories?post=14469"},{"taxonomy":"post_tag","embeddable":true,"href":"https:\/\/ikimisli.tr\/index.php\/wp-json\/wp\/v2\/tags?post=14469"}],"curies":[{"name":"wp","href":"https:\/\/api.w.org\/{rel}","templated":true}]}}