{"id":14472,"date":"2025-02-25T22:00:07","date_gmt":"2025-02-25T22:00:07","guid":{"rendered":"https:\/\/ikimisli.tr\/?p=14472"},"modified":"2025-02-25T22:00:07","modified_gmt":"2025-02-25T22:00:07","slug":"1-dakikalik-bas-agrisi-hayatini-degistirdi","status":"publish","type":"post","link":"https:\/\/ikimisli.tr\/index.php\/2025\/02\/25\/1-dakikalik-bas-agrisi-hayatini-degistirdi\/","title":{"rendered":"1 dakikal\u0131k ba\u015f a\u011fr\u0131s\u0131 hayat\u0131n\u0131 de\u011fi\u015ftirdi"},"content":{"rendered":"<p>21 ya\u015f\u0131nda, gen\u00e7 ve formda olan bayan, s\u0131radan bir g\u00fcn ya\u015f\u0131yordu. Arkada\u015flar\u0131yla ho\u015f bir \u00f6\u011flen yeme\u011finin akabinde konuta d\u00f6nerken bir anda a\u011f\u0131r bir ba\u015f a\u011fr\u0131s\u0131 ge\u00e7irdi. Sadece 60 saniye s\u00fcren bu ba\u015f a\u011fr\u0131s\u0131, gen\u00e7 bayan\u0131n hayat\u0131n\u0131n b\u00fcsb\u00fct\u00fcn de\u011fi\u015fmesine sebep oldu.<\/p>\n<p>Ba\u015f a\u011fr\u0131s\u0131yla hayat\u0131 de\u011fi\u015fen Tina Holt, o anlar\u0131 \u015f\u00f6yle anlat\u0131yor: &#8220;K\u0131sa vadeli bir ba\u015f a\u011fr\u0131s\u0131 ya\u015fad\u0131m, s\u0131rf bir dakikayd\u0131. Oturup telefonumun ekran\u0131n\u0131 kayd\u0131rmaya \u00e7al\u0131\u015ft\u0131m ancak yapamad\u0131\u011f\u0131m\u0131 fark ettim.&#8221;<\/p>\n<p>Yan\u0131nda bulunan ve kendisi \u00fczere sa\u011fl\u0131k\u00e7\u0131 olan arkada\u015f\u0131 da an\u0131nda Tina&#8217;daki garipli\u011fi fark etti. Arkada\u015f\u0131 Tina&#8217;dan g\u00fcl\u00fcmsemesini istese de Tina, y\u00fcz\u00fcn\u00fc hareket ettiremedi. Aya\u011fa kalkmay\u0131 denedi\u011finde ise iki ad\u0131m\u0131 tamamlayamadan yere y\u0131\u011f\u0131l\u0131verdi.<br \/>Tina, o anlar\u0131 &#8220;Yerde yatarken kusmaya ba\u015flad\u0131m. \u015euurum yerindeydi fakat hi\u00e7bir \u015fey yapam\u0131yordum&#8221; diye anlatt\u0131. Sa\u011fl\u0131k\u00e7\u0131 arkada\u015f\u0131 derhal ailesini aray\u0131p ambulans \u00e7a\u011f\u0131rd\u0131. Sa\u011fl\u0131k\u00e7\u0131lar, birinci ba\u015fta Tina&#8217;n\u0131n rastgele bir ila\u00e7 t\u00fcrevi ald\u0131\u011f\u0131ndan \u015f\u00fcphelense de durum s\u00fcratle berbatla\u015ft\u0131. Ambulansla hastaneye giderken ise \u015fuurunu b\u00fcsb\u00fct\u00fcn kaybetti.<\/p>\n<p><img decoding=\"async\" src=\"https:\/\/ikimisli.tr\/wp-content\/uploads\/2025\/02\/1-dakikalik-bas-agrisi-hayatini-degistirdi-0-zbE17aOj.jpg\"\/><\/p>\n<p><b>YED\u0130 AY BOYUNCA HASTANEDE KALDI<\/b><\/p>\n<p>Hastanede yap\u0131lan beyin taramas\u0131, Tina&#8217;n\u0131n \u00f6nemli bir beyin kanamas\u0131 ge\u00e7irdi\u011fini ortaya \u00e7\u0131kard\u0131. Tina, acil olarak a\u011f\u0131r bak\u0131ma kald\u0131r\u0131ld\u0131 ve ailesine hayatta kalma talihinin \u00e7ok d\u00fc\u015f\u00fck oldu\u011fu, hayatta kalsa bile kal\u0131c\u0131 beyin hasar\u0131yla ya\u015fayaca\u011f\u0131 s\u00f6ylendi.<br \/>Be\u015f g\u00fcn boyunca \u015fuuru kapal\u0131 kalan Tina, a\u011f\u0131r bak\u0131mda on g\u00fcn ge\u00e7irdi ve toplamda yedi ay boyunca hastanede kald\u0131. Beyin sap\u0131ndaki kanama \u00e7ok \u00f6nemli oldu\u011fu i\u00e7in ameliyat edilemeyen Tina&#8217;ya, hayat\u0131n\u0131 kurtarmak i\u00e7in omurilik s\u0131v\u0131s\u0131 bo\u015faltan bir dren tak\u0131ld\u0131. \u00dc\u00e7 aydan uzun bir m\u00fcddet beslenme t\u00fcp\u00fcne ba\u011fl\u0131 kalan gen\u00e7 bayan, y\u0131llar i\u00e7inde y\u00fcz sonu ve kas transferleri, talamotomi ve sol g\u00f6z\u00fcnde birka\u00e7 operasyon olmak \u00fczere bir dizi ameliyat ge\u00e7irdi.<\/p>\n<p><b>YALNIZCA YA\u015eLILARIN BA\u015eINA GELM\u0130YOR<\/b><\/p>\n<p>Tina, inmenin sadece ya\u015fl\u0131larda g\u00f6r\u00fcld\u00fc\u011f\u00fcne dair yanl\u0131\u015f bir alg\u0131n\u0131n oldu\u011funu belirtiyor: &#8220;Ben gen\u00e7 ve sa\u011fl\u0131kl\u0131kl\u0131 biri olmama kar\u015f\u0131n inme ge\u00e7irdim. \u0130nme, kimseyi ay\u0131rt etmez. \u0130nme belirtilerini tan\u0131mak ve s\u00fcratli hareket etmek hayati de\u011fer ta\u015f\u0131r. Her dakika tedavi edilmeden ge\u00e7en bir inmede yakla\u015f\u0131k 2 milyon beyin h\u00fccresi \u00f6l\u00fcr.&#8221;<\/p>\n<p>Bug\u00fcn Tina eski mesle\u011fine geri d\u00f6nemese de hayat\u0131nda yeni tutkular ke\u015ffederek faal bir hayat s\u00fcrd\u00fcrmeye odaklan\u0131yor: &#8220;Kay\u0131plar\u0131ma \u00fcz\u00fclsem de yeni tutkular ke\u015ffetmek heyecan verici. Y\u00fczde 100 iyile\u015fememi\u015f olabilirim lakin elimden gelenin en g\u00fczelini yaparak ilerlemeye \u00e7al\u0131\u015f\u0131yorum.&#8221;<\/p>\n","protected":false},"excerpt":{"rendered":"<p>21 ya\u015f\u0131nda gen\u00e7 ve sa\u011fl\u0131kl\u0131 bir s\u0131hhat \u00e7al\u0131\u015fan\u0131 olan bayan, arkada\u015flar\u0131yla \u00f6\u011flen yeme\u011fi sonras\u0131 meskene d\u00f6nerken bir anda a\u011f\u0131r bir ba\u015f a\u011fr\u0131s\u0131yla sars\u0131ld\u0131. Yaln\u0131zca 1 dakika s\u00fcren bu ba\u015f a\u011fr\u0131s\u0131n\u0131n akabinde hayat\u0131 b\u00fcsb\u00fct\u00fcn de\u011fi\u015fti.<\/p>\n","protected":false},"author":1,"featured_media":14473,"comment_status":"open","ping_status":"open","sticky":false,"template":"","format":"standard","meta":{"footnotes":""},"categories":[43],"tags":[497,662,3057,3056,3055],"class_list":["post-14472","post","type-post","status-publish","format-standard","has-post-thumbnail","hentry","category-dunya","tag-bas","tag-beyin","tag-gecirdi","tag-inme","tag-tina"],"_links":{"self":[{"href":"https:\/\/ikimisli.tr\/index.php\/wp-json\/wp\/v2\/posts\/14472","targetHints":{"allow":["GET"]}}],"collection":[{"href":"https:\/\/ikimisli.tr\/index.php\/wp-json\/wp\/v2\/posts"}],"about":[{"href":"https:\/\/ikimisli.tr\/index.php\/wp-json\/wp\/v2\/types\/post"}],"author":[{"embeddable":true,"href":"https:\/\/ikimisli.tr\/index.php\/wp-json\/wp\/v2\/users\/1"}],"replies":[{"embeddable":true,"href":"https:\/\/ikimisli.tr\/index.php\/wp-json\/wp\/v2\/comments?post=14472"}],"version-history":[{"count":1,"href":"https:\/\/ikimisli.tr\/index.php\/wp-json\/wp\/v2\/posts\/14472\/revisions"}],"predecessor-version":[{"id":14475,"href":"https:\/\/ikimisli.tr\/index.php\/wp-json\/wp\/v2\/posts\/14472\/revisions\/14475"}],"wp:featuredmedia":[{"embeddable":true,"href":"https:\/\/ikimisli.tr\/index.php\/wp-json\/wp\/v2\/media\/14473"}],"wp:attachment":[{"href":"https:\/\/ikimisli.tr\/index.php\/wp-json\/wp\/v2\/media?parent=14472"}],"wp:term":[{"taxonomy":"category","embeddable":true,"href":"https:\/\/ikimisli.tr\/index.php\/wp-json\/wp\/v2\/categories?post=14472"},{"taxonomy":"post_tag","embeddable":true,"href":"https:\/\/ikimisli.tr\/index.php\/wp-json\/wp\/v2\/tags?post=14472"}],"curies":[{"name":"wp","href":"https:\/\/api.w.org\/{rel}","templated":true}]}}