{"id":14510,"date":"2025-02-26T00:48:07","date_gmt":"2025-02-26T00:48:07","guid":{"rendered":"https:\/\/ikimisli.tr\/?p=14510"},"modified":"2025-02-26T00:48:07","modified_gmt":"2025-02-26T00:48:07","slug":"imamoglu-ve-ozel-az-sonra-konusacak-canli-yayinlayacagiz","status":"publish","type":"post","link":"https:\/\/ikimisli.tr\/index.php\/2025\/02\/26\/imamoglu-ve-ozel-az-sonra-konusacak-canli-yayinlayacagiz\/","title":{"rendered":"\u0130mamo\u011flu ve \u00d6zel az sonra konu\u015facak: Canl\u0131 yay\u0131nlayaca\u011f\u0131z"},"content":{"rendered":"<div>\n<div>\n<div>\n<div>\n<div>\n<div>\n<div>\n<p>\u0130stanbul Cumhuriyet Ba\u015fsavc\u0131l\u0131\u011f\u0131, \u0130BB Ba\u015fkan\u0131 Ekrem \u0130mamo\u011flu&#8217;na; Modern Hukuk ve Yarg\u0131n\u0131n Siyasalla\u015fmas\u0131 Paneli&#8217;nde yapt\u0131\u011f\u0131 a\u00e7\u0131klamalarda \u0130stanbul Cumhuriyet Ba\u015fsavc\u0131s\u0131 Ak\u0131n G\u00fcrlek ve ailesine y\u00f6nelik kulland\u0131\u011f\u0131 s\u00f6zler nedeniyle &#8216;Tehdit&#8217; ve &#8216;Ter\u00f6rle Gayrette Vazife Alan \u015eah\u0131slar\u0131 Ama\u00e7 G\u00f6sterme&#8217; hatalar\u0131ndan soru\u015fturma ba\u015flatt\u0131.<\/p>\n<p>\u0130mamo\u011flu ve \u00d6zel&#8217;in \u00c7a\u011fda\u015f Hukuk ve Yarg\u0131n\u0131n Siyasalla\u015fmas\u0131 Paneli sonras\u0131nda birlikte a\u00e7\u0131klama yapmalar\u0131 bekleniyor.\u00a0<\/p>\n<p>\u00a0<\/p>\n<p>\u00a0<\/p>\n<\/p><\/div>\n<\/p><\/div>\n<\/p><\/div>\n<\/p><\/div>\n<\/p><\/div>\n<\/p><\/div>\n<\/p><\/div>\n<div>\n<div>\n<div>\u00a0<\/div>\n<\/p><\/div>\n<\/p><\/div>\n","protected":false},"excerpt":{"rendered":"<p>\u0130BB Ba\u015fkan\u0131 Ekrem \u0130mamo\u011flu hakk\u0131nda, \u0130stanbul Cumhuriyet Ba\u015fsavc\u0131s\u0131 Ak\u0131n G\u00fcrlek&#8217;le ilgili s\u00f6zleri nedeniyle soru\u015fturma ba\u015flat\u0131ld\u0131. \u0130mamo\u011flu ve \u00d6zel&#8217;in birlikte a\u00e7\u0131klama yapmalar\u0131 bekleniyor.<\/p>\n","protected":false},"author":1,"featured_media":14511,"comment_status":"open","ping_status":"open","sticky":false,"template":"","format":"standard","meta":{"footnotes":""},"categories":[25],"tags":[],"class_list":["post-14510","post","type-post","status-publish","format-standard","has-post-thumbnail","hentry","category-gundem"],"_links":{"self":[{"href":"https:\/\/ikimisli.tr\/index.php\/wp-json\/wp\/v2\/posts\/14510","targetHints":{"allow":["GET"]}}],"collection":[{"href":"https:\/\/ikimisli.tr\/index.php\/wp-json\/wp\/v2\/posts"}],"about":[{"href":"https:\/\/ikimisli.tr\/index.php\/wp-json\/wp\/v2\/types\/post"}],"author":[{"embeddable":true,"href":"https:\/\/ikimisli.tr\/index.php\/wp-json\/wp\/v2\/users\/1"}],"replies":[{"embeddable":true,"href":"https:\/\/ikimisli.tr\/index.php\/wp-json\/wp\/v2\/comments?post=14510"}],"version-history":[{"count":1,"href":"https:\/\/ikimisli.tr\/index.php\/wp-json\/wp\/v2\/posts\/14510\/revisions"}],"predecessor-version":[{"id":14512,"href":"https:\/\/ikimisli.tr\/index.php\/wp-json\/wp\/v2\/posts\/14510\/revisions\/14512"}],"wp:featuredmedia":[{"embeddable":true,"href":"https:\/\/ikimisli.tr\/index.php\/wp-json\/wp\/v2\/media\/14511"}],"wp:attachment":[{"href":"https:\/\/ikimisli.tr\/index.php\/wp-json\/wp\/v2\/media?parent=14510"}],"wp:term":[{"taxonomy":"category","embeddable":true,"href":"https:\/\/ikimisli.tr\/index.php\/wp-json\/wp\/v2\/categories?post=14510"},{"taxonomy":"post_tag","embeddable":true,"href":"https:\/\/ikimisli.tr\/index.php\/wp-json\/wp\/v2\/tags?post=14510"}],"curies":[{"name":"wp","href":"https:\/\/api.w.org\/{rel}","templated":true}]}}